{"id":76496,"date":"2021-08-04T21:44:06","date_gmt":"2021-08-04T21:44:06","guid":{"rendered":"http:\/\/folhadosudeste.com\/site\/?p=76496"},"modified":"2021-08-04T21:44:06","modified_gmt":"2021-08-04T21:44:06","slug":"numero-de-pacientes-ativos-da-covid-19-em-muriae-caiu-199-pessoas","status":"publish","type":"post","link":"https:\/\/folhadosudeste.com\/site\/?p=76496","title":{"rendered":"n\u00famero de pacientes ativos da covid-19 em Muria\u00e9 caiu 199 pessoas"},"content":{"rendered":"<div style=\"text-align: justify;\"><a href=\"http:\/\/folhadosudeste.com\/site\/wp-content\/uploads\/2021\/08\/04082021-1.jpg\"><img loading=\"lazy\" decoding=\"async\" class=\"alignnone size-full wp-image-76497\" src=\"http:\/\/folhadosudeste.com\/site\/wp-content\/uploads\/2021\/08\/04082021-1.jpg\" alt=\"\" width=\"1080\" height=\"1080\" srcset=\"https:\/\/folhadosudeste.com\/site\/wp-content\/uploads\/2021\/08\/04082021-1.jpg 1080w, https:\/\/folhadosudeste.com\/site\/wp-content\/uploads\/2021\/08\/04082021-1-150x150.jpg 150w, https:\/\/folhadosudeste.com\/site\/wp-content\/uploads\/2021\/08\/04082021-1-300x300.jpg 300w, https:\/\/folhadosudeste.com\/site\/wp-content\/uploads\/2021\/08\/04082021-1-768x768.jpg 768w, https:\/\/folhadosudeste.com\/site\/wp-content\/uploads\/2021\/08\/04082021-1-1024x1024.jpg 1024w\" sizes=\"auto, (max-width: 1080px) 100vw, 1080px\" \/><\/a><\/div>\n<div style=\"text-align: justify;\">Esta foi a primeira vez nos \u00faltimos 78 dias que o \u00edndice ficou abaixo de 200. Apesar disso, hoje foram confirmados 20 novos casos da doen\u00e7a entre muriaeenses. A faixa et\u00e1ria mais atingida foi a de 50-59 anos, com sete registros.&nbsp;<\/div>\n<div style=\"text-align: justify;\">&nbsp;<\/div>\n<div style=\"text-align: justify;\">Vale lembrar que o grupo desta idade est\u00e1 recebendo a segunda dose de vacina nesta e na pr\u00f3xima semana. Com isso, o n\u00famero de casos entre pessoas de 50 a 59 anos deve passar a cair a partir da segunda quinzena de agosto.<\/div>\n<div style=\"text-align: justify;\">&nbsp;<\/div>\n<div style=\"text-align: justify;\">M\u00e9dia m\u00f3vel &#8211; O \u00edndice m\u00e9dio de casos de covid-19 por dia, quando se considera somente os dados das \u00faltimas duas semanas (tempo de recupera\u00e7\u00e3o da doen\u00e7a para uma pessoa que testou positivo), teve ligeira queda nesta quarta e passou para 23,79.<\/div>\n<p><!--more--><\/p>\n<div style=\"text-align: justify;\">Na compara\u00e7\u00e3o com a m\u00e9dia de 14 dias atr\u00e1s, a atual \u00e9 16,4% maior, o que ainda indica tend\u00eancia de crescimento, por\u00e9m em menor ritmo em rela\u00e7\u00e3o ao que foi observado nos \u00faltimos dias.<\/div>\n<div style=\"text-align: justify;\">&nbsp;<\/div>\n<div style=\"text-align: justify;\">Vacina\u00e7\u00e3o &#8211; Com a chegada de mais imunizantes, a aplica\u00e7\u00e3o de primeira dose est\u00e1 sendo retomada em Muria\u00e9. Na quinta-feira, ser\u00e1 a vez das pessoas de 29 anos e, na sexta, das pessoas de 28 anos.<\/div>\n<div style=\"text-align: justify;\">&nbsp;<\/div>\n<div style=\"text-align: justify;\">J\u00e1 a aplica\u00e7\u00e3o de segunda dose de Astrazeneca, para pessoas da casa dos 50 anos que receberam a primeira dose em maio, segue acontecendo de acordo com o seguinte calend\u00e1rio:<\/div>\n<div style=\"text-align: justify;\">&nbsp;<\/div>\n<div style=\"text-align: justify;\">05\/08 &#8211; segunda dose para quem tomou a primeira em 13\/05<\/div>\n<div style=\"text-align: justify;\">06\/08 &#8211; segunda dose para quem tomou a primeira em 14\/05<\/div>\n<div style=\"text-align: justify;\">&nbsp;<\/div>\n<div style=\"text-align: justify;\">O atendimento tanto para aplica\u00e7\u00e3o de primeira quanto de segunda dose acontece das 8h \u00e0s 11h, nas UBSs dos bairros Dornelas, Padre Tiago, Planalto, Primavera e S\u00e3o Francisco.<\/div>\n<div style=\"text-align: justify;\">&nbsp;<\/div>\n<div style=\"text-align: justify;\">N\u00fameros completos de hoje (04\/08\/2021):<\/div>\n<div style=\"text-align: justify;\">&nbsp;<\/div>\n<div style=\"text-align: justify;\">VACINA\u00c7\u00c3O<\/div>\n<div style=\"text-align: justify;\">Vacinados com uma dose: 63.071 (57,66% da popula\u00e7\u00e3o total)<\/div>\n<div style=\"text-align: justify;\">Vacinados com duas doses ou dose \u00fanica: 27.832 (25,44% da popula\u00e7\u00e3o total)<\/div>\n<div style=\"text-align: justify;\">&nbsp;<\/div>\n<div style=\"text-align: justify;\">PACIENTES<\/div>\n<div style=\"text-align: justify;\">Total de casos confirmados: 11.189 (+20)<\/div>\n<div style=\"text-align: justify;\">Pacientes ativos: 199<\/div>\n<div style=\"text-align: justify;\">Pacientes curados: 10.698<\/div>\n<div style=\"text-align: justify;\">\u00d3bitos: 292<\/div>\n<div style=\"text-align: justify;\">Investigados \/ Monitorados: 66<\/div>\n<div>Negativos: 12.475<\/p>\n<div class=\"yj6qo\" style=\"text-align: justify;\">&nbsp;<\/div>\n<div class=\"adL\" style=\"text-align: justify;\"><a href=\"http:\/\/folhadosudeste.com\/site\/wp-content\/uploads\/2021\/08\/CASOS-DE-COVID-19-EM-MURIA\u00c9-POR-FAIXA-ET\u00c1RIA-04_08_2021.png\"><img loading=\"lazy\" decoding=\"async\" class=\"alignnone size-full wp-image-76498\" src=\"http:\/\/folhadosudeste.com\/site\/wp-content\/uploads\/2021\/08\/CASOS-DE-COVID-19-EM-MURIA\u00c9-POR-FAIXA-ET\u00c1RIA-04_08_2021.png\" alt=\"\" width=\"1044\" height=\"739\" srcset=\"https:\/\/folhadosudeste.com\/site\/wp-content\/uploads\/2021\/08\/CASOS-DE-COVID-19-EM-MURIA\u00c9-POR-FAIXA-ET\u00c1RIA-04_08_2021.png 1044w, https:\/\/folhadosudeste.com\/site\/wp-content\/uploads\/2021\/08\/CASOS-DE-COVID-19-EM-MURIA\u00c9-POR-FAIXA-ET\u00c1RIA-04_08_2021-300x212.png 300w, https:\/\/folhadosudeste.com\/site\/wp-content\/uploads\/2021\/08\/CASOS-DE-COVID-19-EM-MURIA\u00c9-POR-FAIXA-ET\u00c1RIA-04_08_2021-768x544.png 768w, https:\/\/folhadosudeste.com\/site\/wp-content\/uploads\/2021\/08\/CASOS-DE-COVID-19-EM-MURIA\u00c9-POR-FAIXA-ET\u00c1RIA-04_08_2021-1024x725.png 1024w\" sizes=\"auto, (max-width: 1044px) 100vw, 1044px\" \/><\/a> <a href=\"http:\/\/folhadosudeste.com\/site\/wp-content\/uploads\/2021\/08\/M\u00c9DIA-M\u00d3VEL-DE-CASOS-E-\u00d3BITOS-\u00daLTIMOS-14-DIAS-3.png\"><img loading=\"lazy\" decoding=\"async\" class=\"alignnone size-full wp-image-76499\" src=\"http:\/\/folhadosudeste.com\/site\/wp-content\/uploads\/2021\/08\/M\u00c9DIA-M\u00d3VEL-DE-CASOS-E-\u00d3BITOS-\u00daLTIMOS-14-DIAS-3.png\" alt=\"\" width=\"1377\" height=\"756\" srcset=\"https:\/\/folhadosudeste.com\/site\/wp-content\/uploads\/2021\/08\/M\u00c9DIA-M\u00d3VEL-DE-CASOS-E-\u00d3BITOS-\u00daLTIMOS-14-DIAS-3.png 1377w, https:\/\/folhadosudeste.com\/site\/wp-content\/uploads\/2021\/08\/M\u00c9DIA-M\u00d3VEL-DE-CASOS-E-\u00d3BITOS-\u00daLTIMOS-14-DIAS-3-300x165.png 300w, https:\/\/folhadosudeste.com\/site\/wp-content\/uploads\/2021\/08\/M\u00c9DIA-M\u00d3VEL-DE-CASOS-E-\u00d3BITOS-\u00daLTIMOS-14-DIAS-3-768x422.png 768w, https:\/\/folhadosudeste.com\/site\/wp-content\/uploads\/2021\/08\/M\u00c9DIA-M\u00d3VEL-DE-CASOS-E-\u00d3BITOS-\u00daLTIMOS-14-DIAS-3-1024x562.png 1024w\" sizes=\"auto, (max-width: 1377px) 100vw, 1377px\" \/><\/a><\/div>\n<\/div>\n","protected":false},"excerpt":{"rendered":"<p>Esta foi a primeira vez nos \u00faltimos 78 dias que o \u00edndice ficou abaixo de 200. Apesar disso, hoje foram confirmados 20 novos casos da doen\u00e7a entre muriaeenses. A faixa et\u00e1ria mais atingida foi a de 50-59 anos, com sete registros.&nbsp; &nbsp; Vale lembrar que o grupo desta idade est\u00e1 recebendo a segunda dose de [&hellip;]<\/p>\n","protected":false},"author":6,"featured_media":0,"comment_status":"open","ping_status":"closed","sticky":false,"template":"","format":"standard","meta":{"_joinchat":[],"footnotes":""},"categories":[1],"tags":[],"class_list":["post-76496","post","type-post","status-publish","format-standard","hentry","category-sem-categoria"],"_links":{"self":[{"href":"https:\/\/folhadosudeste.com\/site\/index.php?rest_route=\/wp\/v2\/posts\/76496","targetHints":{"allow":["GET"]}}],"collection":[{"href":"https:\/\/folhadosudeste.com\/site\/index.php?rest_route=\/wp\/v2\/posts"}],"about":[{"href":"https:\/\/folhadosudeste.com\/site\/index.php?rest_route=\/wp\/v2\/types\/post"}],"author":[{"embeddable":true,"href":"https:\/\/folhadosudeste.com\/site\/index.php?rest_route=\/wp\/v2\/users\/6"}],"replies":[{"embeddable":true,"href":"https:\/\/folhadosudeste.com\/site\/index.php?rest_route=%2Fwp%2Fv2%2Fcomments&post=76496"}],"version-history":[{"count":1,"href":"https:\/\/folhadosudeste.com\/site\/index.php?rest_route=\/wp\/v2\/posts\/76496\/revisions"}],"predecessor-version":[{"id":76500,"href":"https:\/\/folhadosudeste.com\/site\/index.php?rest_route=\/wp\/v2\/posts\/76496\/revisions\/76500"}],"wp:attachment":[{"href":"https:\/\/folhadosudeste.com\/site\/index.php?rest_route=%2Fwp%2Fv2%2Fmedia&parent=76496"}],"wp:term":[{"taxonomy":"category","embeddable":true,"href":"https:\/\/folhadosudeste.com\/site\/index.php?rest_route=%2Fwp%2Fv2%2Fcategories&post=76496"},{"taxonomy":"post_tag","embeddable":true,"href":"https:\/\/folhadosudeste.com\/site\/index.php?rest_route=%2Fwp%2Fv2%2Ftags&post=76496"}],"curies":[{"name":"wp","href":"https:\/\/api.w.org\/{rel}","templated":true}]}}