{"id":76509,"date":"2021-08-05T18:49:32","date_gmt":"2021-08-05T18:49:32","guid":{"rendered":"http:\/\/folhadosudeste.com\/site\/?p=76509"},"modified":"2021-08-05T18:49:32","modified_gmt":"2021-08-05T18:49:32","slug":"site-silvan-alves-homenageado-com-a-medalha-merito-marechal-castelo-branco-da-abrammil","status":"publish","type":"post","link":"https:\/\/folhadosudeste.com\/site\/?p=76509","title":{"rendered":"Site Silvan Alves homenageado com a Medalha M\u00e9rito Marechal Castelo Branco da ABRAMMIL"},"content":{"rendered":"<p style=\"text-align: justify;\"><a href=\"http:\/\/folhadosudeste.com\/site\/wp-content\/uploads\/2021\/08\/DSC_0164_707x471-1-707x405.jpg\"><img loading=\"lazy\" decoding=\"async\" class=\"alignnone size-full wp-image-76510\" src=\"http:\/\/folhadosudeste.com\/site\/wp-content\/uploads\/2021\/08\/DSC_0164_707x471-1-707x405.jpg\" alt=\"\" width=\"707\" height=\"405\" srcset=\"https:\/\/folhadosudeste.com\/site\/wp-content\/uploads\/2021\/08\/DSC_0164_707x471-1-707x405.jpg 707w, https:\/\/folhadosudeste.com\/site\/wp-content\/uploads\/2021\/08\/DSC_0164_707x471-1-707x405-300x172.jpg 300w\" sizes=\"auto, (max-width: 707px) 100vw, 707px\" \/><\/a><\/p>\n<p style=\"text-align: justify;\"><strong>ABRAMMIL \u2013 ACADEMIA BRASILEIRA DE MEDALH\u00cdSTICA MILITAR \u2013 RECONHECIDA EM MG E NO BRASIL \u2013 15\u00aa EDI\u00c7\u00c3O.&nbsp;<\/strong>Foi realizada na manh\u00e3 desta ter\u00e7a-feira, 03 de agosto, no Audit\u00f3rio do Banco Desenvolvimento de Minas Gerais (BDMG), a Solenidade de Entrega de Medalhas da ACADEMIA BRASILEIRA DE MEDALH\u00cdSTICA MILITAR (ABRAMMIL), criada em 01 de mar\u00e7o de 2007 e que tem como Patrono, D. Jo\u00e3o VI. \u00c9 tamb\u00e9m Utilidade P\u00fablica Estadual RJ e cadastrada na Uni\u00e3o Europeia e na Organiza\u00e7\u00e3o das Na\u00e7\u00f5es Unidas.<\/p>\n<p style=\"text-align: justify;\">Conduzindo a solenidade estava o Acad\u00eamico Benem\u00e9rito, Presidente da ABRAMMIL, Coronel R\u00e9gis Lermen e compondo a mesa de trabalho as seguintes autoridades: o Vice-Governador, Paulo Brant; Comandante Geral da PMMG, Cel. Rodrigo Sousa Rodrigues; o Cel. Osvaldo de Souza Marques; a delegada de Pol\u00edcia Civil de MG, Dra. Venina Ign\u00e1cia Leite da Cunha Pereira; o empres\u00e1rio e prefeito de Betim, Vittorio Medioli e o Deputado Federal, Bilac Pinto.<\/p>\n<p style=\"text-align: justify;\"><!--more--><\/p>\n<p style=\"text-align: justify;\">O Site Silvan Alves, muriaeense, criado h\u00e1 14 anos, foi condecorado com a Medalha&nbsp;<strong>\u201cM\u00c9RITO MARECHAL CASTELO BRANCO\u201d.<\/strong>&nbsp;A referida medalha \u00e9 concedida a pessoas e institui\u00e7\u00f5es pelos relevantes servi\u00e7os prestados \u00e0 na\u00e7\u00e3o e em reconhecimento pelos seus atos merit\u00f3rios e c\u00edvicos, que com f\u00e9 e coragem cultuam os mais elevados ideais patri\u00f3ticos. Foi indica\u00e7\u00e3o do vice-governador, Dr. Paulo Brant e endossada pelo militar, Major J\u00falio Cezar Vilela Pereira (Gabinete Militar do Governador \u2013 Ajudante de Ordens do Vice-Governador), pelos trabalhos prestados aqui na regi\u00e3o de Muria\u00e9, como incentivo ao turismo, destaques \u00e0s atividades rurais e do meio ambiente, entre outras a\u00e7\u00f5es voltadas ao desenvolvimento regional.<\/p>\n<p style=\"text-align: justify;\">\u201cAgrade\u00e7o pela tamanha honraria e dedico \u00e0 minha fam\u00edlia, a meu funcion\u00e1rio Marcus Fabr\u00edcio de Lacerda e Furtado, aos meus colaboradores, apoiadores, patrocinadores, incentivadores, a comunidade em geral e a todas as pessoas que vem trabalhando para fomentar o turismo em nossa regi\u00e3o (guias tur\u00edsticos, poder p\u00fablico municipal, a\u00e7\u00f5es privadas, grupos de aventuras\u2026), e o resultado j\u00e1 come\u00e7a aparecer. Agrade\u00e7o tamb\u00e9m ao Vice-Governador, Dr. Paulo Brant, ao Major Vilela e \u00e0 ABRAMMIL, atrav\u00e9s de seu presidente, Cel. R\u00e9gis Lermen, pelo reconhecimento e carinho para com o interior mineiro\u201d.<\/p>\n<p style=\"text-align: justify;\"><a href=\"http:\/\/folhadosudeste.com\/site\/wp-content\/uploads\/2021\/08\/DSC_0227_707x471.jpg\"><img loading=\"lazy\" decoding=\"async\" class=\"alignnone size-full wp-image-76511\" src=\"http:\/\/folhadosudeste.com\/site\/wp-content\/uploads\/2021\/08\/DSC_0227_707x471.jpg\" alt=\"\" width=\"707\" height=\"471\" srcset=\"https:\/\/folhadosudeste.com\/site\/wp-content\/uploads\/2021\/08\/DSC_0227_707x471.jpg 707w, https:\/\/folhadosudeste.com\/site\/wp-content\/uploads\/2021\/08\/DSC_0227_707x471-300x200.jpg 300w, https:\/\/folhadosudeste.com\/site\/wp-content\/uploads\/2021\/08\/DSC_0227_707x471-120x80.jpg 120w, https:\/\/folhadosudeste.com\/site\/wp-content\/uploads\/2021\/08\/DSC_0227_707x471-345x230.jpg 345w\" sizes=\"auto, (max-width: 707px) 100vw, 707px\" \/><\/a><\/p>\n<pre><em>O Vice-Governador, Paulo Brant e o Cel. R\u00e9gis Lermen (ABRAMMIL)<\/em><\/pre>\n<p style=\"text-align: justify;\"><a href=\"http:\/\/folhadosudeste.com\/site\/wp-content\/uploads\/2021\/08\/DSC_0093_707x471.jpg\"><img loading=\"lazy\" decoding=\"async\" class=\"alignnone size-full wp-image-76512\" src=\"http:\/\/folhadosudeste.com\/site\/wp-content\/uploads\/2021\/08\/DSC_0093_707x471.jpg\" alt=\"\" width=\"707\" height=\"471\" srcset=\"https:\/\/folhadosudeste.com\/site\/wp-content\/uploads\/2021\/08\/DSC_0093_707x471.jpg 707w, https:\/\/folhadosudeste.com\/site\/wp-content\/uploads\/2021\/08\/DSC_0093_707x471-300x200.jpg 300w, https:\/\/folhadosudeste.com\/site\/wp-content\/uploads\/2021\/08\/DSC_0093_707x471-120x80.jpg 120w, https:\/\/folhadosudeste.com\/site\/wp-content\/uploads\/2021\/08\/DSC_0093_707x471-345x230.jpg 345w\" sizes=\"auto, (max-width: 707px) 100vw, 707px\" \/><\/a> <a href=\"http:\/\/folhadosudeste.com\/site\/wp-content\/uploads\/2021\/08\/DSC_0244_707x234.jpg\"><img loading=\"lazy\" decoding=\"async\" class=\"alignnone size-full wp-image-76513\" src=\"http:\/\/folhadosudeste.com\/site\/wp-content\/uploads\/2021\/08\/DSC_0244_707x234.jpg\" alt=\"\" width=\"707\" height=\"234\" srcset=\"https:\/\/folhadosudeste.com\/site\/wp-content\/uploads\/2021\/08\/DSC_0244_707x234.jpg 707w, https:\/\/folhadosudeste.com\/site\/wp-content\/uploads\/2021\/08\/DSC_0244_707x234-300x99.jpg 300w\" sizes=\"auto, (max-width: 707px) 100vw, 707px\" \/><\/a><\/p>\n<pre><em>Os homenageadas da ABRAMMIL<\/em><\/pre>\n<p style=\"text-align: justify;\"><a href=\"http:\/\/folhadosudeste.com\/site\/wp-content\/uploads\/2021\/08\/DSC_0057_707x471-1.jpg\"><img loading=\"lazy\" decoding=\"async\" class=\"alignnone size-full wp-image-76514\" src=\"http:\/\/folhadosudeste.com\/site\/wp-content\/uploads\/2021\/08\/DSC_0057_707x471-1.jpg\" alt=\"\" width=\"707\" height=\"471\" srcset=\"https:\/\/folhadosudeste.com\/site\/wp-content\/uploads\/2021\/08\/DSC_0057_707x471-1.jpg 707w, https:\/\/folhadosudeste.com\/site\/wp-content\/uploads\/2021\/08\/DSC_0057_707x471-1-300x200.jpg 300w, https:\/\/folhadosudeste.com\/site\/wp-content\/uploads\/2021\/08\/DSC_0057_707x471-1-120x80.jpg 120w, https:\/\/folhadosudeste.com\/site\/wp-content\/uploads\/2021\/08\/DSC_0057_707x471-1-345x230.jpg 345w\" sizes=\"auto, (max-width: 707px) 100vw, 707px\" \/><\/a><\/p>\n<pre id=\"attachment_392513\" class=\"wp-caption alignnone\"><em>Composi\u00e7\u00e3o da Mesa de Trabalho<\/em><\/pre>\n<p style=\"text-align: justify;\"><a href=\"http:\/\/folhadosudeste.com\/site\/wp-content\/uploads\/2021\/08\/DSC_0034_707x471.jpg\"><img loading=\"lazy\" decoding=\"async\" class=\"alignnone size-full wp-image-76515\" src=\"http:\/\/folhadosudeste.com\/site\/wp-content\/uploads\/2021\/08\/DSC_0034_707x471.jpg\" alt=\"\" width=\"707\" height=\"471\" srcset=\"https:\/\/folhadosudeste.com\/site\/wp-content\/uploads\/2021\/08\/DSC_0034_707x471.jpg 707w, https:\/\/folhadosudeste.com\/site\/wp-content\/uploads\/2021\/08\/DSC_0034_707x471-300x200.jpg 300w, https:\/\/folhadosudeste.com\/site\/wp-content\/uploads\/2021\/08\/DSC_0034_707x471-120x80.jpg 120w, https:\/\/folhadosudeste.com\/site\/wp-content\/uploads\/2021\/08\/DSC_0034_707x471-345x230.jpg 345w\" sizes=\"auto, (max-width: 707px) 100vw, 707px\" \/><\/a> <a href=\"http:\/\/folhadosudeste.com\/site\/wp-content\/uploads\/2021\/08\/DSC00663_504x530.jpg\"><img loading=\"lazy\" decoding=\"async\" class=\"alignnone size-full wp-image-76516\" src=\"http:\/\/folhadosudeste.com\/site\/wp-content\/uploads\/2021\/08\/DSC00663_504x530.jpg\" alt=\"\" width=\"504\" height=\"530\" srcset=\"https:\/\/folhadosudeste.com\/site\/wp-content\/uploads\/2021\/08\/DSC00663_504x530.jpg 504w, https:\/\/folhadosudeste.com\/site\/wp-content\/uploads\/2021\/08\/DSC00663_504x530-285x300.jpg 285w\" sizes=\"auto, (max-width: 504px) 100vw, 504px\" \/><\/a> <a href=\"http:\/\/folhadosudeste.com\/site\/wp-content\/uploads\/2021\/08\/DSC_0176_707x471.jpg\"><img loading=\"lazy\" decoding=\"async\" class=\"alignnone size-full wp-image-76517\" src=\"http:\/\/folhadosudeste.com\/site\/wp-content\/uploads\/2021\/08\/DSC_0176_707x471.jpg\" alt=\"\" width=\"707\" height=\"471\" srcset=\"https:\/\/folhadosudeste.com\/site\/wp-content\/uploads\/2021\/08\/DSC_0176_707x471.jpg 707w, https:\/\/folhadosudeste.com\/site\/wp-content\/uploads\/2021\/08\/DSC_0176_707x471-300x200.jpg 300w, https:\/\/folhadosudeste.com\/site\/wp-content\/uploads\/2021\/08\/DSC_0176_707x471-120x80.jpg 120w, https:\/\/folhadosudeste.com\/site\/wp-content\/uploads\/2021\/08\/DSC_0176_707x471-345x230.jpg 345w\" sizes=\"auto, (max-width: 707px) 100vw, 707px\" \/><\/a><\/p>\n<pre id=\"attachment_392532\" class=\"wp-caption alignnone\"><em>Com o Presidente da ABRAMMIL, Cel. R\u00e9gis Lermen<\/em><\/pre>\n<p style=\"text-align: justify;\"><a href=\"http:\/\/folhadosudeste.com\/site\/wp-content\/uploads\/2021\/08\/DSC_0241_707x471-1.jpg\"><img loading=\"lazy\" decoding=\"async\" class=\"alignnone size-full wp-image-76519\" src=\"http:\/\/folhadosudeste.com\/site\/wp-content\/uploads\/2021\/08\/DSC_0241_707x471-1.jpg\" alt=\"\" width=\"707\" height=\"471\" srcset=\"https:\/\/folhadosudeste.com\/site\/wp-content\/uploads\/2021\/08\/DSC_0241_707x471-1.jpg 707w, https:\/\/folhadosudeste.com\/site\/wp-content\/uploads\/2021\/08\/DSC_0241_707x471-1-300x200.jpg 300w, https:\/\/folhadosudeste.com\/site\/wp-content\/uploads\/2021\/08\/DSC_0241_707x471-1-120x80.jpg 120w, https:\/\/folhadosudeste.com\/site\/wp-content\/uploads\/2021\/08\/DSC_0241_707x471-1-345x230.jpg 345w\" sizes=\"auto, (max-width: 707px) 100vw, 707px\" \/><\/a><\/p>\n<pre id=\"attachment_392545\" class=\"wp-caption alignnone\"><em>Major Vilela, Paulo Brant, Silvan Alves e Cel. R\u00e9gis Lermen<\/em><\/pre>\n<p style=\"text-align: justify;\"><a href=\"http:\/\/folhadosudeste.com\/site\/wp-content\/uploads\/2021\/08\/DSC_0248_654x530.jpg\"><img loading=\"lazy\" decoding=\"async\" class=\"alignnone size-full wp-image-76520\" src=\"http:\/\/folhadosudeste.com\/site\/wp-content\/uploads\/2021\/08\/DSC_0248_654x530.jpg\" alt=\"\" width=\"654\" height=\"530\" srcset=\"https:\/\/folhadosudeste.com\/site\/wp-content\/uploads\/2021\/08\/DSC_0248_654x530.jpg 654w, https:\/\/folhadosudeste.com\/site\/wp-content\/uploads\/2021\/08\/DSC_0248_654x530-300x243.jpg 300w\" sizes=\"auto, (max-width: 654px) 100vw, 654px\" \/><\/a><\/p>\n<pre><em>Com o Major Vilela, o Cel. Rodrigo Sousa Rodrigues (Comandante Geral da PMMG); Cel. Eduardo Felisberto Alves e o Acad\u00eamico Benem\u00e9rito, Presidente da ABRAMMIL, Coronel R\u00e9gis Lermen<\/em><\/pre>\n<p style=\"text-align: justify;\"><a href=\"http:\/\/folhadosudeste.com\/site\/wp-content\/uploads\/2021\/08\/medalha_707x386.jpg\"><img loading=\"lazy\" decoding=\"async\" class=\"alignnone size-full wp-image-76521\" src=\"http:\/\/folhadosudeste.com\/site\/wp-content\/uploads\/2021\/08\/medalha_707x386.jpg\" alt=\"\" width=\"707\" height=\"386\" srcset=\"https:\/\/folhadosudeste.com\/site\/wp-content\/uploads\/2021\/08\/medalha_707x386.jpg 707w, https:\/\/folhadosudeste.com\/site\/wp-content\/uploads\/2021\/08\/medalha_707x386-300x164.jpg 300w\" sizes=\"auto, (max-width: 707px) 100vw, 707px\" \/><\/a><\/p>\n<p style=\"text-align: justify;\"><em>Militares tamb\u00e9m homenageados com a Medalha Castelo Branco<\/p>\n<p>A Zona da Mata mineira teve outros dois homenageados: o Major J\u00falio Cezar Vilela Pereira da PMMG, que \u00e9 de nossa regi\u00e3o, de Bar\u00e3o do Monte Alto, atualmente no Gabinete Militar do Governador (Ajudante de Ordens do Vice-Governador), condecorado com a Medalha&nbsp;<strong>\u201cM\u00c9RITO JUSCELINO KUBSTCHEK\u201d<\/strong>&nbsp;e Silv\u00e9rio Soares de Azevedo, Professor e Bacharel em Direito, tamb\u00e9m de Bar\u00e3o do Monte Alto, condecorado com a Medalha&nbsp;<strong>\u201cM\u00c9RITO C\u00cdVICO MILITAR\u201d.<\/strong><br \/>\n<\/em><\/p>\n<p style=\"text-align: justify;\"><a href=\"http:\/\/folhadosudeste.com\/site\/wp-content\/uploads\/2021\/08\/DSC_0110_707x471.jpg\"><img loading=\"lazy\" decoding=\"async\" class=\"alignnone size-full wp-image-76522\" src=\"http:\/\/folhadosudeste.com\/site\/wp-content\/uploads\/2021\/08\/DSC_0110_707x471.jpg\" alt=\"\" width=\"707\" height=\"471\" srcset=\"https:\/\/folhadosudeste.com\/site\/wp-content\/uploads\/2021\/08\/DSC_0110_707x471.jpg 707w, https:\/\/folhadosudeste.com\/site\/wp-content\/uploads\/2021\/08\/DSC_0110_707x471-300x200.jpg 300w, https:\/\/folhadosudeste.com\/site\/wp-content\/uploads\/2021\/08\/DSC_0110_707x471-120x80.jpg 120w, https:\/\/folhadosudeste.com\/site\/wp-content\/uploads\/2021\/08\/DSC_0110_707x471-345x230.jpg 345w\" sizes=\"auto, (max-width: 707px) 100vw, 707px\" \/><\/a><\/p>\n<pre><em>Presidente da ABRAMMIL, Coronel R\u00e9gis Lermen e Major Vilela<\/em><\/pre>\n<p style=\"text-align: justify;\"><a href=\"http:\/\/folhadosudeste.com\/site\/wp-content\/uploads\/2021\/08\/DSC_0116_707x420.jpg\"><img loading=\"lazy\" decoding=\"async\" class=\"alignnone size-full wp-image-76523\" src=\"http:\/\/folhadosudeste.com\/site\/wp-content\/uploads\/2021\/08\/DSC_0116_707x420.jpg\" alt=\"\" width=\"707\" height=\"420\" srcset=\"https:\/\/folhadosudeste.com\/site\/wp-content\/uploads\/2021\/08\/DSC_0116_707x420.jpg 707w, https:\/\/folhadosudeste.com\/site\/wp-content\/uploads\/2021\/08\/DSC_0116_707x420-300x178.jpg 300w\" sizes=\"auto, (max-width: 707px) 100vw, 707px\" \/><\/a> <a href=\"http:\/\/folhadosudeste.com\/site\/wp-content\/uploads\/2021\/08\/DSC_0119_707x471.jpg\"><img loading=\"lazy\" decoding=\"async\" class=\"alignnone size-full wp-image-76524\" src=\"http:\/\/folhadosudeste.com\/site\/wp-content\/uploads\/2021\/08\/DSC_0119_707x471.jpg\" alt=\"\" width=\"707\" height=\"471\" srcset=\"https:\/\/folhadosudeste.com\/site\/wp-content\/uploads\/2021\/08\/DSC_0119_707x471.jpg 707w, https:\/\/folhadosudeste.com\/site\/wp-content\/uploads\/2021\/08\/DSC_0119_707x471-300x200.jpg 300w, https:\/\/folhadosudeste.com\/site\/wp-content\/uploads\/2021\/08\/DSC_0119_707x471-120x80.jpg 120w, https:\/\/folhadosudeste.com\/site\/wp-content\/uploads\/2021\/08\/DSC_0119_707x471-345x230.jpg 345w\" sizes=\"auto, (max-width: 707px) 100vw, 707px\" \/><\/a><\/p>\n<p style=\"text-align: justify;\"><strong>HOMENAGEADOS, INDICA\u00c7\u00c3O GOVERNO:<\/strong>&nbsp;Dr. Paulo Eduardo Rocha Brant, Vice-Governador \u2013 Medalha JK; Otto Levy, Empres\u00e1rio, Medalha JK; Major J\u00falio Cezar Vilela Pereira, PMMG \u2013 Medalha JK; Cel. Rodrigo Sousa Rodrigues, Comandante Geral da PMMG \u2013 Medalha Grau Comendador; Cel. Osvaldo de Souza Marques da PMMG \u2013 Medalha Grau Comendador; Olavo Bilac Pinto Neto, Deputado Federal, empres\u00e1rio \u2013 Medalha M\u00e9rito C\u00edvico Militar; Silv\u00e9rio Soares de Azevedo, Professor, Bacharel Direito \u2013 Medalha M\u00e9rito C\u00edvico Militar; Vittorio Medioli, Prefeito de Betim, Empres\u00e1rio \u2013 Medalha Tributo \u00e0 Batalha de Montese; Paulo Abi-Ackel, Deputado Federal \u2013 Medalha Tributo \u00e0 Batalha de Montese; Cel. Eduardo Felisberto Alves, PMMG \u2013 Medalha Tributo \u00e0 Batalha de Montese; Silvan Alves da Silva, Jornalista, Comunicador \u2013 Medalha Marechal Castelo Branco; Ten. Cel. Cleverson Natal de Oliveira, PMMG \u2013 Medalha Marechal Castelo Branco.<\/p>\n<p style=\"text-align: justify;\"><strong>HOMENAGEADOS, INDICA\u00c7\u00c3O ACAD\u00caMICOS:<\/strong>&nbsp;Braulino Te\u00f3filo Filho, Empres\u00e1rio, Jornalista \u2013 Medalha JK; Dra. Jacqueline de Oliveira Ferraz, Delegada de Pol\u00edcia Civil de MG \u2013 Medalha M\u00e9rito C\u00edvico Militar; Dra. Venina Ign\u00e1cia Leite da Cunha Pereira, Delegada de Pol\u00edcia Civil MG \u2013 Medalha Tributo \u00e0 Batalha de Montese; Maj. Paulo Roberto Bermudes Rezende, PMMG \u2013 Medalha Marechal Castelo Branco; 1\u00ba Ten. Pedro Paulo Pereira Alves, PMMG \u2013 Medalha Marechal Castelo Branco.<\/p>\n<p style=\"text-align: justify;\">&nbsp;<\/p>\n<p style=\"text-align: justify;\"><a href=\"http:\/\/folhadosudeste.com\/site\/wp-content\/uploads\/2021\/08\/DSC_0195_707x471.jpg\"><img loading=\"lazy\" decoding=\"async\" class=\"alignnone size-full wp-image-76525\" src=\"http:\/\/folhadosudeste.com\/site\/wp-content\/uploads\/2021\/08\/DSC_0195_707x471.jpg\" alt=\"\" width=\"707\" height=\"471\" srcset=\"https:\/\/folhadosudeste.com\/site\/wp-content\/uploads\/2021\/08\/DSC_0195_707x471.jpg 707w, https:\/\/folhadosudeste.com\/site\/wp-content\/uploads\/2021\/08\/DSC_0195_707x471-300x200.jpg 300w, https:\/\/folhadosudeste.com\/site\/wp-content\/uploads\/2021\/08\/DSC_0195_707x471-120x80.jpg 120w, https:\/\/folhadosudeste.com\/site\/wp-content\/uploads\/2021\/08\/DSC_0195_707x471-345x230.jpg 345w\" sizes=\"auto, (max-width: 707px) 100vw, 707px\" \/><\/a> <a href=\"http:\/\/folhadosudeste.com\/site\/wp-content\/uploads\/2021\/08\/DSC_0201_707x471.jpg\"><img loading=\"lazy\" decoding=\"async\" class=\"alignnone size-full wp-image-76526\" src=\"http:\/\/folhadosudeste.com\/site\/wp-content\/uploads\/2021\/08\/DSC_0201_707x471.jpg\" alt=\"\" width=\"707\" height=\"471\" srcset=\"https:\/\/folhadosudeste.com\/site\/wp-content\/uploads\/2021\/08\/DSC_0201_707x471.jpg 707w, https:\/\/folhadosudeste.com\/site\/wp-content\/uploads\/2021\/08\/DSC_0201_707x471-300x200.jpg 300w, https:\/\/folhadosudeste.com\/site\/wp-content\/uploads\/2021\/08\/DSC_0201_707x471-120x80.jpg 120w, https:\/\/folhadosudeste.com\/site\/wp-content\/uploads\/2021\/08\/DSC_0201_707x471-345x230.jpg 345w\" sizes=\"auto, (max-width: 707px) 100vw, 707px\" \/><\/a> <a href=\"http:\/\/folhadosudeste.com\/site\/wp-content\/uploads\/2021\/08\/DSC_0010_707x471.jpg\"><img loading=\"lazy\" decoding=\"async\" class=\"alignnone size-full wp-image-76527\" src=\"http:\/\/folhadosudeste.com\/site\/wp-content\/uploads\/2021\/08\/DSC_0010_707x471.jpg\" alt=\"\" width=\"707\" height=\"471\" srcset=\"https:\/\/folhadosudeste.com\/site\/wp-content\/uploads\/2021\/08\/DSC_0010_707x471.jpg 707w, https:\/\/folhadosudeste.com\/site\/wp-content\/uploads\/2021\/08\/DSC_0010_707x471-300x200.jpg 300w, https:\/\/folhadosudeste.com\/site\/wp-content\/uploads\/2021\/08\/DSC_0010_707x471-120x80.jpg 120w, https:\/\/folhadosudeste.com\/site\/wp-content\/uploads\/2021\/08\/DSC_0010_707x471-345x230.jpg 345w\" sizes=\"auto, (max-width: 707px) 100vw, 707px\" \/><\/a> <a href=\"http:\/\/folhadosudeste.com\/site\/wp-content\/uploads\/2021\/08\/DSC_0018_707x471-1.jpg\"><img loading=\"lazy\" decoding=\"async\" class=\"alignnone size-full wp-image-76528\" src=\"http:\/\/folhadosudeste.com\/site\/wp-content\/uploads\/2021\/08\/DSC_0018_707x471-1.jpg\" alt=\"\" width=\"707\" height=\"471\" srcset=\"https:\/\/folhadosudeste.com\/site\/wp-content\/uploads\/2021\/08\/DSC_0018_707x471-1.jpg 707w, https:\/\/folhadosudeste.com\/site\/wp-content\/uploads\/2021\/08\/DSC_0018_707x471-1-300x200.jpg 300w, https:\/\/folhadosudeste.com\/site\/wp-content\/uploads\/2021\/08\/DSC_0018_707x471-1-120x80.jpg 120w, https:\/\/folhadosudeste.com\/site\/wp-content\/uploads\/2021\/08\/DSC_0018_707x471-1-345x230.jpg 345w\" sizes=\"auto, (max-width: 707px) 100vw, 707px\" \/><\/a> <a href=\"http:\/\/folhadosudeste.com\/site\/wp-content\/uploads\/2021\/08\/DSC_0048_707x471.jpg\"><img loading=\"lazy\" decoding=\"async\" class=\"alignnone size-full wp-image-76529\" src=\"http:\/\/folhadosudeste.com\/site\/wp-content\/uploads\/2021\/08\/DSC_0048_707x471.jpg\" alt=\"\" width=\"707\" height=\"471\" srcset=\"https:\/\/folhadosudeste.com\/site\/wp-content\/uploads\/2021\/08\/DSC_0048_707x471.jpg 707w, https:\/\/folhadosudeste.com\/site\/wp-content\/uploads\/2021\/08\/DSC_0048_707x471-300x200.jpg 300w, https:\/\/folhadosudeste.com\/site\/wp-content\/uploads\/2021\/08\/DSC_0048_707x471-120x80.jpg 120w, https:\/\/folhadosudeste.com\/site\/wp-content\/uploads\/2021\/08\/DSC_0048_707x471-345x230.jpg 345w\" sizes=\"auto, (max-width: 707px) 100vw, 707px\" \/><\/a> <a href=\"http:\/\/folhadosudeste.com\/site\/wp-content\/uploads\/2021\/08\/DSC_0087_707x471.jpg\"><img loading=\"lazy\" decoding=\"async\" class=\"alignnone size-full wp-image-76530\" src=\"http:\/\/folhadosudeste.com\/site\/wp-content\/uploads\/2021\/08\/DSC_0087_707x471.jpg\" alt=\"\" width=\"707\" height=\"471\" srcset=\"https:\/\/folhadosudeste.com\/site\/wp-content\/uploads\/2021\/08\/DSC_0087_707x471.jpg 707w, https:\/\/folhadosudeste.com\/site\/wp-content\/uploads\/2021\/08\/DSC_0087_707x471-300x200.jpg 300w, https:\/\/folhadosudeste.com\/site\/wp-content\/uploads\/2021\/08\/DSC_0087_707x471-120x80.jpg 120w, https:\/\/folhadosudeste.com\/site\/wp-content\/uploads\/2021\/08\/DSC_0087_707x471-345x230.jpg 345w\" sizes=\"auto, (max-width: 707px) 100vw, 707px\" \/><\/a> <a href=\"http:\/\/folhadosudeste.com\/site\/wp-content\/uploads\/2021\/08\/DSC_0169_707x471-1.jpg\"><img loading=\"lazy\" decoding=\"async\" class=\"alignnone size-full wp-image-76531\" src=\"http:\/\/folhadosudeste.com\/site\/wp-content\/uploads\/2021\/08\/DSC_0169_707x471-1.jpg\" alt=\"\" width=\"707\" height=\"471\" srcset=\"https:\/\/folhadosudeste.com\/site\/wp-content\/uploads\/2021\/08\/DSC_0169_707x471-1.jpg 707w, https:\/\/folhadosudeste.com\/site\/wp-content\/uploads\/2021\/08\/DSC_0169_707x471-1-300x200.jpg 300w, https:\/\/folhadosudeste.com\/site\/wp-content\/uploads\/2021\/08\/DSC_0169_707x471-1-120x80.jpg 120w, https:\/\/folhadosudeste.com\/site\/wp-content\/uploads\/2021\/08\/DSC_0169_707x471-1-345x230.jpg 345w\" sizes=\"auto, (max-width: 707px) 100vw, 707px\" \/><\/a> <a href=\"http:\/\/folhadosudeste.com\/site\/wp-content\/uploads\/2021\/08\/DSC_0177_707x471.jpg\"><img loading=\"lazy\" decoding=\"async\" class=\"alignnone size-full wp-image-76532\" src=\"http:\/\/folhadosudeste.com\/site\/wp-content\/uploads\/2021\/08\/DSC_0177_707x471.jpg\" alt=\"\" width=\"707\" height=\"471\" srcset=\"https:\/\/folhadosudeste.com\/site\/wp-content\/uploads\/2021\/08\/DSC_0177_707x471.jpg 707w, https:\/\/folhadosudeste.com\/site\/wp-content\/uploads\/2021\/08\/DSC_0177_707x471-300x200.jpg 300w, https:\/\/folhadosudeste.com\/site\/wp-content\/uploads\/2021\/08\/DSC_0177_707x471-120x80.jpg 120w, https:\/\/folhadosudeste.com\/site\/wp-content\/uploads\/2021\/08\/DSC_0177_707x471-345x230.jpg 345w\" sizes=\"auto, (max-width: 707px) 100vw, 707px\" \/><\/a> <a href=\"http:\/\/folhadosudeste.com\/site\/wp-content\/uploads\/2021\/08\/DSC_0208_707x471.jpg\"><img loading=\"lazy\" decoding=\"async\" class=\"alignnone size-full wp-image-76533\" src=\"http:\/\/folhadosudeste.com\/site\/wp-content\/uploads\/2021\/08\/DSC_0208_707x471.jpg\" alt=\"\" width=\"707\" height=\"471\" srcset=\"https:\/\/folhadosudeste.com\/site\/wp-content\/uploads\/2021\/08\/DSC_0208_707x471.jpg 707w, https:\/\/folhadosudeste.com\/site\/wp-content\/uploads\/2021\/08\/DSC_0208_707x471-300x200.jpg 300w, https:\/\/folhadosudeste.com\/site\/wp-content\/uploads\/2021\/08\/DSC_0208_707x471-120x80.jpg 120w, https:\/\/folhadosudeste.com\/site\/wp-content\/uploads\/2021\/08\/DSC_0208_707x471-345x230.jpg 345w\" sizes=\"auto, (max-width: 707px) 100vw, 707px\" \/><\/a> <a href=\"http:\/\/folhadosudeste.com\/site\/wp-content\/uploads\/2021\/08\/DSC_0222_707x471.jpg\"><img loading=\"lazy\" decoding=\"async\" class=\"alignnone size-full wp-image-76534\" src=\"http:\/\/folhadosudeste.com\/site\/wp-content\/uploads\/2021\/08\/DSC_0222_707x471.jpg\" alt=\"\" width=\"707\" height=\"471\" srcset=\"https:\/\/folhadosudeste.com\/site\/wp-content\/uploads\/2021\/08\/DSC_0222_707x471.jpg 707w, https:\/\/folhadosudeste.com\/site\/wp-content\/uploads\/2021\/08\/DSC_0222_707x471-300x200.jpg 300w, https:\/\/folhadosudeste.com\/site\/wp-content\/uploads\/2021\/08\/DSC_0222_707x471-120x80.jpg 120w, https:\/\/folhadosudeste.com\/site\/wp-content\/uploads\/2021\/08\/DSC_0222_707x471-345x230.jpg 345w\" sizes=\"auto, (max-width: 707px) 100vw, 707px\" \/><\/a> <a href=\"http:\/\/folhadosudeste.com\/site\/wp-content\/uploads\/2021\/08\/DSC_0235_707x471.jpg\"><img loading=\"lazy\" decoding=\"async\" class=\"alignnone size-full wp-image-76535\" src=\"http:\/\/folhadosudeste.com\/site\/wp-content\/uploads\/2021\/08\/DSC_0235_707x471.jpg\" alt=\"\" width=\"707\" height=\"471\" srcset=\"https:\/\/folhadosudeste.com\/site\/wp-content\/uploads\/2021\/08\/DSC_0235_707x471.jpg 707w, https:\/\/folhadosudeste.com\/site\/wp-content\/uploads\/2021\/08\/DSC_0235_707x471-300x200.jpg 300w, https:\/\/folhadosudeste.com\/site\/wp-content\/uploads\/2021\/08\/DSC_0235_707x471-120x80.jpg 120w, https:\/\/folhadosudeste.com\/site\/wp-content\/uploads\/2021\/08\/DSC_0235_707x471-345x230.jpg 345w\" sizes=\"auto, (max-width: 707px) 100vw, 707px\" \/><\/a> <a href=\"http:\/\/folhadosudeste.com\/site\/wp-content\/uploads\/2021\/08\/DSC_0239_707x471.jpg\"><img loading=\"lazy\" decoding=\"async\" class=\"alignnone size-full wp-image-76536\" src=\"http:\/\/folhadosudeste.com\/site\/wp-content\/uploads\/2021\/08\/DSC_0239_707x471.jpg\" alt=\"\" width=\"707\" height=\"471\" srcset=\"https:\/\/folhadosudeste.com\/site\/wp-content\/uploads\/2021\/08\/DSC_0239_707x471.jpg 707w, https:\/\/folhadosudeste.com\/site\/wp-content\/uploads\/2021\/08\/DSC_0239_707x471-300x200.jpg 300w, https:\/\/folhadosudeste.com\/site\/wp-content\/uploads\/2021\/08\/DSC_0239_707x471-120x80.jpg 120w, https:\/\/folhadosudeste.com\/site\/wp-content\/uploads\/2021\/08\/DSC_0239_707x471-345x230.jpg 345w\" sizes=\"auto, (max-width: 707px) 100vw, 707px\" \/><\/a> <a href=\"http:\/\/folhadosudeste.com\/site\/wp-content\/uploads\/2021\/08\/DSC_0260_707x471.jpg\"><img loading=\"lazy\" decoding=\"async\" class=\"alignnone size-full wp-image-76537\" src=\"http:\/\/folhadosudeste.com\/site\/wp-content\/uploads\/2021\/08\/DSC_0260_707x471.jpg\" alt=\"\" width=\"707\" height=\"471\" srcset=\"https:\/\/folhadosudeste.com\/site\/wp-content\/uploads\/2021\/08\/DSC_0260_707x471.jpg 707w, https:\/\/folhadosudeste.com\/site\/wp-content\/uploads\/2021\/08\/DSC_0260_707x471-300x200.jpg 300w, https:\/\/folhadosudeste.com\/site\/wp-content\/uploads\/2021\/08\/DSC_0260_707x471-120x80.jpg 120w, https:\/\/folhadosudeste.com\/site\/wp-content\/uploads\/2021\/08\/DSC_0260_707x471-345x230.jpg 345w\" sizes=\"auto, (max-width: 707px) 100vw, 707px\" \/><\/a> <a href=\"http:\/\/folhadosudeste.com\/site\/wp-content\/uploads\/2021\/08\/WhatsApp-Image-2021-08-03-at-19.27.30_707x530.jpeg\"><img loading=\"lazy\" decoding=\"async\" class=\"alignnone size-full wp-image-76538\" src=\"http:\/\/folhadosudeste.com\/site\/wp-content\/uploads\/2021\/08\/WhatsApp-Image-2021-08-03-at-19.27.30_707x530.jpeg\" alt=\"\" width=\"707\" height=\"530\" srcset=\"https:\/\/folhadosudeste.com\/site\/wp-content\/uploads\/2021\/08\/WhatsApp-Image-2021-08-03-at-19.27.30_707x530.jpeg 707w, https:\/\/folhadosudeste.com\/site\/wp-content\/uploads\/2021\/08\/WhatsApp-Image-2021-08-03-at-19.27.30_707x530-300x225.jpeg 300w\" sizes=\"auto, (max-width: 707px) 100vw, 707px\" \/><\/a> <a href=\"http:\/\/folhadosudeste.com\/site\/wp-content\/uploads\/2021\/08\/WhatsApp-Image-2021-08-03-at-19.27.30-1_707x398.jpeg\"><img loading=\"lazy\" decoding=\"async\" class=\"alignnone size-full wp-image-76539\" src=\"http:\/\/folhadosudeste.com\/site\/wp-content\/uploads\/2021\/08\/WhatsApp-Image-2021-08-03-at-19.27.30-1_707x398.jpeg\" alt=\"\" width=\"707\" height=\"398\" srcset=\"https:\/\/folhadosudeste.com\/site\/wp-content\/uploads\/2021\/08\/WhatsApp-Image-2021-08-03-at-19.27.30-1_707x398.jpeg 707w, https:\/\/folhadosudeste.com\/site\/wp-content\/uploads\/2021\/08\/WhatsApp-Image-2021-08-03-at-19.27.30-1_707x398-300x169.jpeg 300w\" sizes=\"auto, (max-width: 707px) 100vw, 707px\" \/><\/a> <a href=\"http:\/\/folhadosudeste.com\/site\/wp-content\/uploads\/2021\/08\/WhatsApp-Image-2021-08-03-at-19.27.26_707x529.jpeg\"><img loading=\"lazy\" decoding=\"async\" class=\"alignnone size-full wp-image-76540\" src=\"http:\/\/folhadosudeste.com\/site\/wp-content\/uploads\/2021\/08\/WhatsApp-Image-2021-08-03-at-19.27.26_707x529.jpeg\" alt=\"\" width=\"707\" height=\"529\" srcset=\"https:\/\/folhadosudeste.com\/site\/wp-content\/uploads\/2021\/08\/WhatsApp-Image-2021-08-03-at-19.27.26_707x529.jpeg 707w, https:\/\/folhadosudeste.com\/site\/wp-content\/uploads\/2021\/08\/WhatsApp-Image-2021-08-03-at-19.27.26_707x529-300x224.jpeg 300w\" sizes=\"auto, (max-width: 707px) 100vw, 707px\" \/><\/a> <a href=\"http:\/\/folhadosudeste.com\/site\/wp-content\/uploads\/2021\/08\/WhatsApp-Image-2021-08-03-at-19.27.27-1_707x529.jpeg\"><img loading=\"lazy\" decoding=\"async\" class=\"alignnone size-full wp-image-76541\" src=\"http:\/\/folhadosudeste.com\/site\/wp-content\/uploads\/2021\/08\/WhatsApp-Image-2021-08-03-at-19.27.27-1_707x529.jpeg\" alt=\"\" width=\"707\" height=\"529\" srcset=\"https:\/\/folhadosudeste.com\/site\/wp-content\/uploads\/2021\/08\/WhatsApp-Image-2021-08-03-at-19.27.27-1_707x529.jpeg 707w, https:\/\/folhadosudeste.com\/site\/wp-content\/uploads\/2021\/08\/WhatsApp-Image-2021-08-03-at-19.27.27-1_707x529-300x224.jpeg 300w\" sizes=\"auto, (max-width: 707px) 100vw, 707px\" \/><\/a> <a href=\"http:\/\/folhadosudeste.com\/site\/wp-content\/uploads\/2021\/08\/WhatsApp-Image-2021-08-03-at-19.27.28-2_707x529.jpeg\"><img loading=\"lazy\" decoding=\"async\" class=\"alignnone size-full wp-image-76542\" src=\"http:\/\/folhadosudeste.com\/site\/wp-content\/uploads\/2021\/08\/WhatsApp-Image-2021-08-03-at-19.27.28-2_707x529.jpeg\" alt=\"\" width=\"707\" height=\"529\" srcset=\"https:\/\/folhadosudeste.com\/site\/wp-content\/uploads\/2021\/08\/WhatsApp-Image-2021-08-03-at-19.27.28-2_707x529.jpeg 707w, https:\/\/folhadosudeste.com\/site\/wp-content\/uploads\/2021\/08\/WhatsApp-Image-2021-08-03-at-19.27.28-2_707x529-300x224.jpeg 300w\" sizes=\"auto, (max-width: 707px) 100vw, 707px\" \/><\/a> <a href=\"http:\/\/folhadosudeste.com\/site\/wp-content\/uploads\/2021\/08\/WhatsApp-Image-2021-08-03-at-19.27.27-3_707x530.jpeg\"><img loading=\"lazy\" decoding=\"async\" class=\"alignnone size-full wp-image-76543\" src=\"http:\/\/folhadosudeste.com\/site\/wp-content\/uploads\/2021\/08\/WhatsApp-Image-2021-08-03-at-19.27.27-3_707x530.jpeg\" alt=\"\" width=\"707\" height=\"530\" srcset=\"https:\/\/folhadosudeste.com\/site\/wp-content\/uploads\/2021\/08\/WhatsApp-Image-2021-08-03-at-19.27.27-3_707x530.jpeg 707w, https:\/\/folhadosudeste.com\/site\/wp-content\/uploads\/2021\/08\/WhatsApp-Image-2021-08-03-at-19.27.27-3_707x530-300x225.jpeg 300w\" sizes=\"auto, (max-width: 707px) 100vw, 707px\" \/><\/a> <a href=\"http:\/\/folhadosudeste.com\/site\/wp-content\/uploads\/2021\/08\/WhatsApp-Image-2021-08-03-at-19.27.28-3_707x529.jpeg\"><img loading=\"lazy\" decoding=\"async\" class=\"alignnone size-full wp-image-76544\" src=\"http:\/\/folhadosudeste.com\/site\/wp-content\/uploads\/2021\/08\/WhatsApp-Image-2021-08-03-at-19.27.28-3_707x529.jpeg\" alt=\"\" width=\"707\" height=\"529\" srcset=\"https:\/\/folhadosudeste.com\/site\/wp-content\/uploads\/2021\/08\/WhatsApp-Image-2021-08-03-at-19.27.28-3_707x529.jpeg 707w, https:\/\/folhadosudeste.com\/site\/wp-content\/uploads\/2021\/08\/WhatsApp-Image-2021-08-03-at-19.27.28-3_707x529-300x224.jpeg 300w\" sizes=\"auto, (max-width: 707px) 100vw, 707px\" \/><\/a><\/p>\n<p><strong>Nota do Jornal Folha do Sudeste:<\/strong><\/p>\n<p style=\"text-align: justify;\">o Jornal Folha do Sudeste Parabeniza o amigo e parceiro Silvan Alves pela homenagem recebida. \u00c9 apenas mais uma de tantas que j\u00e1 recebeu. Parab\u00e9ns Silvan! Voc\u00ea \u00e9 merecedor! Pelo o bom trabalho que desenvolve em Muria\u00e9 e regi\u00e3o.<\/p>\n<p>&nbsp;<\/p>\n<p>Fonte: Silvan Alves.<\/p>\n","protected":false},"excerpt":{"rendered":"<p>ABRAMMIL \u2013 ACADEMIA BRASILEIRA DE MEDALH\u00cdSTICA MILITAR \u2013 RECONHECIDA EM MG E NO BRASIL \u2013 15\u00aa EDI\u00c7\u00c3O.&nbsp;Foi realizada na manh\u00e3 desta ter\u00e7a-feira, 03 de agosto, no Audit\u00f3rio do Banco Desenvolvimento de Minas Gerais (BDMG), a Solenidade de Entrega de Medalhas da ACADEMIA BRASILEIRA DE MEDALH\u00cdSTICA MILITAR (ABRAMMIL), criada em 01 de mar\u00e7o de 2007 e [&hellip;]<\/p>\n","protected":false},"author":6,"featured_media":0,"comment_status":"open","ping_status":"closed","sticky":false,"template":"","format":"standard","meta":{"_joinchat":[],"footnotes":""},"categories":[1],"tags":[],"class_list":["post-76509","post","type-post","status-publish","format-standard","hentry","category-sem-categoria"],"_links":{"self":[{"href":"https:\/\/folhadosudeste.com\/site\/index.php?rest_route=\/wp\/v2\/posts\/76509","targetHints":{"allow":["GET"]}}],"collection":[{"href":"https:\/\/folhadosudeste.com\/site\/index.php?rest_route=\/wp\/v2\/posts"}],"about":[{"href":"https:\/\/folhadosudeste.com\/site\/index.php?rest_route=\/wp\/v2\/types\/post"}],"author":[{"embeddable":true,"href":"https:\/\/folhadosudeste.com\/site\/index.php?rest_route=\/wp\/v2\/users\/6"}],"replies":[{"embeddable":true,"href":"https:\/\/folhadosudeste.com\/site\/index.php?rest_route=%2Fwp%2Fv2%2Fcomments&post=76509"}],"version-history":[{"count":1,"href":"https:\/\/folhadosudeste.com\/site\/index.php?rest_route=\/wp\/v2\/posts\/76509\/revisions"}],"predecessor-version":[{"id":76545,"href":"https:\/\/folhadosudeste.com\/site\/index.php?rest_route=\/wp\/v2\/posts\/76509\/revisions\/76545"}],"wp:attachment":[{"href":"https:\/\/folhadosudeste.com\/site\/index.php?rest_route=%2Fwp%2Fv2%2Fmedia&parent=76509"}],"wp:term":[{"taxonomy":"category","embeddable":true,"href":"https:\/\/folhadosudeste.com\/site\/index.php?rest_route=%2Fwp%2Fv2%2Fcategories&post=76509"},{"taxonomy":"post_tag","embeddable":true,"href":"https:\/\/folhadosudeste.com\/site\/index.php?rest_route=%2Fwp%2Fv2%2Ftags&post=76509"}],"curies":[{"name":"wp","href":"https:\/\/api.w.org\/{rel}","templated":true}]}}