{"id":76594,"date":"2021-08-06T12:24:32","date_gmt":"2021-08-06T12:24:32","guid":{"rendered":"http:\/\/folhadosudeste.com\/site\/?p=76594"},"modified":"2021-08-06T12:24:32","modified_gmt":"2021-08-06T12:24:32","slug":"transito-em-regiao-movimentada-de-muriae-tera-alteracoes-a-partir-de-segunda-veja-o-que-muda","status":"publish","type":"post","link":"https:\/\/folhadosudeste.com\/site\/?p=76594","title":{"rendered":"Tr\u00e2nsito em regi\u00e3o movimentada de Muria\u00e9 ter\u00e1 altera\u00e7\u00f5es a partir de segunda; veja o que muda"},"content":{"rendered":"<div><a href=\"http:\/\/folhadosudeste.com\/site\/wp-content\/uploads\/2021\/08\/05-B.png\"><img loading=\"lazy\" decoding=\"async\" class=\"alignnone size-full wp-image-76595\" src=\"http:\/\/folhadosudeste.com\/site\/wp-content\/uploads\/2021\/08\/05-B.png\" alt=\"\" width=\"1359\" height=\"935\" srcset=\"https:\/\/folhadosudeste.com\/site\/wp-content\/uploads\/2021\/08\/05-B.png 1359w, https:\/\/folhadosudeste.com\/site\/wp-content\/uploads\/2021\/08\/05-B-300x206.png 300w, https:\/\/folhadosudeste.com\/site\/wp-content\/uploads\/2021\/08\/05-B-768x528.png 768w, https:\/\/folhadosudeste.com\/site\/wp-content\/uploads\/2021\/08\/05-B-1024x705.png 1024w, https:\/\/folhadosudeste.com\/site\/wp-content\/uploads\/2021\/08\/05-B-220x150.png 220w\" sizes=\"auto, (max-width: 1359px) 100vw, 1359px\" \/><\/a><\/div>\n<div>&nbsp;<\/div>\n<div style=\"text-align: justify;\">A partir da pr\u00f3xima segunda-feira, dia 9 de agosto, o tr\u00e2nsito no trecho compreendido entre os acessos aos bairros H\u00e9lio Ara\u00fajo (antigo &#8220;Bico Doce&#8221;), Jo\u00e3o XXIII, Augusto de Abreu e final da rua Santa Rita ter\u00e1 altera\u00e7\u00f5es significativas.<\/div>\n<div style=\"text-align: justify;\">&nbsp;<\/div>\n<div style=\"text-align: justify;\">As modifica\u00e7\u00f5es se tornaram necess\u00e1rias devido \u00e0 abertura de um novo supermercado naquela regi\u00e3o, a fim de se evitar acidentes e congestionamentos no local.<\/div>\n<div style=\"text-align: justify;\">&nbsp;<\/div>\n<div style=\"text-align: justify;\">As principais mudan\u00e7as acontecem em tr\u00eas endere\u00e7os,&nbsp;<strong>que passar\u00e3o a ter m\u00e3o \u00fanica<\/strong>:&nbsp;<\/div>\n<p><!--more--><\/p>\n<div style=\"text-align: justify;\"><strong>Rua Jos\u00e9 Augusto de Abreu (contorno do antigo col\u00e9gio CEM)<\/strong><\/div>\n<div style=\"text-align: justify;\">Trecho: a partir do trevo das ruas Santa Rita e S\u00e3o Sebasti\u00e3o at\u00e9 a rotat\u00f3ria existente no cruzamento com a Avenida Silv\u00e9rio Campos;<\/div>\n<div style=\"text-align: justify;\">Nova dire\u00e7\u00e3o: sentido \u00fanico em dire\u00e7\u00e3o ao Safira.<\/div>\n<div style=\"text-align: justify;\">&nbsp;<\/div>\n<div style=\"text-align: justify;\"><strong>Avenida Silv\u00e9rio Campos&nbsp;<\/strong><\/div>\n<div style=\"text-align: justify;\">Trecho: parte inferir, ao lado da esta\u00e7\u00e3o de tratamento de esgoto<\/div>\n<div style=\"text-align: justify;\">Nova dire\u00e7\u00e3o: sentido \u00fanico em dire\u00e7\u00e3o \u00e0 Avenida Jos\u00e9 M\u00e1ximo Ribeiro<\/div>\n<div style=\"text-align: justify;\">&nbsp;<\/div>\n<div style=\"text-align: justify;\"><strong>Avenida Jos\u00e9 M\u00e1ximo Ribeiro<\/strong><\/div>\n<div style=\"text-align: justify;\">Trecho: entre a Avenida Jos\u00e9 M\u00e1ximo Ribeiro e o trevo de acesso ao antigo Col\u00e9gio CEM<\/div>\n<div style=\"text-align: justify;\">Nova dire\u00e7\u00e3o: sentido \u00fanico em dire\u00e7\u00e3o ao Centro<\/div>\n<div style=\"text-align: justify;\">&nbsp;<\/div>\n<div style=\"text-align: justify;\">Veja o que mais muda:<\/div>\n<div style=\"text-align: justify;\">&nbsp;<\/div>\n<div style=\"text-align: justify;\"><strong>1 &#8211; RUA SANTA RITA &#8211; SENTIDO CENTRO PARA O JO\u00c3O XIII<\/strong><\/div>\n<div style=\"text-align: justify;\">Quem seguir pela rua Santa Rita em dire\u00e7\u00e3o ao bairro Jo\u00e3o XXIII n\u00e3o poder\u00e1 mais fazer o caminho habitual.&nbsp;<\/div>\n<div style=\"text-align: justify;\">&nbsp;<\/div>\n<div style=\"text-align: justify;\">A partir de segunda-feira, ser\u00e1 necess\u00e1rio entrar \u00e0 direita, no trevo que sai em frente ao antigo col\u00e9gio CEM e prosseguir pela rua Jos\u00e9 Augusto de Abreu at\u00e9 a rotat\u00f3ria.&nbsp;<\/div>\n<div style=\"text-align: justify;\">&nbsp;<\/div>\n<div style=\"text-align: justify;\">O caminho para o Jo\u00e3o XXIII ser\u00e1 ent\u00e3o pela parte inferior da Avenida Silv\u00e9rio Campos (ao lado da esta\u00e7\u00e3o de tratamento de esgoto) e, posteriormente, pela Avenida Jos\u00e9 M\u00e1ximo Ribeiro.<\/div>\n<div style=\"text-align: justify;\">&nbsp;<\/div>\n<div style=\"text-align: justify;\">&nbsp;<\/div>\n<div style=\"text-align: justify;\"><strong>2 &#8211; SA\u00cdDA DA RUA S\u00c3O SEBASTI\u00c3O &#8211; RETORNO PARA O CENTRO<\/strong><\/div>\n<div style=\"text-align: justify;\">Quem estiver na sa\u00edda da rua S\u00e3o Sebasti\u00e3o e quiser retornar para o Centro pela rua Santa Rita n\u00e3o poder\u00e1 mais virar \u00e0 esquerda naquele ponto do trevo.&nbsp;<\/div>\n<div style=\"text-align: justify;\">&nbsp;<\/div>\n<div style=\"text-align: justify;\">O caminho mais curto passar\u00e1 a ser pela Euz\u00e9bio Pereira (em frente ao antigo Col\u00e9gio CEM), saindo na lateral do posto de combust\u00edvel.&nbsp;<\/div>\n<div style=\"text-align: justify;\">Outra op\u00e7\u00e3o, por\u00e9m mais longa, \u00e9 percorrer a rua Jos\u00e9 Augusto de Abreu at\u00e9 a rotat\u00f3ria e ali virar \u00e0 esquerda para o trecho inferir da Avenida Silv\u00e9rio Campos.<\/div>\n<div style=\"text-align: justify;\">&nbsp;<\/div>\n<div style=\"text-align: justify;\">&nbsp;<\/div>\n<div style=\"text-align: justify;\"><strong>3- SA\u00cdDA DA RUA CEC\u00cdLIA MEIRELES &#8211; SENTIDO SAFIRA E JO\u00c3O XXIII<\/strong><\/div>\n<div style=\"text-align: justify;\">Ao sair da rua Cec\u00edlia Meireles (bairro S\u00e3o Gotardo) em dire\u00e7\u00e3o aos bairro Safira e Jo\u00e3o XXIII, o caminho habitual de convers\u00e3o simples \u00e0 esquerda n\u00e3o ser\u00e1 mais permitido.&nbsp;<\/div>\n<div style=\"text-align: justify;\">&nbsp;<\/div>\n<div style=\"text-align: justify;\">A partir de segunda-feira, ser\u00e1 necess\u00e1rio seguir em dire\u00e7\u00e3o ao trevo do antigo col\u00e9gio CEM, percorrer a rua Jos\u00e9 Augusto de Abreu at\u00e9 a rotat\u00f3ria.<\/div>\n<div style=\"text-align: justify;\">&nbsp;<\/div>\n<div style=\"text-align: justify;\">A partir da\u00ed, quem for para o Safira (ou bairros adjacentes) basta seguir \u00e0 direita ou em frente, enquanto quem tiver o Jo\u00e3o XXIII como destino dever\u00e1 convergir \u00e0 esquerda.<\/div>\n<div style=\"text-align: justify;\">&nbsp;<\/div>\n<div style=\"text-align: justify;\">&nbsp;<\/div>\n<div style=\"text-align: justify;\"><strong>4 &#8211; AVENIDA JOS\u00c9 M\u00c1XIMO RIBERO &#8211; SENTIDO JO\u00c3O XXIII PARA O SAFIRA<\/strong><\/div>\n<div style=\"text-align: justify;\">Para ir do Jo\u00e3o XXIII para o bairro Safira, n\u00e3o ser\u00e1 mais permitido entrar \u00e0 esquerda pela Avenida Silv\u00e9rio Campos, uma vez que esta via ser\u00e1 de m\u00e3o \u00fanica.<\/div>\n<div style=\"text-align: justify;\">&nbsp;<\/div>\n<div style=\"text-align: justify;\">Assim, os motoristas dever\u00e3o seguir at\u00e9 o trevo da rua Santa Rita e convergir \u00e0 esquerda, em dire\u00e7\u00e3o ao antigo Col\u00e9gio CEM.<\/div>\n<div style=\"text-align: justify;\">&nbsp;<\/div>\n<div style=\"text-align: justify;\">&nbsp;<\/div>\n<div style=\"text-align: justify;\"><strong>5 &#8211; SA\u00cdDA DO SAFIRA &#8211; EM DIRE\u00c7\u00c3O AO CENTRO<\/strong><\/div>\n<div style=\"text-align: justify;\">Para seguir do bairro Safira e proximidades para o Centro de Muria\u00e9, n\u00e3o ser\u00e1 mais permitido passar pela rua Jos\u00e9 Augusto de Abreu.&nbsp;<\/div>\n<div style=\"text-align: justify;\">&nbsp;<\/div>\n<div style=\"text-align: justify;\">Ser\u00e1 necess\u00e1rio descer o trecho inferior da Avenida Silv\u00e9rio Campos, chegando ent\u00e3o na Av. Jos\u00e9 M\u00e1ximo Ribeiro.<\/div>\n<div style=\"text-align: justify;\">&nbsp;<\/div>\n<div style=\"text-align: justify;\">Outra op\u00e7\u00e3o, por\u00e9m mais longa, \u00e9 dirigir pela parte superior da Av. Silv\u00e9rio Campos em dire\u00e7\u00e3o \u00e0 Barra, para ent\u00e3o seguir rumo ao Centro.<\/div>\n<div>&nbsp;<\/div>\n<div><a href=\"http:\/\/folhadosudeste.com\/site\/wp-content\/uploads\/2021\/08\/01.png\"><img loading=\"lazy\" decoding=\"async\" class=\"alignnone size-full wp-image-76596\" src=\"http:\/\/folhadosudeste.com\/site\/wp-content\/uploads\/2021\/08\/01.png\" alt=\"\" width=\"1359\" height=\"950\" srcset=\"https:\/\/folhadosudeste.com\/site\/wp-content\/uploads\/2021\/08\/01.png 1359w, https:\/\/folhadosudeste.com\/site\/wp-content\/uploads\/2021\/08\/01-300x210.png 300w, https:\/\/folhadosudeste.com\/site\/wp-content\/uploads\/2021\/08\/01-768x537.png 768w, https:\/\/folhadosudeste.com\/site\/wp-content\/uploads\/2021\/08\/01-1024x716.png 1024w\" sizes=\"auto, (max-width: 1359px) 100vw, 1359px\" \/><\/a> <a href=\"http:\/\/folhadosudeste.com\/site\/wp-content\/uploads\/2021\/08\/05-A.png\"><img loading=\"lazy\" decoding=\"async\" class=\"alignnone size-full wp-image-76597\" src=\"http:\/\/folhadosudeste.com\/site\/wp-content\/uploads\/2021\/08\/05-A.png\" alt=\"\" width=\"1236\" height=\"866\" srcset=\"https:\/\/folhadosudeste.com\/site\/wp-content\/uploads\/2021\/08\/05-A.png 1236w, https:\/\/folhadosudeste.com\/site\/wp-content\/uploads\/2021\/08\/05-A-300x210.png 300w, https:\/\/folhadosudeste.com\/site\/wp-content\/uploads\/2021\/08\/05-A-768x538.png 768w, https:\/\/folhadosudeste.com\/site\/wp-content\/uploads\/2021\/08\/05-A-1024x717.png 1024w\" sizes=\"auto, (max-width: 1236px) 100vw, 1236px\" \/><\/a> <a href=\"http:\/\/folhadosudeste.com\/site\/wp-content\/uploads\/2021\/08\/04.png\"><img loading=\"lazy\" decoding=\"async\" class=\"alignnone size-full wp-image-76598\" src=\"http:\/\/folhadosudeste.com\/site\/wp-content\/uploads\/2021\/08\/04.png\" alt=\"\" width=\"1236\" height=\"797\" srcset=\"https:\/\/folhadosudeste.com\/site\/wp-content\/uploads\/2021\/08\/04.png 1236w, https:\/\/folhadosudeste.com\/site\/wp-content\/uploads\/2021\/08\/04-300x193.png 300w, https:\/\/folhadosudeste.com\/site\/wp-content\/uploads\/2021\/08\/04-768x495.png 768w, https:\/\/folhadosudeste.com\/site\/wp-content\/uploads\/2021\/08\/04-1024x660.png 1024w\" sizes=\"auto, (max-width: 1236px) 100vw, 1236px\" \/><\/a> <a href=\"http:\/\/folhadosudeste.com\/site\/wp-content\/uploads\/2021\/08\/02.png\"><img loading=\"lazy\" decoding=\"async\" class=\"alignnone size-full wp-image-76599\" src=\"http:\/\/folhadosudeste.com\/site\/wp-content\/uploads\/2021\/08\/02.png\" alt=\"\" width=\"1236\" height=\"877\" srcset=\"https:\/\/folhadosudeste.com\/site\/wp-content\/uploads\/2021\/08\/02.png 1236w, https:\/\/folhadosudeste.com\/site\/wp-content\/uploads\/2021\/08\/02-300x213.png 300w, https:\/\/folhadosudeste.com\/site\/wp-content\/uploads\/2021\/08\/02-768x545.png 768w, https:\/\/folhadosudeste.com\/site\/wp-content\/uploads\/2021\/08\/02-1024x727.png 1024w\" sizes=\"auto, (max-width: 1236px) 100vw, 1236px\" \/><\/a> <a href=\"http:\/\/folhadosudeste.com\/site\/wp-content\/uploads\/2021\/08\/03.png\"><img loading=\"lazy\" decoding=\"async\" class=\"alignnone size-full wp-image-76600\" src=\"http:\/\/folhadosudeste.com\/site\/wp-content\/uploads\/2021\/08\/03.png\" alt=\"\" width=\"1236\" height=\"852\" srcset=\"https:\/\/folhadosudeste.com\/site\/wp-content\/uploads\/2021\/08\/03.png 1236w, https:\/\/folhadosudeste.com\/site\/wp-content\/uploads\/2021\/08\/03-300x207.png 300w, https:\/\/folhadosudeste.com\/site\/wp-content\/uploads\/2021\/08\/03-768x529.png 768w, https:\/\/folhadosudeste.com\/site\/wp-content\/uploads\/2021\/08\/03-1024x706.png 1024w\" sizes=\"auto, (max-width: 1236px) 100vw, 1236px\" \/><\/a> <a href=\"http:\/\/folhadosudeste.com\/site\/wp-content\/uploads\/2021\/08\/Mapa-geral.png\"><img loading=\"lazy\" decoding=\"async\" class=\"alignnone size-full wp-image-76601\" src=\"http:\/\/folhadosudeste.com\/site\/wp-content\/uploads\/2021\/08\/Mapa-geral.png\" alt=\"\" width=\"1194\" height=\"845\" srcset=\"https:\/\/folhadosudeste.com\/site\/wp-content\/uploads\/2021\/08\/Mapa-geral.png 1194w, https:\/\/folhadosudeste.com\/site\/wp-content\/uploads\/2021\/08\/Mapa-geral-300x212.png 300w, https:\/\/folhadosudeste.com\/site\/wp-content\/uploads\/2021\/08\/Mapa-geral-768x544.png 768w, https:\/\/folhadosudeste.com\/site\/wp-content\/uploads\/2021\/08\/Mapa-geral-1024x725.png 1024w\" sizes=\"auto, (max-width: 1194px) 100vw, 1194px\" \/><\/a><\/div>\n","protected":false},"excerpt":{"rendered":"<p>&nbsp; A partir da pr\u00f3xima segunda-feira, dia 9 de agosto, o tr\u00e2nsito no trecho compreendido entre os acessos aos bairros H\u00e9lio Ara\u00fajo (antigo &#8220;Bico Doce&#8221;), Jo\u00e3o XXIII, Augusto de Abreu e final da rua Santa Rita ter\u00e1 altera\u00e7\u00f5es significativas. &nbsp; As modifica\u00e7\u00f5es se tornaram necess\u00e1rias devido \u00e0 abertura de um novo supermercado naquela regi\u00e3o, a [&hellip;]<\/p>\n","protected":false},"author":6,"featured_media":0,"comment_status":"open","ping_status":"closed","sticky":false,"template":"","format":"standard","meta":{"_joinchat":[],"footnotes":""},"categories":[1],"tags":[],"class_list":["post-76594","post","type-post","status-publish","format-standard","hentry","category-sem-categoria"],"_links":{"self":[{"href":"https:\/\/folhadosudeste.com\/site\/index.php?rest_route=\/wp\/v2\/posts\/76594","targetHints":{"allow":["GET"]}}],"collection":[{"href":"https:\/\/folhadosudeste.com\/site\/index.php?rest_route=\/wp\/v2\/posts"}],"about":[{"href":"https:\/\/folhadosudeste.com\/site\/index.php?rest_route=\/wp\/v2\/types\/post"}],"author":[{"embeddable":true,"href":"https:\/\/folhadosudeste.com\/site\/index.php?rest_route=\/wp\/v2\/users\/6"}],"replies":[{"embeddable":true,"href":"https:\/\/folhadosudeste.com\/site\/index.php?rest_route=%2Fwp%2Fv2%2Fcomments&post=76594"}],"version-history":[{"count":1,"href":"https:\/\/folhadosudeste.com\/site\/index.php?rest_route=\/wp\/v2\/posts\/76594\/revisions"}],"predecessor-version":[{"id":76602,"href":"https:\/\/folhadosudeste.com\/site\/index.php?rest_route=\/wp\/v2\/posts\/76594\/revisions\/76602"}],"wp:attachment":[{"href":"https:\/\/folhadosudeste.com\/site\/index.php?rest_route=%2Fwp%2Fv2%2Fmedia&parent=76594"}],"wp:term":[{"taxonomy":"category","embeddable":true,"href":"https:\/\/folhadosudeste.com\/site\/index.php?rest_route=%2Fwp%2Fv2%2Fcategories&post=76594"},{"taxonomy":"post_tag","embeddable":true,"href":"https:\/\/folhadosudeste.com\/site\/index.php?rest_route=%2Fwp%2Fv2%2Ftags&post=76594"}],"curies":[{"name":"wp","href":"https:\/\/api.w.org\/{rel}","templated":true}]}}