{"id":76646,"date":"2021-08-09T13:57:07","date_gmt":"2021-08-09T13:57:07","guid":{"rendered":"http:\/\/folhadosudeste.com\/site\/?p=76646"},"modified":"2021-08-09T13:57:07","modified_gmt":"2021-08-09T13:57:07","slug":"motociclista-morre-apos-veiculo-invadir-contramao","status":"publish","type":"post","link":"https:\/\/folhadosudeste.com\/site\/?p=76646","title":{"rendered":"Motociclista morre ap\u00f3s ve\u00edculo invadir contram\u00e3o"},"content":{"rendered":"<p><a href=\"http:\/\/folhadosudeste.com\/site\/wp-content\/uploads\/2021\/08\/WhatsApp-Image-2021-08-09-at-10.51.16.jpeg\"><img loading=\"lazy\" decoding=\"async\" class=\"alignnone size-full wp-image-76647\" src=\"http:\/\/folhadosudeste.com\/site\/wp-content\/uploads\/2021\/08\/WhatsApp-Image-2021-08-09-at-10.51.16.jpeg\" alt=\"\" width=\"1242\" height=\"891\" srcset=\"https:\/\/folhadosudeste.com\/site\/wp-content\/uploads\/2021\/08\/WhatsApp-Image-2021-08-09-at-10.51.16.jpeg 1242w, https:\/\/folhadosudeste.com\/site\/wp-content\/uploads\/2021\/08\/WhatsApp-Image-2021-08-09-at-10.51.16-300x215.jpeg 300w, https:\/\/folhadosudeste.com\/site\/wp-content\/uploads\/2021\/08\/WhatsApp-Image-2021-08-09-at-10.51.16-768x551.jpeg 768w, https:\/\/folhadosudeste.com\/site\/wp-content\/uploads\/2021\/08\/WhatsApp-Image-2021-08-09-at-10.51.16-1024x735.jpeg 1024w\" sizes=\"auto, (max-width: 1242px) 100vw, 1242px\" \/><\/a><\/p>\n<pre id=\"attachment_392860\" class=\"wp-caption aligncenter\"><em>Marcos Junior da Cunha Lacerda de 27 anos<\/em><\/pre>\n<p style=\"text-align: justify;\">Na noite deste domingo, por volta das 22h50, no km 281 da BR 356, pr\u00f3ximo ao munic\u00edpio de Eugen\u00f3polis, ocorreu um acidente frontal, envolvendo um autom\u00f3vel VW\/Up e uma motocicleta Honda\/Bros. O condutor do autom\u00f3vel, de 25 anos, que seguia no sentido Muria\u00e9 x Eugen\u00f3polis, invadiu a contram\u00e3o de dire\u00e7\u00e3o e colidiu frontalmente com a motocicleta, que seguia no sentido oposto.<\/p>\n<p style=\"text-align: justify;\"><!--more--><\/p>\n<p style=\"text-align: justify;\">O condutor da motocicleta de 27 anos, identificado como&nbsp;<strong>Marcos Junior da Cunha Lacerda<\/strong>, morador do bairro Santo Ant\u00f4nio II em Muria\u00e9 foi socorrido no local pelo Corpo de bombeiros e encaminhado para o Hospital S\u00e3o Paulo, onde morreu em decorr\u00eancia dos graves ferimentos. O condutor do autom\u00f3vel, com fortes sinais de embriaguez, recusou-se a realizar o teste de alcoolemia com o etil\u00f4metro mas, em virtude dos sinais claros de altera\u00e7\u00e3o, foi levado preso para a 4 DRPC de Muria\u00e9, onde um m\u00e9dico legista atestou seu estado de embriaguez, ratificando sua pris\u00e3o em flagrante.<\/p>\n<p><a href=\"http:\/\/folhadosudeste.com\/site\/wp-content\/uploads\/2021\/08\/IMG-20210809-WA0048.jpg\"><img loading=\"lazy\" decoding=\"async\" class=\"alignnone size-full wp-image-76648\" src=\"http:\/\/folhadosudeste.com\/site\/wp-content\/uploads\/2021\/08\/IMG-20210809-WA0048.jpg\" alt=\"\" width=\"576\" height=\"576\" srcset=\"https:\/\/folhadosudeste.com\/site\/wp-content\/uploads\/2021\/08\/IMG-20210809-WA0048.jpg 576w, https:\/\/folhadosudeste.com\/site\/wp-content\/uploads\/2021\/08\/IMG-20210809-WA0048-150x150.jpg 150w, https:\/\/folhadosudeste.com\/site\/wp-content\/uploads\/2021\/08\/IMG-20210809-WA0048-300x300.jpg 300w\" sizes=\"auto, (max-width: 576px) 100vw, 576px\" \/><\/a> <a href=\"http:\/\/folhadosudeste.com\/site\/wp-content\/uploads\/2021\/08\/IMG-20210809-WA0047.jpg\"><img loading=\"lazy\" decoding=\"async\" class=\"alignnone size-full wp-image-76649\" src=\"http:\/\/folhadosudeste.com\/site\/wp-content\/uploads\/2021\/08\/IMG-20210809-WA0047.jpg\" alt=\"\" width=\"576\" height=\"484\" srcset=\"https:\/\/folhadosudeste.com\/site\/wp-content\/uploads\/2021\/08\/IMG-20210809-WA0047.jpg 576w, https:\/\/folhadosudeste.com\/site\/wp-content\/uploads\/2021\/08\/IMG-20210809-WA0047-300x252.jpg 300w\" sizes=\"auto, (max-width: 576px) 100vw, 576px\" \/><\/a> <a href=\"http:\/\/folhadosudeste.com\/site\/wp-content\/uploads\/2021\/08\/IMG-20210809-WA0049-576x405.jpg\"><img loading=\"lazy\" decoding=\"async\" class=\"alignnone size-full wp-image-76650\" src=\"http:\/\/folhadosudeste.com\/site\/wp-content\/uploads\/2021\/08\/IMG-20210809-WA0049-576x405.jpg\" alt=\"\" width=\"576\" height=\"405\" srcset=\"https:\/\/folhadosudeste.com\/site\/wp-content\/uploads\/2021\/08\/IMG-20210809-WA0049-576x405.jpg 576w, https:\/\/folhadosudeste.com\/site\/wp-content\/uploads\/2021\/08\/IMG-20210809-WA0049-576x405-300x211.jpg 300w\" sizes=\"auto, (max-width: 576px) 100vw, 576px\" \/><\/a><\/p>\n<p>Fonte: Silvan Alves<\/p>\n","protected":false},"excerpt":{"rendered":"<p>Marcos Junior da Cunha Lacerda de 27 anos Na noite deste domingo, por volta das 22h50, no km 281 da BR 356, pr\u00f3ximo ao munic\u00edpio de Eugen\u00f3polis, ocorreu um acidente frontal, envolvendo um autom\u00f3vel VW\/Up e uma motocicleta Honda\/Bros. O condutor do autom\u00f3vel, de 25 anos, que seguia no sentido Muria\u00e9 x Eugen\u00f3polis, invadiu a [&hellip;]<\/p>\n","protected":false},"author":6,"featured_media":0,"comment_status":"open","ping_status":"closed","sticky":false,"template":"","format":"standard","meta":{"_joinchat":[],"footnotes":""},"categories":[1],"tags":[],"class_list":["post-76646","post","type-post","status-publish","format-standard","hentry","category-sem-categoria"],"_links":{"self":[{"href":"https:\/\/folhadosudeste.com\/site\/index.php?rest_route=\/wp\/v2\/posts\/76646","targetHints":{"allow":["GET"]}}],"collection":[{"href":"https:\/\/folhadosudeste.com\/site\/index.php?rest_route=\/wp\/v2\/posts"}],"about":[{"href":"https:\/\/folhadosudeste.com\/site\/index.php?rest_route=\/wp\/v2\/types\/post"}],"author":[{"embeddable":true,"href":"https:\/\/folhadosudeste.com\/site\/index.php?rest_route=\/wp\/v2\/users\/6"}],"replies":[{"embeddable":true,"href":"https:\/\/folhadosudeste.com\/site\/index.php?rest_route=%2Fwp%2Fv2%2Fcomments&post=76646"}],"version-history":[{"count":1,"href":"https:\/\/folhadosudeste.com\/site\/index.php?rest_route=\/wp\/v2\/posts\/76646\/revisions"}],"predecessor-version":[{"id":76651,"href":"https:\/\/folhadosudeste.com\/site\/index.php?rest_route=\/wp\/v2\/posts\/76646\/revisions\/76651"}],"wp:attachment":[{"href":"https:\/\/folhadosudeste.com\/site\/index.php?rest_route=%2Fwp%2Fv2%2Fmedia&parent=76646"}],"wp:term":[{"taxonomy":"category","embeddable":true,"href":"https:\/\/folhadosudeste.com\/site\/index.php?rest_route=%2Fwp%2Fv2%2Fcategories&post=76646"},{"taxonomy":"post_tag","embeddable":true,"href":"https:\/\/folhadosudeste.com\/site\/index.php?rest_route=%2Fwp%2Fv2%2Ftags&post=76646"}],"curies":[{"name":"wp","href":"https:\/\/api.w.org\/{rel}","templated":true}]}}