{"id":76659,"date":"2021-08-09T18:17:00","date_gmt":"2021-08-09T18:17:00","guid":{"rendered":"http:\/\/folhadosudeste.com\/site\/?p=76659"},"modified":"2021-08-09T18:17:00","modified_gmt":"2021-08-09T18:17:00","slug":"feira-livre-retorna-nesta-quarta-11","status":"publish","type":"post","link":"https:\/\/folhadosudeste.com\/site\/?p=76659","title":{"rendered":"Feira Livre retorna nesta quarta (11)"},"content":{"rendered":"<figure id=\"attachment_76660\" aria-describedby=\"caption-attachment-76660\" style=\"width: 620px\" class=\"wp-caption alignnone\"><a href=\"http:\/\/folhadosudeste.com\/site\/wp-content\/uploads\/2021\/08\/feira-de-hortifruti.jpg\"><img loading=\"lazy\" decoding=\"async\" class=\"size-full wp-image-76660\" src=\"http:\/\/folhadosudeste.com\/site\/wp-content\/uploads\/2021\/08\/feira-de-hortifruti.jpg\" alt=\"\" width=\"620\" height=\"411\" srcset=\"https:\/\/folhadosudeste.com\/site\/wp-content\/uploads\/2021\/08\/feira-de-hortifruti.jpg 620w, https:\/\/folhadosudeste.com\/site\/wp-content\/uploads\/2021\/08\/feira-de-hortifruti-300x199.jpg 300w, https:\/\/folhadosudeste.com\/site\/wp-content\/uploads\/2021\/08\/feira-de-hortifruti-120x80.jpg 120w, https:\/\/folhadosudeste.com\/site\/wp-content\/uploads\/2021\/08\/feira-de-hortifruti-345x230.jpg 345w, https:\/\/folhadosudeste.com\/site\/wp-content\/uploads\/2021\/08\/feira-de-hortifruti-590x390.jpg 590w\" sizes=\"auto, (max-width: 620px) 100vw, 620px\" \/><\/a><figcaption id=\"caption-attachment-76660\" class=\"wp-caption-text\">Vegetable market in Kristiansand, Norway<\/figcaption><\/figure>\n<p style=\"text-align: justify;\" align=\"justify\">A Prefeitura retornar\u00e1 com a Feira Livre \u00e0 partir desta semana, sempre \u00e0s quartas, entre 7h e 12h com o objetivo de fortalecer e qualificar a comercializa\u00e7\u00e3o de produtos hortifrutigranjeiros e outros itens produzidos no munic\u00edpio, dando aos moradores a oportunidade de comprar verduras e legumes frescos.<\/p>\n<p style=\"text-align: justify;\" align=\"justify\">Neste novo modelo no cal\u00e7ad\u00e3o da Avenida JK, na altura Rua Jo\u00e3o Cris\u00f3stomo, proximidades do bairro Ros\u00e1rio, os feirantes organizar\u00e3o as barracas em meia pista e os consumidores ficar\u00e3o nas cal\u00e7adas para efetuar suas compras. \u201cOs agricultores pediam uma feira na \u00e1rea central da cidade e decidimos experimentar esta regi\u00e3o. Os produtores estavam parados, com parte da categoria trabalhando aos domingos. Agora, com a migra\u00e7\u00e3o para a \u2018Onda Verde\u2019, criamos esta oportunidade, mantendo o distanciamento entre barracas e respeitando as pr\u00e1ticas de preven\u00e7\u00e3o\u201d, explicou o secret\u00e1rio adjunto de Agricultura e Meio Ambiente, Fernando Levati.<\/p>\n<p align=\"justify\"><!--more--><\/p>\n<p style=\"text-align: justify;\" align=\"justify\">O projeto da Secretaria de Agricultura \u00e9 levar a feira para outros pontos da cidade tamb\u00e9m. \u201cEstamos conversando e chegando a um consenso com os feirantes para estabelecer uma din\u00e2mica de atendimento em diferenciados bairros. O ideal \u00e9 que fa\u00e7amos um rod\u00edzio em diversas partes do munic\u00edpio, atendendo assim a todos de forma igualit\u00e1ria\u201d, frisou o secret\u00e1rio de Agricultura e Meio Ambiente, Carlos Kneip.<\/p>\n<p style=\"text-align: justify;\" align=\"justify\"><b>Padroniza\u00e7\u00e3o<\/b><b><\/b><\/p>\n<p style=\"text-align: justify;\" align=\"justify\">A Prefeitura pretende padronizar as barracas da Feira Livre e, para tanto, uma empresa est\u00e1 sendo licitada para fazer a montagem e desmontagem das barracas, al\u00e9m da fixa\u00e7\u00e3o de banheiros qu\u00edmicos e limpeza do ambiente ao t\u00e9rmino de cada realiza\u00e7\u00e3o.<\/p>\n<p style=\"text-align: justify;\" align=\"justify\"><b>Segmentos diferenciados<\/b><\/p>\n<p style=\"text-align: justify;\" align=\"justify\">A Prefeitura de Muria\u00e9 pretende oferecer mais oportunidades aos agricultores e, para isto, organizou tr\u00eas frentes de trabalho: Feiras Livres em pontos variados; o Centro de Distribui\u00e7\u00e3o, que envolve a venda de produtos para propriet\u00e1rios de mercados, mercearias, quitandas e lanchonetes e, o Mercado Municipal, que dever\u00e1 ser reativado t\u00e3o logo as obras estejam conclu\u00eddas.<\/p>\n","protected":false},"excerpt":{"rendered":"<p>A Prefeitura retornar\u00e1 com a Feira Livre \u00e0 partir desta semana, sempre \u00e0s quartas, entre 7h e 12h com o objetivo de fortalecer e qualificar a comercializa\u00e7\u00e3o de produtos hortifrutigranjeiros e outros itens produzidos no munic\u00edpio, dando aos moradores a oportunidade de comprar verduras e legumes frescos. Neste novo modelo no cal\u00e7ad\u00e3o da Avenida JK, [&hellip;]<\/p>\n","protected":false},"author":6,"featured_media":0,"comment_status":"open","ping_status":"closed","sticky":false,"template":"","format":"standard","meta":{"_joinchat":[],"footnotes":""},"categories":[1],"tags":[],"class_list":["post-76659","post","type-post","status-publish","format-standard","hentry","category-sem-categoria"],"_links":{"self":[{"href":"https:\/\/folhadosudeste.com\/site\/index.php?rest_route=\/wp\/v2\/posts\/76659","targetHints":{"allow":["GET"]}}],"collection":[{"href":"https:\/\/folhadosudeste.com\/site\/index.php?rest_route=\/wp\/v2\/posts"}],"about":[{"href":"https:\/\/folhadosudeste.com\/site\/index.php?rest_route=\/wp\/v2\/types\/post"}],"author":[{"embeddable":true,"href":"https:\/\/folhadosudeste.com\/site\/index.php?rest_route=\/wp\/v2\/users\/6"}],"replies":[{"embeddable":true,"href":"https:\/\/folhadosudeste.com\/site\/index.php?rest_route=%2Fwp%2Fv2%2Fcomments&post=76659"}],"version-history":[{"count":1,"href":"https:\/\/folhadosudeste.com\/site\/index.php?rest_route=\/wp\/v2\/posts\/76659\/revisions"}],"predecessor-version":[{"id":76661,"href":"https:\/\/folhadosudeste.com\/site\/index.php?rest_route=\/wp\/v2\/posts\/76659\/revisions\/76661"}],"wp:attachment":[{"href":"https:\/\/folhadosudeste.com\/site\/index.php?rest_route=%2Fwp%2Fv2%2Fmedia&parent=76659"}],"wp:term":[{"taxonomy":"category","embeddable":true,"href":"https:\/\/folhadosudeste.com\/site\/index.php?rest_route=%2Fwp%2Fv2%2Fcategories&post=76659"},{"taxonomy":"post_tag","embeddable":true,"href":"https:\/\/folhadosudeste.com\/site\/index.php?rest_route=%2Fwp%2Fv2%2Ftags&post=76659"}],"curies":[{"name":"wp","href":"https:\/\/api.w.org\/{rel}","templated":true}]}}