{"id":76670,"date":"2021-08-09T20:05:29","date_gmt":"2021-08-09T20:05:29","guid":{"rendered":"http:\/\/folhadosudeste.com\/site\/?p=76670"},"modified":"2021-08-09T22:24:02","modified_gmt":"2021-08-09T22:24:02","slug":"nota-de-pesar-do-jornal-e-do-site-folha-do-sudeste","status":"publish","type":"post","link":"https:\/\/folhadosudeste.com\/site\/?p=76670","title":{"rendered":"Nota de Pesar do Jornal e do Site Folha do Sudeste"},"content":{"rendered":"<p><a href=\"http:\/\/folhadosudeste.com\/site\/wp-content\/uploads\/2021\/08\/WhatsApp-Image-2021-08-09-at-17.02.36.jpeg\"><img loading=\"lazy\" decoding=\"async\" class=\"alignnone  wp-image-76671\" src=\"http:\/\/folhadosudeste.com\/site\/wp-content\/uploads\/2021\/08\/WhatsApp-Image-2021-08-09-at-17.02.36.jpeg\" alt=\"\" width=\"778\" height=\"757\"><\/a><\/p>\n<p style=\"text-align: justify;\">\u00c9 com muita tristeza no cora\u00e7\u00e3o que divulgamos o falecimento do nosso amigo Marcos J\u00fanior da Cunha Lacerda. O Marquinho do Sindicato dos Servidores P\u00fablico de Muria\u00e9, era assim que eu o conhecia. Um jovem de 27 anos, alegre, cheio de vida e um futuro brilhante pela frente, at\u00e9 que o inesperado aconteceu, uma fatalidade, em poucos segundos perdeu a vida, por imprud\u00eancia de outro motorista. Marquinho sofreu um grave acidente, na noite do \u00faltimo domingo(8), por volta das 23h, pr\u00f3ximo ao munic\u00edpio de Eugen\u00f3polis, quando retornava da igreja, minutos antes ele tirou uma foto com os amigos e estava muito feliz, com certeza tinha acabado de participar de um culto especial.<\/p>\n<p><!--more--><\/p>\n<p style=\"text-align: justify;\">Ele estava em sua motocicleta, quando um autom\u00f3vel conduzido por um rapaz de 25 anos embriagado, invadiu a contram\u00e3o e tirou a sua vida. Infelizmente isso acontece todos os dias e todo momento, mas at\u00e9 quando vamos ficar ref\u00e9m dessas pessoas inconsequentes? \u00c9 lament\u00e1vel e muito triste que fam\u00edlias tenham que passar por isso. Deixamos aqui o nosso profundo sentimentos \u00e0 fam\u00edlia e pedimos a Deus em nossas ora\u00e7\u00f5es que conforte o cora\u00e7\u00e3o de cada um. V\u00e1 em paz Marquinhos. Sentiremos muita saudade de voc\u00ea. \u00c9 muito triste saber que n\u00e3o vou mais te ver com aquele sorris\u00e3o, quando for entregar o jornal no Sindicato.<\/p>\n<p><a href=\"http:\/\/folhadosudeste.com\/site\/wp-content\/uploads\/2021\/08\/WhatsApp-Image-2021-08-09-at-17.02.37.jpeg\"><img loading=\"lazy\" decoding=\"async\" class=\"alignnone size-full wp-image-76672\" src=\"http:\/\/folhadosudeste.com\/site\/wp-content\/uploads\/2021\/08\/WhatsApp-Image-2021-08-09-at-17.02.37.jpeg\" alt=\"\" width=\"1242\" height=\"913\" srcset=\"https:\/\/folhadosudeste.com\/site\/wp-content\/uploads\/2021\/08\/WhatsApp-Image-2021-08-09-at-17.02.37.jpeg 1242w, https:\/\/folhadosudeste.com\/site\/wp-content\/uploads\/2021\/08\/WhatsApp-Image-2021-08-09-at-17.02.37-300x221.jpeg 300w, https:\/\/folhadosudeste.com\/site\/wp-content\/uploads\/2021\/08\/WhatsApp-Image-2021-08-09-at-17.02.37-768x565.jpeg 768w, https:\/\/folhadosudeste.com\/site\/wp-content\/uploads\/2021\/08\/WhatsApp-Image-2021-08-09-at-17.02.37-1024x753.jpeg 1024w\" sizes=\"auto, (max-width: 1242px) 100vw, 1242px\" \/><\/a> <a href=\"http:\/\/folhadosudeste.com\/site\/wp-content\/uploads\/2021\/08\/WhatsApp-Image-2021-08-09-at-17.02.37-1.jpeg\"><img loading=\"lazy\" decoding=\"async\" class=\"alignnone size-full wp-image-76673\" src=\"http:\/\/folhadosudeste.com\/site\/wp-content\/uploads\/2021\/08\/WhatsApp-Image-2021-08-09-at-17.02.37-1.jpeg\" alt=\"\" width=\"750\" height=\"748\" srcset=\"https:\/\/folhadosudeste.com\/site\/wp-content\/uploads\/2021\/08\/WhatsApp-Image-2021-08-09-at-17.02.37-1.jpeg 750w, https:\/\/folhadosudeste.com\/site\/wp-content\/uploads\/2021\/08\/WhatsApp-Image-2021-08-09-at-17.02.37-1-150x150.jpeg 150w, https:\/\/folhadosudeste.com\/site\/wp-content\/uploads\/2021\/08\/WhatsApp-Image-2021-08-09-at-17.02.37-1-300x300.jpeg 300w\" sizes=\"auto, (max-width: 750px) 100vw, 750px\" \/><\/a><\/p>\n","protected":false},"excerpt":{"rendered":"<p>\u00c9 com muita tristeza no cora\u00e7\u00e3o que divulgamos o falecimento do nosso amigo Marcos J\u00fanior da Cunha Lacerda. O Marquinho do Sindicato dos Servidores P\u00fablico de Muria\u00e9, era assim que eu o conhecia. Um jovem de 27 anos, alegre, cheio de vida e um futuro brilhante pela frente, at\u00e9 que o inesperado aconteceu, uma fatalidade, [&hellip;]<\/p>\n","protected":false},"author":6,"featured_media":0,"comment_status":"open","ping_status":"closed","sticky":false,"template":"","format":"standard","meta":{"_joinchat":[],"footnotes":""},"categories":[1],"tags":[],"class_list":["post-76670","post","type-post","status-publish","format-standard","hentry","category-sem-categoria"],"_links":{"self":[{"href":"https:\/\/folhadosudeste.com\/site\/index.php?rest_route=\/wp\/v2\/posts\/76670","targetHints":{"allow":["GET"]}}],"collection":[{"href":"https:\/\/folhadosudeste.com\/site\/index.php?rest_route=\/wp\/v2\/posts"}],"about":[{"href":"https:\/\/folhadosudeste.com\/site\/index.php?rest_route=\/wp\/v2\/types\/post"}],"author":[{"embeddable":true,"href":"https:\/\/folhadosudeste.com\/site\/index.php?rest_route=\/wp\/v2\/users\/6"}],"replies":[{"embeddable":true,"href":"https:\/\/folhadosudeste.com\/site\/index.php?rest_route=%2Fwp%2Fv2%2Fcomments&post=76670"}],"version-history":[{"count":2,"href":"https:\/\/folhadosudeste.com\/site\/index.php?rest_route=\/wp\/v2\/posts\/76670\/revisions"}],"predecessor-version":[{"id":76690,"href":"https:\/\/folhadosudeste.com\/site\/index.php?rest_route=\/wp\/v2\/posts\/76670\/revisions\/76690"}],"wp:attachment":[{"href":"https:\/\/folhadosudeste.com\/site\/index.php?rest_route=%2Fwp%2Fv2%2Fmedia&parent=76670"}],"wp:term":[{"taxonomy":"category","embeddable":true,"href":"https:\/\/folhadosudeste.com\/site\/index.php?rest_route=%2Fwp%2Fv2%2Fcategories&post=76670"},{"taxonomy":"post_tag","embeddable":true,"href":"https:\/\/folhadosudeste.com\/site\/index.php?rest_route=%2Fwp%2Fv2%2Ftags&post=76670"}],"curies":[{"name":"wp","href":"https:\/\/api.w.org\/{rel}","templated":true}]}}