{"id":76675,"date":"2021-08-09T20:12:24","date_gmt":"2021-08-09T20:12:24","guid":{"rendered":"http:\/\/folhadosudeste.com\/site\/?p=76675"},"modified":"2021-08-09T20:12:24","modified_gmt":"2021-08-09T20:12:24","slug":"casos-de-covid-19-em-muriae-seguem-caindo","status":"publish","type":"post","link":"https:\/\/folhadosudeste.com\/site\/?p=76675","title":{"rendered":"Casos de covid-19 em Muria\u00e9 seguem caindo"},"content":{"rendered":"<div><a href=\"http:\/\/folhadosudeste.com\/site\/wp-content\/uploads\/2021\/08\/09082021.jpeg\"><img loading=\"lazy\" decoding=\"async\" class=\"alignnone size-full wp-image-76678\" src=\"http:\/\/folhadosudeste.com\/site\/wp-content\/uploads\/2021\/08\/09082021.jpeg\" alt=\"\" width=\"1080\" height=\"1080\" srcset=\"https:\/\/folhadosudeste.com\/site\/wp-content\/uploads\/2021\/08\/09082021.jpeg 1080w, https:\/\/folhadosudeste.com\/site\/wp-content\/uploads\/2021\/08\/09082021-150x150.jpeg 150w, https:\/\/folhadosudeste.com\/site\/wp-content\/uploads\/2021\/08\/09082021-300x300.jpeg 300w, https:\/\/folhadosudeste.com\/site\/wp-content\/uploads\/2021\/08\/09082021-768x768.jpeg 768w, https:\/\/folhadosudeste.com\/site\/wp-content\/uploads\/2021\/08\/09082021-1024x1024.jpeg 1024w\" sizes=\"auto, (max-width: 1080px) 100vw, 1080px\" \/><\/a><\/div>\n<div>&nbsp;<\/div>\n<div>Com o avan\u00e7ar da vacina\u00e7\u00e3o, os n\u00fameros da covid-19 em Muria\u00e9 seguem caindo. O total de pacientes ativos, que s\u00e3o as pessoas ainda em recupera\u00e7\u00e3o da doen\u00e7a, caiu pela quarta vez seguida e fechou em 102 nesta segunda-feira. Este foi o terceiro \u00edndice mais baixo registrado no ano.<\/div>\n<div>&nbsp;<\/div>\n<div>Desde o \u00faltimo boletim, publicado na sexta-feira, foram 20 novos casos de covid registrados na cidade. A faixa et\u00e1ria mais atingida foi a de 40-49 anos, com cinco confirma\u00e7\u00f5es.<\/div>\n<div>&nbsp;<\/div>\n<div>A m\u00e9dia m\u00f3vel, que mostra o cen\u00e1rio de evolu\u00e7\u00e3o da doen\u00e7a nos \u00faltimos 14 dias, ficou em 20,93. Este n\u00famero \u00e9 5,76% mais baixo que o de duas semanas atr\u00e1s, o que indica estabiliza\u00e7\u00e3o com tend\u00eancia de queda.<\/div>\n<p><!--more--><\/p>\n<div>Interna\u00e7\u00f5es &#8211; Atualmente, os hospitais de Muria\u00e9 est\u00e3o com 31 pacientes internados. Este n\u00famero divide-se da seguinte forma:<\/div>\n<div>&nbsp;<\/div>\n<div>Leitos cl\u00ednicos: 2 crian\u00e7as e 6 adultos<\/div>\n<div>Leitos de UTI: 2 crian\u00e7as e 21 adultos (8 est\u00e3o intubados)<\/div>\n<div>&nbsp;<\/div>\n<div>A ocupa\u00e7\u00e3o de UTIs do SUS destinadas ao tratamento da covid-19 em Muria\u00e9 est\u00e1 em 57%, com nove leitos dispon\u00edveis no momento.<\/div>\n<div>&nbsp;<\/div>\n<div>Vacina\u00e7\u00e3o &#8211; Na ter\u00e7a-feira, ser\u00e1 a vez dos muriaeenses de 27 anos receberem a primeira dose de vacina contra a covid-19.<\/div>\n<div>&nbsp;<\/div>\n<div>A aplica\u00e7\u00e3o da segunda dose de Astrazeneca tamb\u00e9m segue acontecendo de acordo com o seguinte calend\u00e1rio:<\/div>\n<div>&nbsp;<\/div>\n<div>10\/08 &#8211; para quem tomou a primeira dose at\u00e9 18\/05<\/div>\n<div>11\/08 &#8211; para quem tomou a primeira dose at\u00e9 19\/05<\/div>\n<div>12\/08 &#8211; para quem tomou a primeira dose at\u00e9 20\/05<\/div>\n<div>13\/08 &#8211; para quem tomou a primeira dose at\u00e9 21\/05<\/div>\n<div>&nbsp;<\/div>\n<div>N\u00fameros completos de hoje (09\/08\/2021):<\/div>\n<div>&nbsp;<\/div>\n<div>VACINA\u00c7\u00c3O<\/div>\n<div>Vacinados com uma dose: 64.924 (59,35% da popula\u00e7\u00e3o total)<\/div>\n<div>Vacinados com duas doses ou dose \u00fanica: 29.314 (26,8% da popula\u00e7\u00e3o total)<\/div>\n<div>&nbsp;<\/div>\n<div>PACIENTES<\/div>\n<div>Total de casos confirmados: 11.254 (+20)<\/div>\n<div>Pacientes ativos: 102<\/div>\n<div>Pacientes curados: 10.859<\/div>\n<div>\u00d3bitos: 293<\/div>\n<div>Investigados \/ Monitorados: 83<\/div>\n<div style=\"text-align: justify;\">Negativos: 12.538<\/div>\n<div>&nbsp;<\/div>\n<div><a href=\"http:\/\/folhadosudeste.com\/site\/wp-content\/uploads\/2021\/08\/CASOS-DE-COVID-19-EM-MURIA\u00c9-POR-FAIXA-ET\u00c1RIA-09_08_2021-1.png\"><img loading=\"lazy\" decoding=\"async\" class=\"alignnone size-full wp-image-76679\" src=\"http:\/\/folhadosudeste.com\/site\/wp-content\/uploads\/2021\/08\/CASOS-DE-COVID-19-EM-MURIA\u00c9-POR-FAIXA-ET\u00c1RIA-09_08_2021-1.png\" alt=\"\" width=\"1044\" height=\"739\" srcset=\"https:\/\/folhadosudeste.com\/site\/wp-content\/uploads\/2021\/08\/CASOS-DE-COVID-19-EM-MURIA\u00c9-POR-FAIXA-ET\u00c1RIA-09_08_2021-1.png 1044w, https:\/\/folhadosudeste.com\/site\/wp-content\/uploads\/2021\/08\/CASOS-DE-COVID-19-EM-MURIA\u00c9-POR-FAIXA-ET\u00c1RIA-09_08_2021-1-300x212.png 300w, https:\/\/folhadosudeste.com\/site\/wp-content\/uploads\/2021\/08\/CASOS-DE-COVID-19-EM-MURIA\u00c9-POR-FAIXA-ET\u00c1RIA-09_08_2021-1-768x544.png 768w, https:\/\/folhadosudeste.com\/site\/wp-content\/uploads\/2021\/08\/CASOS-DE-COVID-19-EM-MURIA\u00c9-POR-FAIXA-ET\u00c1RIA-09_08_2021-1-1024x725.png 1024w\" sizes=\"auto, (max-width: 1044px) 100vw, 1044px\" \/><\/a> <a href=\"http:\/\/folhadosudeste.com\/site\/wp-content\/uploads\/2021\/08\/M\u00c9DIA-M\u00d3VEL-DE-CASOS-E-\u00d3BITOS-\u00daLTIMOS-14-DIAS-4-1.png\"><img loading=\"lazy\" decoding=\"async\" class=\"alignnone size-full wp-image-76680\" src=\"http:\/\/folhadosudeste.com\/site\/wp-content\/uploads\/2021\/08\/M\u00c9DIA-M\u00d3VEL-DE-CASOS-E-\u00d3BITOS-\u00daLTIMOS-14-DIAS-4-1.png\" alt=\"\" width=\"1377\" height=\"756\" srcset=\"https:\/\/folhadosudeste.com\/site\/wp-content\/uploads\/2021\/08\/M\u00c9DIA-M\u00d3VEL-DE-CASOS-E-\u00d3BITOS-\u00daLTIMOS-14-DIAS-4-1.png 1377w, https:\/\/folhadosudeste.com\/site\/wp-content\/uploads\/2021\/08\/M\u00c9DIA-M\u00d3VEL-DE-CASOS-E-\u00d3BITOS-\u00daLTIMOS-14-DIAS-4-1-300x165.png 300w, https:\/\/folhadosudeste.com\/site\/wp-content\/uploads\/2021\/08\/M\u00c9DIA-M\u00d3VEL-DE-CASOS-E-\u00d3BITOS-\u00daLTIMOS-14-DIAS-4-1-768x422.png 768w, https:\/\/folhadosudeste.com\/site\/wp-content\/uploads\/2021\/08\/M\u00c9DIA-M\u00d3VEL-DE-CASOS-E-\u00d3BITOS-\u00daLTIMOS-14-DIAS-4-1-1024x562.png 1024w\" sizes=\"auto, (max-width: 1377px) 100vw, 1377px\" \/><\/a><\/div>\n","protected":false},"excerpt":{"rendered":"<p>&nbsp; Com o avan\u00e7ar da vacina\u00e7\u00e3o, os n\u00fameros da covid-19 em Muria\u00e9 seguem caindo. O total de pacientes ativos, que s\u00e3o as pessoas ainda em recupera\u00e7\u00e3o da doen\u00e7a, caiu pela quarta vez seguida e fechou em 102 nesta segunda-feira. Este foi o terceiro \u00edndice mais baixo registrado no ano. &nbsp; Desde o \u00faltimo boletim, publicado [&hellip;]<\/p>\n","protected":false},"author":6,"featured_media":0,"comment_status":"open","ping_status":"closed","sticky":false,"template":"","format":"standard","meta":{"_joinchat":[],"footnotes":""},"categories":[1],"tags":[],"class_list":["post-76675","post","type-post","status-publish","format-standard","hentry","category-sem-categoria"],"_links":{"self":[{"href":"https:\/\/folhadosudeste.com\/site\/index.php?rest_route=\/wp\/v2\/posts\/76675","targetHints":{"allow":["GET"]}}],"collection":[{"href":"https:\/\/folhadosudeste.com\/site\/index.php?rest_route=\/wp\/v2\/posts"}],"about":[{"href":"https:\/\/folhadosudeste.com\/site\/index.php?rest_route=\/wp\/v2\/types\/post"}],"author":[{"embeddable":true,"href":"https:\/\/folhadosudeste.com\/site\/index.php?rest_route=\/wp\/v2\/users\/6"}],"replies":[{"embeddable":true,"href":"https:\/\/folhadosudeste.com\/site\/index.php?rest_route=%2Fwp%2Fv2%2Fcomments&post=76675"}],"version-history":[{"count":1,"href":"https:\/\/folhadosudeste.com\/site\/index.php?rest_route=\/wp\/v2\/posts\/76675\/revisions"}],"predecessor-version":[{"id":76681,"href":"https:\/\/folhadosudeste.com\/site\/index.php?rest_route=\/wp\/v2\/posts\/76675\/revisions\/76681"}],"wp:attachment":[{"href":"https:\/\/folhadosudeste.com\/site\/index.php?rest_route=%2Fwp%2Fv2%2Fmedia&parent=76675"}],"wp:term":[{"taxonomy":"category","embeddable":true,"href":"https:\/\/folhadosudeste.com\/site\/index.php?rest_route=%2Fwp%2Fv2%2Fcategories&post=76675"},{"taxonomy":"post_tag","embeddable":true,"href":"https:\/\/folhadosudeste.com\/site\/index.php?rest_route=%2Fwp%2Fv2%2Ftags&post=76675"}],"curies":[{"name":"wp","href":"https:\/\/api.w.org\/{rel}","templated":true}]}}