{"id":76696,"date":"2021-08-10T18:20:41","date_gmt":"2021-08-10T18:20:41","guid":{"rendered":"http:\/\/folhadosudeste.com\/site\/?p=76696"},"modified":"2021-08-10T18:20:41","modified_gmt":"2021-08-10T18:20:41","slug":"fundarte-abre-vagas-de-estagiario-para-arquitetura-e-urbanismo","status":"publish","type":"post","link":"https:\/\/folhadosudeste.com\/site\/?p=76696","title":{"rendered":"Fundarte abre vagas de est\u00e1gi\u00e1rio para arquitetura e urbanismo"},"content":{"rendered":"<div id=\":1ua\" class=\"ii gt\">\n<div id=\":1u9\" class=\"a3s aiL \">\n<div>\n<div>\n<div>\n<p align=\"justify\"><a href=\"http:\/\/folhadosudeste.com\/site\/wp-content\/uploads\/2021\/08\/desenhista-arquiteto.jpg\"><img loading=\"lazy\" decoding=\"async\" class=\"alignnone size-full wp-image-76697\" src=\"http:\/\/folhadosudeste.com\/site\/wp-content\/uploads\/2021\/08\/desenhista-arquiteto.jpg\" alt=\"\" width=\"960\" height=\"640\" srcset=\"https:\/\/folhadosudeste.com\/site\/wp-content\/uploads\/2021\/08\/desenhista-arquiteto.jpg 960w, https:\/\/folhadosudeste.com\/site\/wp-content\/uploads\/2021\/08\/desenhista-arquiteto-300x200.jpg 300w, https:\/\/folhadosudeste.com\/site\/wp-content\/uploads\/2021\/08\/desenhista-arquiteto-768x512.jpg 768w, https:\/\/folhadosudeste.com\/site\/wp-content\/uploads\/2021\/08\/desenhista-arquiteto-120x80.jpg 120w, https:\/\/folhadosudeste.com\/site\/wp-content\/uploads\/2021\/08\/desenhista-arquiteto-345x230.jpg 345w\" sizes=\"auto, (max-width: 960px) 100vw, 960px\" \/><\/a><\/p>\n<p style=\"text-align: justify;\" align=\"justify\">A Funda\u00e7\u00e3o de Cultura e Arte&nbsp;est\u00e1 com vagas abertas para estagi\u00e1rios&nbsp;de&nbsp;Arquitetura e Urbanismo&nbsp;at\u00e9 18&nbsp;de agosto&nbsp;e oferece&nbsp;bolsa no&nbsp;valor de R$ 723,75 (setecentos e vinte e tr\u00eas reais e setenta e cinco centavos) mensais.&nbsp;Interessados em participar precisam&nbsp;estar matriculados&nbsp;entre&nbsp;5\u00ba&nbsp;e&nbsp;8\u00ba per\u00edodo.<\/p>\n<p style=\"text-align: justify;\" align=\"justify\">As inscri\u00e7\u00f5es s\u00e3o realizadas&nbsp;atrav\u00e9s do e-mail:&nbsp;<a href=\"mailto:estagiofundarte@gmail.com\" target=\"_blank\" rel=\"noopener\">estagiofundarte@gmail.com<\/a>&nbsp;com o assunto \u201cEdital de Processo Seletivo para estagi\u00e1rio de gradua\u00e7\u00e3o em Arquitetura e Urbanismo\u201d.&nbsp;N\u00e3o ser\u00e3o aceitas de forma&nbsp;presencial.&nbsp;Para fazer o registro, estudantes precisam&nbsp;afixar ao e-mail&nbsp;a&nbsp;ficha de inscri\u00e7\u00e3o preenchida e digitalizada em PDF,&nbsp;assim como a&nbsp;c\u00f3pia de documento de identidade oficial com foto&nbsp;(RG,&nbsp;certificado de reservista, carteira de trabalho,&nbsp;CNH&nbsp;ou Passaporte&nbsp;&#8211;&nbsp;em formato PDF).<\/p>\n<\/div>\n<\/div>\n<\/div>\n<\/div>\n<\/div>\n<p><!--more--><\/p>\n<div id=\":1u9\" class=\"a3s aiL \">\n<div>\n<div>\n<div>\n<p style=\"text-align: justify;\" align=\"justify\">A jornada&nbsp;ser\u00e1&nbsp;de 30 horas semanais, distribu\u00eddas em&nbsp;seis&nbsp;horas&nbsp;de trabalho&nbsp;di\u00e1rio,&nbsp;cinco&nbsp;dias por semana. O candidato convocado&nbsp;receber\u00e1&nbsp;seguro de vida e&nbsp;de&nbsp;acidentes pessoais,&nbsp;al\u00e9m do&nbsp;vale transporte.<\/p>\n<p style=\"text-align: justify;\" align=\"justify\"><b>Das provas<\/b><\/p>\n<p style=\"text-align: justify;\" align=\"justify\">O material das provas est\u00e1 descrito no edital. A prova pr\u00e1tica ser\u00e1 realizada na data prov\u00e1vel de 01 de setembro de 2021, das 13:30 \u00e0s 17:30 horas, em local a ser definido em Edital de Convoca\u00e7\u00e3o (<a href=\"http:\/\/www\/\" target=\"_blank\" rel=\"noopener\" data-saferedirecturl=\"https:\/\/www.google.com\/url?q=http:\/\/www&amp;source=gmail&amp;ust=1628705776408000&amp;usg=AFQjCNFt3krFr_Gj_lbNlGaFZzmde20eQA\">http:\/\/www<\/a>.&nbsp;<a href=\"http:\/\/fundartemuriae.com.br\/edital\" target=\"_blank\" rel=\"noopener\" data-saferedirecturl=\"https:\/\/www.google.com\/url?q=http:\/\/fundartemuriae.com.br\/edital&amp;source=gmail&amp;ust=1628705776409000&amp;usg=AFQjCNHhxkRLlUDmb7EY3plIlQH9hhU_HQ\">fundartemuriae.com.br\/edital<\/a>).<\/p>\n<p style=\"text-align: justify;\" align=\"justify\">O resultado ser\u00e1 publicado no dia 10 de setembro de 2021, no Di\u00e1rio Oficial dos Munic\u00edpios Mineiros, bem como na p\u00e1gina da Fundarte, al\u00e9m de afixado no mural da institui\u00e7\u00e3o cultural.<\/p>\n<p style=\"text-align: justify;\" align=\"justify\"><b>Condi\u00e7\u00f5es para prova<\/b><\/p>\n<p style=\"text-align: justify;\" align=\"justify\">Os candidatos dever\u00e3o comparecer ao local com anteced\u00eancia m\u00ednima de 30 minutos do hor\u00e1rio da prova, munidos de caneta esferogr\u00e1fica de tinta azul ou preta, documento de identifica\u00e7\u00e3o oficial com foto, munido comprovante de inscri\u00e7\u00e3o e utilizando m\u00e1scara.<\/p>\n<p style=\"text-align: justify;\" align=\"justify\">\u00c9 indispens\u00e1vel que compare\u00e7a \u00e0s provas portando o pr\u00f3prio notebook no qual tenha instalado o programa AutoCad\u00ae, desconectado da rede mundial de computadores (internet), sob pena de desclassifica\u00e7\u00e3o. N\u00e3o ser\u00e3o permitidas consultas a quaisquer materiais did\u00e1ticos ou de outra origem.<\/p>\n<p style=\"text-align: justify;\" align=\"justify\"><b>Candidatos com defici\u00eancia<\/b><\/p>\n<p style=\"text-align: justify;\" align=\"justify\">Para candidatos com defici\u00eancia \u00e9 necess\u00e1ria o envio de c\u00f3pia de laudo m\u00e9dico expedido no prazo m\u00e1ximo de 90 dias antes do t\u00e9rmino das inscri\u00e7\u00f5es,&nbsp;indicando&nbsp;esp\u00e9cie e grau da defici\u00eancia.<\/p>\n<\/div>\n<\/div>\n<\/div>\n<\/div>\n<div id=\":1v4\" class=\"hq gt a10\">\n<div class=\"hp\" style=\"text-align: justify;\">&nbsp;<\/div>\n<\/div>\n","protected":false},"excerpt":{"rendered":"<p>A Funda\u00e7\u00e3o de Cultura e Arte&nbsp;est\u00e1 com vagas abertas para estagi\u00e1rios&nbsp;de&nbsp;Arquitetura e Urbanismo&nbsp;at\u00e9 18&nbsp;de agosto&nbsp;e oferece&nbsp;bolsa no&nbsp;valor de R$ 723,75 (setecentos e vinte e tr\u00eas reais e setenta e cinco centavos) mensais.&nbsp;Interessados em participar precisam&nbsp;estar matriculados&nbsp;entre&nbsp;5\u00ba&nbsp;e&nbsp;8\u00ba per\u00edodo. As inscri\u00e7\u00f5es s\u00e3o realizadas&nbsp;atrav\u00e9s do e-mail:&nbsp;estagiofundarte@gmail.com&nbsp;com o assunto \u201cEdital de Processo Seletivo para estagi\u00e1rio de gradua\u00e7\u00e3o em Arquitetura [&hellip;]<\/p>\n","protected":false},"author":6,"featured_media":0,"comment_status":"open","ping_status":"closed","sticky":false,"template":"","format":"standard","meta":{"_joinchat":[],"footnotes":""},"categories":[1],"tags":[],"class_list":["post-76696","post","type-post","status-publish","format-standard","hentry","category-sem-categoria"],"_links":{"self":[{"href":"https:\/\/folhadosudeste.com\/site\/index.php?rest_route=\/wp\/v2\/posts\/76696","targetHints":{"allow":["GET"]}}],"collection":[{"href":"https:\/\/folhadosudeste.com\/site\/index.php?rest_route=\/wp\/v2\/posts"}],"about":[{"href":"https:\/\/folhadosudeste.com\/site\/index.php?rest_route=\/wp\/v2\/types\/post"}],"author":[{"embeddable":true,"href":"https:\/\/folhadosudeste.com\/site\/index.php?rest_route=\/wp\/v2\/users\/6"}],"replies":[{"embeddable":true,"href":"https:\/\/folhadosudeste.com\/site\/index.php?rest_route=%2Fwp%2Fv2%2Fcomments&post=76696"}],"version-history":[{"count":1,"href":"https:\/\/folhadosudeste.com\/site\/index.php?rest_route=\/wp\/v2\/posts\/76696\/revisions"}],"predecessor-version":[{"id":76698,"href":"https:\/\/folhadosudeste.com\/site\/index.php?rest_route=\/wp\/v2\/posts\/76696\/revisions\/76698"}],"wp:attachment":[{"href":"https:\/\/folhadosudeste.com\/site\/index.php?rest_route=%2Fwp%2Fv2%2Fmedia&parent=76696"}],"wp:term":[{"taxonomy":"category","embeddable":true,"href":"https:\/\/folhadosudeste.com\/site\/index.php?rest_route=%2Fwp%2Fv2%2Fcategories&post=76696"},{"taxonomy":"post_tag","embeddable":true,"href":"https:\/\/folhadosudeste.com\/site\/index.php?rest_route=%2Fwp%2Fv2%2Ftags&post=76696"}],"curies":[{"name":"wp","href":"https:\/\/api.w.org\/{rel}","templated":true}]}}