{"id":76735,"date":"2021-08-12T21:43:08","date_gmt":"2021-08-12T21:43:08","guid":{"rendered":"http:\/\/folhadosudeste.com\/site\/?p=76735"},"modified":"2021-08-12T21:43:41","modified_gmt":"2021-08-12T21:43:41","slug":"76735","status":"publish","type":"post","link":"https:\/\/folhadosudeste.com\/site\/?p=76735","title":{"rendered":"O total de pacientes ativos da covid-19 em Muria\u00e9 segue em queda"},"content":{"rendered":"<div><a href=\"http:\/\/folhadosudeste.com\/site\/wp-content\/uploads\/2021\/08\/12082021.jpg\"><img loading=\"lazy\" decoding=\"async\" class=\"alignnone size-full wp-image-76736\" src=\"http:\/\/folhadosudeste.com\/site\/wp-content\/uploads\/2021\/08\/12082021.jpg\" alt=\"\" width=\"1080\" height=\"1080\" srcset=\"https:\/\/folhadosudeste.com\/site\/wp-content\/uploads\/2021\/08\/12082021.jpg 1080w, https:\/\/folhadosudeste.com\/site\/wp-content\/uploads\/2021\/08\/12082021-150x150.jpg 150w, https:\/\/folhadosudeste.com\/site\/wp-content\/uploads\/2021\/08\/12082021-300x300.jpg 300w, https:\/\/folhadosudeste.com\/site\/wp-content\/uploads\/2021\/08\/12082021-768x768.jpg 768w, https:\/\/folhadosudeste.com\/site\/wp-content\/uploads\/2021\/08\/12082021-1024x1024.jpg 1024w\" sizes=\"auto, (max-width: 1080px) 100vw, 1080px\" \/><\/a><\/div>\n<div style=\"text-align: justify;\">O boletim de hoje mostrou que, no momento, 86 pessoas est\u00e3o em recupera\u00e7\u00e3o da doen\u00e7a na cidade, 158 a menos do que havia 10 dias atr\u00e1s.<\/div>\n<div style=\"text-align: justify;\">&nbsp;<\/div>\n<div style=\"text-align: justify;\">A m\u00e9dia m\u00f3vel referente aos dados das \u00faltimas duas semanas tamb\u00e9m est\u00e1 em queda. Nesta quinta-feira, ela \u00e9 30% inferoir ao \u00edndice obtido h\u00e1 14 dias.<\/div>\n<div style=\"text-align: justify;\">&nbsp;<\/div>\n<div style=\"text-align: justify;\">Ainda assim, continuam sendo confirmados novos casos diariamente, mas em ritmo mais lento que antes. Nesta quinta, foram 12 novas infec\u00e7\u00f5es pelo coronav\u00edrus.<\/div>\n<p><!--more--><\/p>\n<div style=\"text-align: justify;\">Vacina\u00e7\u00e3o &#8211; A campanha de imuniza\u00e7\u00e3o contra a covid-19 segue acontecendo. Na sexta-feira, ser\u00e1 a vez dos jovens de 24 anos receberem a primeira dose de vacina.<\/div>\n<div style=\"text-align: justify;\">&nbsp;<\/div>\n<div style=\"text-align: justify;\">J\u00e1 a segunda dose da Astrazeneca ser\u00e1 aplicada em quem tomou a dose inicial at\u00e9 o dia 21 de maio.<\/div>\n<div style=\"text-align: justify;\">&nbsp;<\/div>\n<div style=\"text-align: justify;\">Em ambos os casos, a vacina\u00e7\u00e3o acontece das 8h \u00e0s 11h, nas UBSs dos bairros Dornelas, Padre Tiago, Planalto, Primavera e S\u00e3o Francisco.<\/div>\n<div style=\"text-align: justify;\">&nbsp;<\/div>\n<div style=\"text-align: justify;\">N\u00fameros completos de hoje (12\/08\/2021):<\/div>\n<div style=\"text-align: justify;\">&nbsp;<\/div>\n<div style=\"text-align: justify;\">VACINA\u00c7\u00c3O<\/div>\n<div style=\"text-align: justify;\">Vacinados com uma dose: 67.470 (61,68% da popula\u00e7\u00e3o total)<\/div>\n<div style=\"text-align: justify;\">Vacinados com duas doses ou dose \u00fanica: 31.072 (28,4% da popula\u00e7\u00e3o total)<\/div>\n<div style=\"text-align: justify;\">&nbsp;<\/div>\n<div style=\"text-align: justify;\">PACIENTES<\/div>\n<div style=\"text-align: justify;\">Total de casos confirmados: 11.297 (+12)<\/div>\n<div style=\"text-align: justify;\">Pacientes ativos: 86<\/div>\n<div style=\"text-align: justify;\">Pacientes curados: 10.913<\/div>\n<div style=\"text-align: justify;\">\u00d3bitos: 298<\/div>\n<div style=\"text-align: justify;\">Investigados \/ Monitorados: 82<\/div>\n<div style=\"text-align: justify;\">Negativos: 12.862<\/div>\n<div><a href=\"http:\/\/folhadosudeste.com\/site\/wp-content\/uploads\/2021\/08\/M\u00c9DIA-M\u00d3VEL-DE-CASOS-E-\u00d3BITOS-\u00daLTIMOS-14-DIAS-6.png\"><img loading=\"lazy\" decoding=\"async\" class=\"alignnone size-full wp-image-76737\" src=\"http:\/\/folhadosudeste.com\/site\/wp-content\/uploads\/2021\/08\/M\u00c9DIA-M\u00d3VEL-DE-CASOS-E-\u00d3BITOS-\u00daLTIMOS-14-DIAS-6.png\" alt=\"\" width=\"1377\" height=\"756\" srcset=\"https:\/\/folhadosudeste.com\/site\/wp-content\/uploads\/2021\/08\/M\u00c9DIA-M\u00d3VEL-DE-CASOS-E-\u00d3BITOS-\u00daLTIMOS-14-DIAS-6.png 1377w, https:\/\/folhadosudeste.com\/site\/wp-content\/uploads\/2021\/08\/M\u00c9DIA-M\u00d3VEL-DE-CASOS-E-\u00d3BITOS-\u00daLTIMOS-14-DIAS-6-300x165.png 300w, https:\/\/folhadosudeste.com\/site\/wp-content\/uploads\/2021\/08\/M\u00c9DIA-M\u00d3VEL-DE-CASOS-E-\u00d3BITOS-\u00daLTIMOS-14-DIAS-6-768x422.png 768w, https:\/\/folhadosudeste.com\/site\/wp-content\/uploads\/2021\/08\/M\u00c9DIA-M\u00d3VEL-DE-CASOS-E-\u00d3BITOS-\u00daLTIMOS-14-DIAS-6-1024x562.png 1024w\" sizes=\"auto, (max-width: 1377px) 100vw, 1377px\" \/><\/a><\/div>\n","protected":false},"excerpt":{"rendered":"<p>O boletim de hoje mostrou que, no momento, 86 pessoas est\u00e3o em recupera\u00e7\u00e3o da doen\u00e7a na cidade, 158 a menos do que havia 10 dias atr\u00e1s. &nbsp; A m\u00e9dia m\u00f3vel referente aos dados das \u00faltimas duas semanas tamb\u00e9m est\u00e1 em queda. Nesta quinta-feira, ela \u00e9 30% inferoir ao \u00edndice obtido h\u00e1 14 dias. &nbsp; Ainda [&hellip;]<\/p>\n","protected":false},"author":6,"featured_media":0,"comment_status":"open","ping_status":"closed","sticky":false,"template":"","format":"standard","meta":{"_joinchat":[],"footnotes":""},"categories":[1],"tags":[],"class_list":["post-76735","post","type-post","status-publish","format-standard","hentry","category-sem-categoria"],"_links":{"self":[{"href":"https:\/\/folhadosudeste.com\/site\/index.php?rest_route=\/wp\/v2\/posts\/76735","targetHints":{"allow":["GET"]}}],"collection":[{"href":"https:\/\/folhadosudeste.com\/site\/index.php?rest_route=\/wp\/v2\/posts"}],"about":[{"href":"https:\/\/folhadosudeste.com\/site\/index.php?rest_route=\/wp\/v2\/types\/post"}],"author":[{"embeddable":true,"href":"https:\/\/folhadosudeste.com\/site\/index.php?rest_route=\/wp\/v2\/users\/6"}],"replies":[{"embeddable":true,"href":"https:\/\/folhadosudeste.com\/site\/index.php?rest_route=%2Fwp%2Fv2%2Fcomments&post=76735"}],"version-history":[{"count":2,"href":"https:\/\/folhadosudeste.com\/site\/index.php?rest_route=\/wp\/v2\/posts\/76735\/revisions"}],"predecessor-version":[{"id":76739,"href":"https:\/\/folhadosudeste.com\/site\/index.php?rest_route=\/wp\/v2\/posts\/76735\/revisions\/76739"}],"wp:attachment":[{"href":"https:\/\/folhadosudeste.com\/site\/index.php?rest_route=%2Fwp%2Fv2%2Fmedia&parent=76735"}],"wp:term":[{"taxonomy":"category","embeddable":true,"href":"https:\/\/folhadosudeste.com\/site\/index.php?rest_route=%2Fwp%2Fv2%2Fcategories&post=76735"},{"taxonomy":"post_tag","embeddable":true,"href":"https:\/\/folhadosudeste.com\/site\/index.php?rest_route=%2Fwp%2Fv2%2Ftags&post=76735"}],"curies":[{"name":"wp","href":"https:\/\/api.w.org\/{rel}","templated":true}]}}