{"id":76761,"date":"2021-08-13T13:50:47","date_gmt":"2021-08-13T13:50:47","guid":{"rendered":"http:\/\/folhadosudeste.com\/site\/?p=76761"},"modified":"2021-08-13T13:50:47","modified_gmt":"2021-08-13T13:50:47","slug":"juventude-realiza-exposicao-na-praca","status":"publish","type":"post","link":"https:\/\/folhadosudeste.com\/site\/?p=76761","title":{"rendered":"Juventude realiza exposi\u00e7\u00e3o na pra\u00e7a"},"content":{"rendered":"<div id=\":18y\" class=\"ii gt\">\n<div id=\":18z\" class=\"a3s aiL \">\n<p><a href=\"http:\/\/folhadosudeste.com\/site\/wp-content\/uploads\/2021\/08\/Feira-da-Juventude.5.jpg\"><img loading=\"lazy\" decoding=\"async\" class=\"alignnone size-full wp-image-76762\" src=\"http:\/\/folhadosudeste.com\/site\/wp-content\/uploads\/2021\/08\/Feira-da-Juventude.5.jpg\" alt=\"\" width=\"1280\" height=\"960\" srcset=\"https:\/\/folhadosudeste.com\/site\/wp-content\/uploads\/2021\/08\/Feira-da-Juventude.5.jpg 1280w, https:\/\/folhadosudeste.com\/site\/wp-content\/uploads\/2021\/08\/Feira-da-Juventude.5-300x225.jpg 300w, https:\/\/folhadosudeste.com\/site\/wp-content\/uploads\/2021\/08\/Feira-da-Juventude.5-768x576.jpg 768w, https:\/\/folhadosudeste.com\/site\/wp-content\/uploads\/2021\/08\/Feira-da-Juventude.5-1024x768.jpg 1024w\" sizes=\"auto, (max-width: 1280px) 100vw, 1280px\" \/><\/a><\/p>\n<p style=\"text-align: justify;\">O setor de Juventude da Fundarte comemora o \u2018Dia Internacional da Juventude\u2019 com exposi\u00e7\u00e3o de artes na Pra\u00e7a Coronel Pacheco de Medeiros durante todo o dia de hoje (13).<\/p>\n<p style=\"text-align: justify;\">O evento apresenta interven\u00e7\u00f5es art\u00edsticas que mostram as a\u00e7\u00f5es da juventude e muitas obras de arte produzidas por eles. As pe\u00e7as est\u00e3o enfeitando os canteiros da pra\u00e7a com o prop\u00f3sito de mostrar \u00e0 popula\u00e7\u00e3o o talento dos jovens da cidade.<\/p>\n<\/div>\n<\/div>\n<p><!--more--><\/p>\n<p>A mostra tamb\u00e9m conta com a apresenta\u00e7\u00e3o de m\u00fasicas compostas pelos jovens artistas, as quais est\u00e3o sendo reproduzidas por aparelho de som no espa\u00e7o p\u00fablico. As festividades tamb\u00e9m envolvem leituras e declama\u00e7\u00e3o de poesias.<\/p>\n<p>O setor de Juventude quer incentivar o jovem a contribuir com o seu bairro e produzir pe\u00e7as art\u00edsticas.<\/p>\n<div id=\":1ct\" class=\"hq gt\" style=\"text-align: justify;\"><a href=\"http:\/\/folhadosudeste.com\/site\/wp-content\/uploads\/2021\/08\/Feira-da-Juventude.4.jpg\"><img loading=\"lazy\" decoding=\"async\" class=\"alignnone size-full wp-image-76763\" src=\"http:\/\/folhadosudeste.com\/site\/wp-content\/uploads\/2021\/08\/Feira-da-Juventude.4.jpg\" alt=\"\" width=\"1280\" height=\"960\" srcset=\"https:\/\/folhadosudeste.com\/site\/wp-content\/uploads\/2021\/08\/Feira-da-Juventude.4.jpg 1280w, https:\/\/folhadosudeste.com\/site\/wp-content\/uploads\/2021\/08\/Feira-da-Juventude.4-300x225.jpg 300w, https:\/\/folhadosudeste.com\/site\/wp-content\/uploads\/2021\/08\/Feira-da-Juventude.4-768x576.jpg 768w, https:\/\/folhadosudeste.com\/site\/wp-content\/uploads\/2021\/08\/Feira-da-Juventude.4-1024x768.jpg 1024w\" sizes=\"auto, (max-width: 1280px) 100vw, 1280px\" \/><\/a><a href=\"http:\/\/folhadosudeste.com\/site\/wp-content\/uploads\/2021\/08\/Feira-da-Juventude.3.jpg\"><img loading=\"lazy\" decoding=\"async\" class=\"alignnone size-full wp-image-76764\" src=\"http:\/\/folhadosudeste.com\/site\/wp-content\/uploads\/2021\/08\/Feira-da-Juventude.3.jpg\" alt=\"\" width=\"1280\" height=\"960\" srcset=\"https:\/\/folhadosudeste.com\/site\/wp-content\/uploads\/2021\/08\/Feira-da-Juventude.3.jpg 1280w, https:\/\/folhadosudeste.com\/site\/wp-content\/uploads\/2021\/08\/Feira-da-Juventude.3-300x225.jpg 300w, https:\/\/folhadosudeste.com\/site\/wp-content\/uploads\/2021\/08\/Feira-da-Juventude.3-768x576.jpg 768w, https:\/\/folhadosudeste.com\/site\/wp-content\/uploads\/2021\/08\/Feira-da-Juventude.3-1024x768.jpg 1024w\" sizes=\"auto, (max-width: 1280px) 100vw, 1280px\" \/><\/a><\/div>\n","protected":false},"excerpt":{"rendered":"<p>O setor de Juventude da Fundarte comemora o \u2018Dia Internacional da Juventude\u2019 com exposi\u00e7\u00e3o de artes na Pra\u00e7a Coronel Pacheco de Medeiros durante todo o dia de hoje (13). O evento apresenta interven\u00e7\u00f5es art\u00edsticas que mostram as a\u00e7\u00f5es da juventude e muitas obras de arte produzidas por eles. As pe\u00e7as est\u00e3o enfeitando os canteiros da [&hellip;]<\/p>\n","protected":false},"author":6,"featured_media":0,"comment_status":"open","ping_status":"closed","sticky":false,"template":"","format":"standard","meta":{"_joinchat":[],"footnotes":""},"categories":[1],"tags":[],"class_list":["post-76761","post","type-post","status-publish","format-standard","hentry","category-sem-categoria"],"_links":{"self":[{"href":"https:\/\/folhadosudeste.com\/site\/index.php?rest_route=\/wp\/v2\/posts\/76761","targetHints":{"allow":["GET"]}}],"collection":[{"href":"https:\/\/folhadosudeste.com\/site\/index.php?rest_route=\/wp\/v2\/posts"}],"about":[{"href":"https:\/\/folhadosudeste.com\/site\/index.php?rest_route=\/wp\/v2\/types\/post"}],"author":[{"embeddable":true,"href":"https:\/\/folhadosudeste.com\/site\/index.php?rest_route=\/wp\/v2\/users\/6"}],"replies":[{"embeddable":true,"href":"https:\/\/folhadosudeste.com\/site\/index.php?rest_route=%2Fwp%2Fv2%2Fcomments&post=76761"}],"version-history":[{"count":1,"href":"https:\/\/folhadosudeste.com\/site\/index.php?rest_route=\/wp\/v2\/posts\/76761\/revisions"}],"predecessor-version":[{"id":76765,"href":"https:\/\/folhadosudeste.com\/site\/index.php?rest_route=\/wp\/v2\/posts\/76761\/revisions\/76765"}],"wp:attachment":[{"href":"https:\/\/folhadosudeste.com\/site\/index.php?rest_route=%2Fwp%2Fv2%2Fmedia&parent=76761"}],"wp:term":[{"taxonomy":"category","embeddable":true,"href":"https:\/\/folhadosudeste.com\/site\/index.php?rest_route=%2Fwp%2Fv2%2Fcategories&post=76761"},{"taxonomy":"post_tag","embeddable":true,"href":"https:\/\/folhadosudeste.com\/site\/index.php?rest_route=%2Fwp%2Fv2%2Ftags&post=76761"}],"curies":[{"name":"wp","href":"https:\/\/api.w.org\/{rel}","templated":true}]}}