{"id":76787,"date":"2021-08-13T14:55:36","date_gmt":"2021-08-13T14:55:36","guid":{"rendered":"http:\/\/folhadosudeste.com\/site\/?p=76787"},"modified":"2021-08-13T17:07:43","modified_gmt":"2021-08-13T17:07:43","slug":"paroquia-santa-cruz-realizou-o-sorteio-da-moto-0km-da-doacao-premiada","status":"publish","type":"post","link":"https:\/\/folhadosudeste.com\/site\/?p=76787","title":{"rendered":"Par\u00f3quia Santa Cruz, realizou o sorteio da Moto 0Km da Doa\u00e7\u00e3o Premiada"},"content":{"rendered":"<p style=\"text-align: justify;\"><a href=\"http:\/\/folhadosudeste.com\/site\/wp-content\/uploads\/2021\/08\/WhatsApp-Image-2021-08-13-at-11.24.54.jpeg\"><img loading=\"lazy\" decoding=\"async\" class=\"alignnone size-full wp-image-76789\" src=\"http:\/\/folhadosudeste.com\/site\/wp-content\/uploads\/2021\/08\/WhatsApp-Image-2021-08-13-at-11.24.54.jpeg\" alt=\"\" width=\"707\" height=\"471\" srcset=\"https:\/\/folhadosudeste.com\/site\/wp-content\/uploads\/2021\/08\/WhatsApp-Image-2021-08-13-at-11.24.54.jpeg 707w, https:\/\/folhadosudeste.com\/site\/wp-content\/uploads\/2021\/08\/WhatsApp-Image-2021-08-13-at-11.24.54-300x200.jpeg 300w, https:\/\/folhadosudeste.com\/site\/wp-content\/uploads\/2021\/08\/WhatsApp-Image-2021-08-13-at-11.24.54-120x80.jpeg 120w, https:\/\/folhadosudeste.com\/site\/wp-content\/uploads\/2021\/08\/WhatsApp-Image-2021-08-13-at-11.24.54-345x230.jpeg 345w\" sizes=\"auto, (max-width: 707px) 100vw, 707px\" \/><\/a><br \/>\nFoi domingo 8 de agosto Dia dos Pais, que a Matriz S\u00e3o Jos\u00e9 Oper\u00e1rio do bairro Safira (Par\u00f3quia Santa Cruz), realizou ap\u00f3s a missa das 7 da manh\u00e3, o sorteio da moto 0Km da Doa\u00e7\u00e3o Premiada.<br \/>\nA sorte n\u00e3o estava com nenhum pai, mesmo sendo o seu dia, a sortuda foi uma m\u00e3e moradora da comunidade, Rose Braga, que estava presente na missa e j\u00e1 levou o pr\u00eamio pra casa. Toda arrecada\u00e7\u00e3o ser\u00e1 em prol das obras da Matriz. O P\u00e1roco Pe. Fl\u00e1vio Silveira coordenou a campanha junto com os colaboradores da Par\u00f3quia Santa Cruz, que n\u00e3o medem esfor\u00e7os em doar seus trabalhos. Pe. Fl\u00e1vio agradeceu toda as comunidades envolvidas, todos os volunt\u00e1rios que abra\u00e7aram essa causa e a todos que compraram o n\u00famero. \u201cDeus aben\u00e7oe a todos que colaboraram.\u201d<\/p>\n<p><!--more--><\/p>\n<p><a href=\"http:\/\/folhadosudeste.com\/site\/wp-content\/uploads\/2021\/08\/WhatsApp-Image-2021-08-13-at-11.24.54-1.jpeg\"><img loading=\"lazy\" decoding=\"async\" class=\"alignnone size-full wp-image-76790\" src=\"http:\/\/folhadosudeste.com\/site\/wp-content\/uploads\/2021\/08\/WhatsApp-Image-2021-08-13-at-11.24.54-1.jpeg\" alt=\"\" width=\"707\" height=\"471\" srcset=\"https:\/\/folhadosudeste.com\/site\/wp-content\/uploads\/2021\/08\/WhatsApp-Image-2021-08-13-at-11.24.54-1.jpeg 707w, https:\/\/folhadosudeste.com\/site\/wp-content\/uploads\/2021\/08\/WhatsApp-Image-2021-08-13-at-11.24.54-1-300x200.jpeg 300w, https:\/\/folhadosudeste.com\/site\/wp-content\/uploads\/2021\/08\/WhatsApp-Image-2021-08-13-at-11.24.54-1-120x80.jpeg 120w, https:\/\/folhadosudeste.com\/site\/wp-content\/uploads\/2021\/08\/WhatsApp-Image-2021-08-13-at-11.24.54-1-345x230.jpeg 345w\" sizes=\"auto, (max-width: 707px) 100vw, 707px\" \/><\/a><a href=\"http:\/\/folhadosudeste.com\/site\/wp-content\/uploads\/2021\/08\/WhatsApp-Image-2021-08-13-at-11.24.55.jpeg\"><img loading=\"lazy\" decoding=\"async\" class=\"alignnone size-full wp-image-76791\" src=\"http:\/\/folhadosudeste.com\/site\/wp-content\/uploads\/2021\/08\/WhatsApp-Image-2021-08-13-at-11.24.55.jpeg\" alt=\"\" width=\"707\" height=\"471\" srcset=\"https:\/\/folhadosudeste.com\/site\/wp-content\/uploads\/2021\/08\/WhatsApp-Image-2021-08-13-at-11.24.55.jpeg 707w, https:\/\/folhadosudeste.com\/site\/wp-content\/uploads\/2021\/08\/WhatsApp-Image-2021-08-13-at-11.24.55-300x200.jpeg 300w, https:\/\/folhadosudeste.com\/site\/wp-content\/uploads\/2021\/08\/WhatsApp-Image-2021-08-13-at-11.24.55-120x80.jpeg 120w, https:\/\/folhadosudeste.com\/site\/wp-content\/uploads\/2021\/08\/WhatsApp-Image-2021-08-13-at-11.24.55-345x230.jpeg 345w\" sizes=\"auto, (max-width: 707px) 100vw, 707px\" \/><\/a><a href=\"http:\/\/folhadosudeste.com\/site\/wp-content\/uploads\/2021\/08\/WhatsApp-Image-2021-08-13-at-11.24.55-1.jpeg\"><img loading=\"lazy\" decoding=\"async\" class=\"alignnone size-full wp-image-76792\" src=\"http:\/\/folhadosudeste.com\/site\/wp-content\/uploads\/2021\/08\/WhatsApp-Image-2021-08-13-at-11.24.55-1.jpeg\" alt=\"\" width=\"707\" height=\"471\" srcset=\"https:\/\/folhadosudeste.com\/site\/wp-content\/uploads\/2021\/08\/WhatsApp-Image-2021-08-13-at-11.24.55-1.jpeg 707w, https:\/\/folhadosudeste.com\/site\/wp-content\/uploads\/2021\/08\/WhatsApp-Image-2021-08-13-at-11.24.55-1-300x200.jpeg 300w, https:\/\/folhadosudeste.com\/site\/wp-content\/uploads\/2021\/08\/WhatsApp-Image-2021-08-13-at-11.24.55-1-120x80.jpeg 120w, https:\/\/folhadosudeste.com\/site\/wp-content\/uploads\/2021\/08\/WhatsApp-Image-2021-08-13-at-11.24.55-1-345x230.jpeg 345w\" sizes=\"auto, (max-width: 707px) 100vw, 707px\" \/><\/a><a href=\"http:\/\/folhadosudeste.com\/site\/wp-content\/uploads\/2021\/08\/WhatsApp-Image-2021-08-13-at-11.24.55-2.jpeg\"><img loading=\"lazy\" decoding=\"async\" class=\"alignnone size-full wp-image-76793\" src=\"http:\/\/folhadosudeste.com\/site\/wp-content\/uploads\/2021\/08\/WhatsApp-Image-2021-08-13-at-11.24.55-2.jpeg\" alt=\"\" width=\"707\" height=\"471\" srcset=\"https:\/\/folhadosudeste.com\/site\/wp-content\/uploads\/2021\/08\/WhatsApp-Image-2021-08-13-at-11.24.55-2.jpeg 707w, https:\/\/folhadosudeste.com\/site\/wp-content\/uploads\/2021\/08\/WhatsApp-Image-2021-08-13-at-11.24.55-2-300x200.jpeg 300w, https:\/\/folhadosudeste.com\/site\/wp-content\/uploads\/2021\/08\/WhatsApp-Image-2021-08-13-at-11.24.55-2-120x80.jpeg 120w, https:\/\/folhadosudeste.com\/site\/wp-content\/uploads\/2021\/08\/WhatsApp-Image-2021-08-13-at-11.24.55-2-345x230.jpeg 345w\" sizes=\"auto, (max-width: 707px) 100vw, 707px\" \/><\/a><\/p>\n<p>Texto: Folha do Sudeste<\/p>\n<p>Fotos: Silvan Alves<\/p>\n","protected":false},"excerpt":{"rendered":"<p>Foi domingo 8 de agosto Dia dos Pais, que a Matriz S\u00e3o Jos\u00e9 Oper\u00e1rio do bairro Safira (Par\u00f3quia Santa Cruz), realizou ap\u00f3s a missa das 7 da manh\u00e3, o sorteio da moto 0Km da Doa\u00e7\u00e3o Premiada. A sorte n\u00e3o estava com nenhum pai, mesmo sendo o seu dia, a sortuda foi uma m\u00e3e moradora da [&hellip;]<\/p>\n","protected":false},"author":6,"featured_media":0,"comment_status":"open","ping_status":"closed","sticky":false,"template":"","format":"standard","meta":{"_joinchat":[],"footnotes":""},"categories":[1],"tags":[],"class_list":["post-76787","post","type-post","status-publish","format-standard","hentry","category-sem-categoria"],"_links":{"self":[{"href":"https:\/\/folhadosudeste.com\/site\/index.php?rest_route=\/wp\/v2\/posts\/76787","targetHints":{"allow":["GET"]}}],"collection":[{"href":"https:\/\/folhadosudeste.com\/site\/index.php?rest_route=\/wp\/v2\/posts"}],"about":[{"href":"https:\/\/folhadosudeste.com\/site\/index.php?rest_route=\/wp\/v2\/types\/post"}],"author":[{"embeddable":true,"href":"https:\/\/folhadosudeste.com\/site\/index.php?rest_route=\/wp\/v2\/users\/6"}],"replies":[{"embeddable":true,"href":"https:\/\/folhadosudeste.com\/site\/index.php?rest_route=%2Fwp%2Fv2%2Fcomments&post=76787"}],"version-history":[{"count":2,"href":"https:\/\/folhadosudeste.com\/site\/index.php?rest_route=\/wp\/v2\/posts\/76787\/revisions"}],"predecessor-version":[{"id":76806,"href":"https:\/\/folhadosudeste.com\/site\/index.php?rest_route=\/wp\/v2\/posts\/76787\/revisions\/76806"}],"wp:attachment":[{"href":"https:\/\/folhadosudeste.com\/site\/index.php?rest_route=%2Fwp%2Fv2%2Fmedia&parent=76787"}],"wp:term":[{"taxonomy":"category","embeddable":true,"href":"https:\/\/folhadosudeste.com\/site\/index.php?rest_route=%2Fwp%2Fv2%2Fcategories&post=76787"},{"taxonomy":"post_tag","embeddable":true,"href":"https:\/\/folhadosudeste.com\/site\/index.php?rest_route=%2Fwp%2Fv2%2Ftags&post=76787"}],"curies":[{"name":"wp","href":"https:\/\/api.w.org\/{rel}","templated":true}]}}