{"id":76829,"date":"2021-08-16T23:31:35","date_gmt":"2021-08-16T23:31:35","guid":{"rendered":"http:\/\/folhadosudeste.com\/site\/?p=76829"},"modified":"2021-08-16T23:31:35","modified_gmt":"2021-08-16T23:31:35","slug":"boletim-covid-16-08","status":"publish","type":"post","link":"https:\/\/folhadosudeste.com\/site\/?p=76829","title":{"rendered":"Boletim Covid &#8211; 16\/08"},"content":{"rendered":"<div id=\":1a7\" class=\"ii gt\">\n<div id=\":1a6\" class=\"a3s aiL \">\n<div>\n<div>\n<div>\n<div><a href=\"http:\/\/folhadosudeste.com\/site\/wp-content\/uploads\/2021\/08\/16082021.jpeg\"><img loading=\"lazy\" decoding=\"async\" class=\"alignnone size-full wp-image-76830\" src=\"http:\/\/folhadosudeste.com\/site\/wp-content\/uploads\/2021\/08\/16082021.jpeg\" alt=\"\" width=\"1080\" height=\"1080\" srcset=\"https:\/\/folhadosudeste.com\/site\/wp-content\/uploads\/2021\/08\/16082021.jpeg 1080w, https:\/\/folhadosudeste.com\/site\/wp-content\/uploads\/2021\/08\/16082021-150x150.jpeg 150w, https:\/\/folhadosudeste.com\/site\/wp-content\/uploads\/2021\/08\/16082021-300x300.jpeg 300w, https:\/\/folhadosudeste.com\/site\/wp-content\/uploads\/2021\/08\/16082021-768x768.jpeg 768w, https:\/\/folhadosudeste.com\/site\/wp-content\/uploads\/2021\/08\/16082021-1024x1024.jpeg 1024w\" sizes=\"auto, (max-width: 1080px) 100vw, 1080px\" \/><\/a><\/div>\n<div style=\"text-align: justify;\">Mesmo com 20 novos casos de covid-19 registrados no fim de semana, o n\u00famero de pacientes ativos caiu pela oitava vez seguida e fechou em 68 pessoas no boletim desta segunda-feira.<\/div>\n<div style=\"text-align: justify;\">&nbsp;<\/div>\n<div style=\"text-align: justify;\">A m\u00e9dia m\u00f3vel de casos tamb\u00e9m segue em queda: a de hoje (15,36 registros di\u00e1rios nas \u00faltimas duas semanas) \u00e9 36,76% menor que a de 14 dias atr\u00e1s. Al\u00e9m disso, o \u00edndice m\u00f3vel obtido hoje tamb\u00e9m foi o mais baixo dos \u00faltimos tr\u00eas meses em Muria\u00e9.<\/div>\n<div style=\"text-align: justify;\">&nbsp;<\/div>\n<div style=\"text-align: justify;\">J\u00e1 a m\u00e9dia m\u00f3vel de \u00f3bitos, considerando dados dos \u00faltimos 14 dias, \u00e9 de uma morte a cada 42 horas e seis minutos. O \u00edndice tamb\u00e9m est\u00e1 em queda na compara\u00e7\u00e3o com o de duas semanas atr\u00e1s, quando apontava um falecimento por covid a cada 33 horas e 48 minutos.<\/div>\n<\/div>\n<\/div>\n<\/div>\n<\/div>\n<\/div>\n<p><!--more--><\/p>\n<div style=\"text-align: justify;\">Interna\u00e7\u00f5es &#8211; Atualmente, os hospitais de Muria\u00e9 est\u00e3o com 36 pacientes internados. Este n\u00famero divide-se da seguinte forma:<\/div>\n<div style=\"text-align: justify;\">&nbsp;<\/div>\n<div style=\"text-align: justify;\">LEITOS CL\u00cdNICOS (ENFERMARIA)<\/div>\n<div style=\"text-align: justify;\">Crian\u00e7as: 2 (SUS: 2 | Particular: 0)<\/div>\n<div style=\"text-align: justify;\">Adultos: 13 (SUS: 8 | Particular: 5)<\/div>\n<div style=\"text-align: justify;\">&nbsp;<\/div>\n<div style=\"text-align: justify;\">LEITOS DE UTI<\/div>\n<div style=\"text-align: justify;\">Crian\u00e7as n\u00e3o intubadas: 0<\/div>\n<div style=\"text-align: justify;\">Adultos n\u00e3o intubados: 9 (SUS: 7 | Particular: 2)<\/div>\n<div style=\"text-align: justify;\">Adultos intubados: 12 (SUS: 6 | Particular: 6)<\/div>\n<div style=\"text-align: justify;\">&nbsp;<\/div>\n<div style=\"text-align: justify;\">Vacina\u00e7\u00e3o &#8211; Nesta ter\u00e7a-feira, a imuniza\u00e7\u00e3o ser\u00e1 para aplica\u00e7\u00e3o de segunda dose de Coronavac, Astrazeneca e Pfizer, conforme data agendada no cart\u00e3o de vacinas. O atendimento acontece das 8h \u00e0s 11h, nas UBSs dos bairros Dornelas, Padre Tiago, Planalto, Primavera e S\u00e3o Francisco.<\/div>\n<div style=\"text-align: justify;\">&nbsp;<\/div>\n<div style=\"text-align: justify;\">N\u00fameros completos de hoje (16\/08\/2021):<\/div>\n<div style=\"text-align: justify;\">&nbsp;<\/div>\n<div style=\"text-align: justify;\">VACINA\u00c7\u00c3O<\/div>\n<div style=\"text-align: justify;\">Totalmente vacinados (com duas doses ou dose \u00fanica): 31.832 pessoas (29,1% da popula\u00e7\u00e3o)<\/div>\n<div style=\"text-align: justify;\">Parcialmente vacinados (com apenas uma dose): 68.636 pessoas (62,74% da popula\u00e7\u00e3o)<\/div>\n<div style=\"text-align: justify;\">&nbsp;<\/div>\n<div style=\"text-align: justify;\">PACIENTES<\/div>\n<div style=\"text-align: justify;\">Total de casos confirmados: 11.338 (+21)<\/div>\n<div style=\"text-align: justify;\">Pacientes ativos: 68<\/div>\n<div style=\"text-align: justify;\">Pacientes curados: 10.971<\/div>\n<div style=\"text-align: justify;\">\u00d3bitos: 299<\/div>\n<div style=\"text-align: justify;\">Investigados \/ Monitorados: 71<\/div>\n<div style=\"text-align: justify;\">Negativos: 12.975<\/div>\n<div><a href=\"http:\/\/folhadosudeste.com\/site\/wp-content\/uploads\/2021\/08\/M\u00c9DIA-M\u00d3VEL-DE-CASOS-E-\u00d3BITOS-EM-MURIA\u00c9-\u00daLTIMOS-90-DIAS.png\"><img loading=\"lazy\" decoding=\"async\" class=\"alignnone size-full wp-image-76831\" src=\"http:\/\/folhadosudeste.com\/site\/wp-content\/uploads\/2021\/08\/M\u00c9DIA-M\u00d3VEL-DE-CASOS-E-\u00d3BITOS-EM-MURIA\u00c9-\u00daLTIMOS-90-DIAS.png\" alt=\"\" width=\"1405\" height=\"869\" srcset=\"https:\/\/folhadosudeste.com\/site\/wp-content\/uploads\/2021\/08\/M\u00c9DIA-M\u00d3VEL-DE-CASOS-E-\u00d3BITOS-EM-MURIA\u00c9-\u00daLTIMOS-90-DIAS.png 1405w, https:\/\/folhadosudeste.com\/site\/wp-content\/uploads\/2021\/08\/M\u00c9DIA-M\u00d3VEL-DE-CASOS-E-\u00d3BITOS-EM-MURIA\u00c9-\u00daLTIMOS-90-DIAS-300x186.png 300w, https:\/\/folhadosudeste.com\/site\/wp-content\/uploads\/2021\/08\/M\u00c9DIA-M\u00d3VEL-DE-CASOS-E-\u00d3BITOS-EM-MURIA\u00c9-\u00daLTIMOS-90-DIAS-768x475.png 768w, https:\/\/folhadosudeste.com\/site\/wp-content\/uploads\/2021\/08\/M\u00c9DIA-M\u00d3VEL-DE-CASOS-E-\u00d3BITOS-EM-MURIA\u00c9-\u00daLTIMOS-90-DIAS-1024x633.png 1024w\" sizes=\"auto, (max-width: 1405px) 100vw, 1405px\" \/><\/a><\/div>\n","protected":false},"excerpt":{"rendered":"<p>Mesmo com 20 novos casos de covid-19 registrados no fim de semana, o n\u00famero de pacientes ativos caiu pela oitava vez seguida e fechou em 68 pessoas no boletim desta segunda-feira. &nbsp; A m\u00e9dia m\u00f3vel de casos tamb\u00e9m segue em queda: a de hoje (15,36 registros di\u00e1rios nas \u00faltimas duas semanas) \u00e9 36,76% menor que [&hellip;]<\/p>\n","protected":false},"author":6,"featured_media":0,"comment_status":"open","ping_status":"closed","sticky":false,"template":"","format":"standard","meta":{"_joinchat":[],"footnotes":""},"categories":[1],"tags":[],"class_list":["post-76829","post","type-post","status-publish","format-standard","hentry","category-sem-categoria"],"_links":{"self":[{"href":"https:\/\/folhadosudeste.com\/site\/index.php?rest_route=\/wp\/v2\/posts\/76829","targetHints":{"allow":["GET"]}}],"collection":[{"href":"https:\/\/folhadosudeste.com\/site\/index.php?rest_route=\/wp\/v2\/posts"}],"about":[{"href":"https:\/\/folhadosudeste.com\/site\/index.php?rest_route=\/wp\/v2\/types\/post"}],"author":[{"embeddable":true,"href":"https:\/\/folhadosudeste.com\/site\/index.php?rest_route=\/wp\/v2\/users\/6"}],"replies":[{"embeddable":true,"href":"https:\/\/folhadosudeste.com\/site\/index.php?rest_route=%2Fwp%2Fv2%2Fcomments&post=76829"}],"version-history":[{"count":1,"href":"https:\/\/folhadosudeste.com\/site\/index.php?rest_route=\/wp\/v2\/posts\/76829\/revisions"}],"predecessor-version":[{"id":76832,"href":"https:\/\/folhadosudeste.com\/site\/index.php?rest_route=\/wp\/v2\/posts\/76829\/revisions\/76832"}],"wp:attachment":[{"href":"https:\/\/folhadosudeste.com\/site\/index.php?rest_route=%2Fwp%2Fv2%2Fmedia&parent=76829"}],"wp:term":[{"taxonomy":"category","embeddable":true,"href":"https:\/\/folhadosudeste.com\/site\/index.php?rest_route=%2Fwp%2Fv2%2Fcategories&post=76829"},{"taxonomy":"post_tag","embeddable":true,"href":"https:\/\/folhadosudeste.com\/site\/index.php?rest_route=%2Fwp%2Fv2%2Ftags&post=76829"}],"curies":[{"name":"wp","href":"https:\/\/api.w.org\/{rel}","templated":true}]}}