{"id":76833,"date":"2021-08-17T13:19:12","date_gmt":"2021-08-17T13:19:12","guid":{"rendered":"http:\/\/folhadosudeste.com\/site\/?p=76833"},"modified":"2021-08-17T13:19:59","modified_gmt":"2021-08-17T13:19:59","slug":"sessao-ordinaria","status":"publish","type":"post","link":"https:\/\/folhadosudeste.com\/site\/?p=76833","title":{"rendered":"Sess\u00e3o Ordin\u00e1ria"},"content":{"rendered":"<p style=\"text-align: justify;\"><a href=\"http:\/\/folhadosudeste.com\/site\/wp-content\/uploads\/2021\/08\/WhatsApp-Image-2021-08-17-at-09.18.49.jpeg\"><img loading=\"lazy\" decoding=\"async\" class=\"alignnone size-full wp-image-76835\" src=\"http:\/\/folhadosudeste.com\/site\/wp-content\/uploads\/2021\/08\/WhatsApp-Image-2021-08-17-at-09.18.49.jpeg\" alt=\"\" width=\"1080\" height=\"1080\" srcset=\"https:\/\/folhadosudeste.com\/site\/wp-content\/uploads\/2021\/08\/WhatsApp-Image-2021-08-17-at-09.18.49.jpeg 1080w, https:\/\/folhadosudeste.com\/site\/wp-content\/uploads\/2021\/08\/WhatsApp-Image-2021-08-17-at-09.18.49-150x150.jpeg 150w, https:\/\/folhadosudeste.com\/site\/wp-content\/uploads\/2021\/08\/WhatsApp-Image-2021-08-17-at-09.18.49-300x300.jpeg 300w, https:\/\/folhadosudeste.com\/site\/wp-content\/uploads\/2021\/08\/WhatsApp-Image-2021-08-17-at-09.18.49-768x768.jpeg 768w, https:\/\/folhadosudeste.com\/site\/wp-content\/uploads\/2021\/08\/WhatsApp-Image-2021-08-17-at-09.18.49-1024x1024.jpeg 1024w\" sizes=\"auto, (max-width: 1080px) 100vw, 1080px\" \/><\/a><\/p>\n<p style=\"text-align: justify;\">Por determina\u00e7\u00e3o do presidente da C\u00e2mara, Afonso da Sa\u00fade (PTB), ser\u00e3o colocados em pauta na sess\u00e3o desta ter\u00e7a-feira, dia 17, os seguintes projetos de lei:<\/p>\n<p style=\"text-align: justify;\">Primeira vota\u00e7\u00e3o:<br \/>\n&#8211; PL 154\/2021: d\u00e1 denomina\u00e7\u00e3o de Sala de Recep\u00e7\u00e3o Maria das Merc\u00eas Machado de Paula \u00e0 sala onde funciona a recep\u00e7\u00e3o da Policl\u00ednica Doutor Ant\u00f4nio Can\u00eado.<br \/>\nAutoria: presidente da C\u00e2mara, vereador Afonso da Sa\u00fade (PTB)<\/p>\n<p style=\"text-align: justify;\">&#8211; PL 155\/2021: d\u00e1 denomina\u00e7\u00e3o a logradouro p\u00fablico de Aldo Furlani ao trevo que d\u00e1 acesso aos residenciais Eduardo Alves Corr\u00eaa e L\u00eddia Gomes Corr\u00eaa, no distrito de Vermelho.<br \/>\nAutoria: vereador Devail (PP)<\/p>\n<p style=\"text-align: justify;\"><!--more--><\/p>\n<p style=\"text-align: justify;\">&#8211; PL 177\/2021: autoriza Executivo a efetivar abertura de cr\u00e9dito adicional especial de R$860.013,94 para a Secretaria Municipal de Sa\u00fade, destinados \u00e0s a\u00e7\u00f5es de combate \u00e0 covid e para a pol\u00edtica de aten\u00e7\u00e3o hospitalar.<br \/>\nAutoria: Executivo municipal<\/p>\n<p style=\"text-align: justify;\">&#8211; PL 178\/2021: autoriza o Executivo a efetivar abertura de cr\u00e9dito adicional suplementar de R$533.392,14 para a manuten\u00e7\u00e3o de programas da sa\u00fade.<br \/>\nAutoria: Executivo municipal<\/p>\n<p style=\"text-align: justify;\">&#8211; PL 179\/2021: autoriza o Executivo a efetivar abertura de cr\u00e9dito adicional especial no valor de R$177 mil, destinados \u00e0 manuten\u00e7\u00e3o das atividades da Secretaria Municipal de Sa\u00fade e da sa\u00fade prisional.<br \/>\nAutoria: Executivo municipal<\/p>\n<p style=\"text-align: justify;\">&#8211; PL 181\/2021: acrescenta dispositivo \u00e0 Lei Municipal 6.002\/2020.<br \/>\nAutoria: Executivo municipal<\/p>\n<p style=\"text-align: justify;\">&#8211; PL 183\/2021: acrescenta a\u00e7\u00e3o \u00e0s metas f\u00edsicas da Lei 5.571, de 22 de dezembro de 2017 &#8211; Plano Plurianual de Muria\u00e9.<br \/>\nAutoria: Executivo municipal<\/p>\n<p style=\"text-align: justify;\">&#8211; PL 186\/2021: altera o anexo VI &#8211; gloss\u00e1rio da Lei Complementar 5.441\/2017, que disp\u00f5e sobre o uso e ocupa\u00e7\u00e3o do solo urbano de Muria\u00e9.<br \/>\nAutoria: vereador Christian Tanus Bahia (PTB)<\/p>\n<p style=\"text-align: justify;\">Primeira, segunda e terceira vota\u00e7\u00e3o:<br \/>\n&#8211; PL 182\/2021: autoriza o Executivo a efetivar abertura de cr\u00e9dito adicional especial no total de R$100 mil para a Secretaria Municipal de Agricultura.<br \/>\nAutoria: Executivo municipal<\/p>\n<p style=\"text-align: justify;\">Primeira vota\u00e7\u00e3o da Emenda \u00e0 Lei Org\u00e2nica 05\/21: insere o artigo115-A \u00e0 Lei Org\u00e2nica de Muria\u00e9.<br \/>\nAutoria: assinatura conjunta dos vereadores Celsinho (PSD), Ciso (PL), Delcinho Amaro (Solidariedade), Dr. Gerson Varella Neto (PSL), Evandro Cheroso (Cidadania) e Forim (Solidariedade).<\/p>\n<p style=\"text-align: justify;\">Terceira vota\u00e7\u00e3o:<br \/>\n&#8211; PL 130\/2021: d\u00e1 denomina\u00e7\u00e3o de Pra\u00e7a Dr. Raymundo de Oliveira Paiva.<br \/>\nAutoria: vereadora Miriam Facchini (PP)<\/p>\n<p style=\"text-align: justify;\">&#8211; PL 150\/2021: altera o artigo 2\u00ba dando ao inciso I, da Lei 5.108\/2015 que institui o C\u00f3digo Municipal de Prote\u00e7\u00e3o aos Animais em Muria\u00e9.<br \/>\nAutoria: vereadora Miriam Facchini (PP) e Dr. Gerson Varella Neto (PSL)<\/p>\n<p style=\"text-align: justify;\">Os projetos podem ser conferidos na \u00edntegra acessando o site da C\u00e2mara: www.camaramuriae.mg.gov.br, link \u201cSAPL\u201d, aba \u201cMat\u00e9rias Legislativas\u201d, op\u00e7\u00e3o \u201cProjetos de Lei\u201d, clicar em \u201cPesquisar\u201d.<\/p>\n<p style=\"text-align: justify;\">Em cumprimento \u00e0s medidas sanit\u00e1rias de preven\u00e7\u00e3o ao coronav\u00edrus, a sess\u00e3o acontecer\u00e1 de forma presencial no plen\u00e1rio, por\u00e9m, somente com a presen\u00e7a dos vereadores, equipe da C\u00e2mara e imprensa.<\/p>\n","protected":false},"excerpt":{"rendered":"<p>Por determina\u00e7\u00e3o do presidente da C\u00e2mara, Afonso da Sa\u00fade (PTB), ser\u00e3o colocados em pauta na sess\u00e3o desta ter\u00e7a-feira, dia 17, os seguintes projetos de lei: Primeira vota\u00e7\u00e3o: &#8211; PL 154\/2021: d\u00e1 denomina\u00e7\u00e3o de Sala de Recep\u00e7\u00e3o Maria das Merc\u00eas Machado de Paula \u00e0 sala onde funciona a recep\u00e7\u00e3o da Policl\u00ednica Doutor Ant\u00f4nio Can\u00eado. Autoria: presidente [&hellip;]<\/p>\n","protected":false},"author":6,"featured_media":0,"comment_status":"open","ping_status":"closed","sticky":false,"template":"","format":"standard","meta":{"_joinchat":[],"footnotes":""},"categories":[1],"tags":[],"class_list":["post-76833","post","type-post","status-publish","format-standard","hentry","category-sem-categoria"],"_links":{"self":[{"href":"https:\/\/folhadosudeste.com\/site\/index.php?rest_route=\/wp\/v2\/posts\/76833","targetHints":{"allow":["GET"]}}],"collection":[{"href":"https:\/\/folhadosudeste.com\/site\/index.php?rest_route=\/wp\/v2\/posts"}],"about":[{"href":"https:\/\/folhadosudeste.com\/site\/index.php?rest_route=\/wp\/v2\/types\/post"}],"author":[{"embeddable":true,"href":"https:\/\/folhadosudeste.com\/site\/index.php?rest_route=\/wp\/v2\/users\/6"}],"replies":[{"embeddable":true,"href":"https:\/\/folhadosudeste.com\/site\/index.php?rest_route=%2Fwp%2Fv2%2Fcomments&post=76833"}],"version-history":[{"count":2,"href":"https:\/\/folhadosudeste.com\/site\/index.php?rest_route=\/wp\/v2\/posts\/76833\/revisions"}],"predecessor-version":[{"id":76836,"href":"https:\/\/folhadosudeste.com\/site\/index.php?rest_route=\/wp\/v2\/posts\/76833\/revisions\/76836"}],"wp:attachment":[{"href":"https:\/\/folhadosudeste.com\/site\/index.php?rest_route=%2Fwp%2Fv2%2Fmedia&parent=76833"}],"wp:term":[{"taxonomy":"category","embeddable":true,"href":"https:\/\/folhadosudeste.com\/site\/index.php?rest_route=%2Fwp%2Fv2%2Fcategories&post=76833"},{"taxonomy":"post_tag","embeddable":true,"href":"https:\/\/folhadosudeste.com\/site\/index.php?rest_route=%2Fwp%2Fv2%2Ftags&post=76833"}],"curies":[{"name":"wp","href":"https:\/\/api.w.org\/{rel}","templated":true}]}}