{"id":76845,"date":"2021-08-17T22:41:42","date_gmt":"2021-08-17T22:41:42","guid":{"rendered":"http:\/\/folhadosudeste.com\/site\/?p=76845"},"modified":"2021-08-17T22:41:42","modified_gmt":"2021-08-17T22:41:42","slug":"feira-de-artesanato-na-praca-nesta-quinta-feira","status":"publish","type":"post","link":"https:\/\/folhadosudeste.com\/site\/?p=76845","title":{"rendered":"\u2018Feira de Artesanato\u2019 na pra\u00e7a nesta quinta-feira"},"content":{"rendered":"<div id=\":pg\" class=\"ii gt\">\n<div id=\":pf\" class=\"a3s aiL \">\n<div>\n<div>\n<div>\n<p align=\"justify\"><a href=\"http:\/\/folhadosudeste.com\/site\/wp-content\/uploads\/2021\/08\/feira-de-artes\u00e3o.4.jpg\"><img loading=\"lazy\" decoding=\"async\" class=\"alignnone size-full wp-image-76846\" src=\"http:\/\/folhadosudeste.com\/site\/wp-content\/uploads\/2021\/08\/feira-de-artes\u00e3o.4.jpg\" alt=\"\" width=\"1920\" height=\"1280\" srcset=\"https:\/\/folhadosudeste.com\/site\/wp-content\/uploads\/2021\/08\/feira-de-artes\u00e3o.4.jpg 1920w, https:\/\/folhadosudeste.com\/site\/wp-content\/uploads\/2021\/08\/feira-de-artes\u00e3o.4-300x200.jpg 300w, https:\/\/folhadosudeste.com\/site\/wp-content\/uploads\/2021\/08\/feira-de-artes\u00e3o.4-768x512.jpg 768w, https:\/\/folhadosudeste.com\/site\/wp-content\/uploads\/2021\/08\/feira-de-artes\u00e3o.4-1024x683.jpg 1024w, https:\/\/folhadosudeste.com\/site\/wp-content\/uploads\/2021\/08\/feira-de-artes\u00e3o.4-120x80.jpg 120w, https:\/\/folhadosudeste.com\/site\/wp-content\/uploads\/2021\/08\/feira-de-artes\u00e3o.4-345x230.jpg 345w\" sizes=\"auto, (max-width: 1920px) 100vw, 1920px\" \/><\/a><\/p>\n<p style=\"text-align: justify;\" align=\"justify\">A \u2018Feira de Artesanato\u2019 acontecer\u00e1 nos dias 19, 20 e 21 na Pra\u00e7a Jo\u00e3o Pinheiro para levar \u00e0 popula\u00e7\u00e3o as mercadorias da ind\u00fastria caseira t\u00e3o caracter\u00edstica de Muria\u00e9. A exposi\u00e7\u00e3o concentra mini confec\u00e7\u00f5es de bordados, doces de compotas, modinha infantil, tapetes e enfeites para crian\u00e7as, al\u00e9m de artefatos de cozinha, decora\u00e7\u00f5es de ambientes entre outros.<\/p>\n<p style=\"text-align: justify;\" align=\"justify\">O evento,&nbsp;organizado&nbsp;pela&nbsp;Prefeitura de&nbsp;Muria\u00e9 e&nbsp;Fundarte,&nbsp;pretende&nbsp;aquecer&nbsp;a economia dos&nbsp;pequenos produtores,&nbsp;incentivando&nbsp;o segmento na&nbsp;produ\u00e7\u00e3o de&nbsp;novas pe\u00e7as&nbsp;e&nbsp;modelos que venham a incrementar&nbsp;o setor&nbsp;e&nbsp;atrair novos visitantes para&nbsp;o munic\u00edpio.<\/p>\n<\/div>\n<\/div>\n<\/div>\n<\/div>\n<\/div>\n<p><!--more--><\/p>\n<div id=\":pf\" class=\"a3s aiL \">\n<div>\n<div>\n<div>\n<p style=\"text-align: justify;\" align=\"justify\">A volta da \u2018Onda&nbsp;Verde\u2019&nbsp;(com restri\u00e7\u00f5es)&nbsp;possibilita uma&nbsp;maior&nbsp;abertura para&nbsp;a realiza\u00e7\u00e3o das feiras livres,&nbsp;por\u00e9m&nbsp;vale lembrar que&nbsp;ainda \u00e9 necess\u00e1rio seguir&nbsp;os&nbsp;protocolos&nbsp;sanit\u00e1rios,&nbsp;manter&nbsp;o&nbsp;distanciamento&nbsp;e,&nbsp;ainda&nbsp;\u00e9&nbsp;imprescind\u00edvel&nbsp;higienizar&nbsp;as m\u00e3os.<\/p>\n<p style=\"text-align: justify;\" align=\"justify\">Todos os&nbsp;boxes&nbsp;ter\u00e3o \u00e1lcool gel.&nbsp;O uso de&nbsp;m\u00e1scara se faz&nbsp;neces\u00e1rio&nbsp;para&nbsp;manter&nbsp;a seguran\u00e7a dos&nbsp;expositores e&nbsp;visitantes.<\/p>\n<\/div>\n<\/div>\n<\/div>\n<\/div>\n<div class=\"yj6qo\" style=\"text-align: justify;\">&nbsp;<\/div>\n<div id=\":qb\" class=\"hq gt a10\" style=\"text-align: justify;\">&nbsp;<\/div>\n","protected":false},"excerpt":{"rendered":"<p>A \u2018Feira de Artesanato\u2019 acontecer\u00e1 nos dias 19, 20 e 21 na Pra\u00e7a Jo\u00e3o Pinheiro para levar \u00e0 popula\u00e7\u00e3o as mercadorias da ind\u00fastria caseira t\u00e3o caracter\u00edstica de Muria\u00e9. A exposi\u00e7\u00e3o concentra mini confec\u00e7\u00f5es de bordados, doces de compotas, modinha infantil, tapetes e enfeites para crian\u00e7as, al\u00e9m de artefatos de cozinha, decora\u00e7\u00f5es de ambientes entre outros. [&hellip;]<\/p>\n","protected":false},"author":6,"featured_media":0,"comment_status":"open","ping_status":"closed","sticky":false,"template":"","format":"standard","meta":{"_joinchat":[],"footnotes":""},"categories":[1],"tags":[],"class_list":["post-76845","post","type-post","status-publish","format-standard","hentry","category-sem-categoria"],"_links":{"self":[{"href":"https:\/\/folhadosudeste.com\/site\/index.php?rest_route=\/wp\/v2\/posts\/76845","targetHints":{"allow":["GET"]}}],"collection":[{"href":"https:\/\/folhadosudeste.com\/site\/index.php?rest_route=\/wp\/v2\/posts"}],"about":[{"href":"https:\/\/folhadosudeste.com\/site\/index.php?rest_route=\/wp\/v2\/types\/post"}],"author":[{"embeddable":true,"href":"https:\/\/folhadosudeste.com\/site\/index.php?rest_route=\/wp\/v2\/users\/6"}],"replies":[{"embeddable":true,"href":"https:\/\/folhadosudeste.com\/site\/index.php?rest_route=%2Fwp%2Fv2%2Fcomments&post=76845"}],"version-history":[{"count":1,"href":"https:\/\/folhadosudeste.com\/site\/index.php?rest_route=\/wp\/v2\/posts\/76845\/revisions"}],"predecessor-version":[{"id":76847,"href":"https:\/\/folhadosudeste.com\/site\/index.php?rest_route=\/wp\/v2\/posts\/76845\/revisions\/76847"}],"wp:attachment":[{"href":"https:\/\/folhadosudeste.com\/site\/index.php?rest_route=%2Fwp%2Fv2%2Fmedia&parent=76845"}],"wp:term":[{"taxonomy":"category","embeddable":true,"href":"https:\/\/folhadosudeste.com\/site\/index.php?rest_route=%2Fwp%2Fv2%2Fcategories&post=76845"},{"taxonomy":"post_tag","embeddable":true,"href":"https:\/\/folhadosudeste.com\/site\/index.php?rest_route=%2Fwp%2Fv2%2Ftags&post=76845"}],"curies":[{"name":"wp","href":"https:\/\/api.w.org\/{rel}","templated":true}]}}