{"id":76848,"date":"2021-08-17T22:50:40","date_gmt":"2021-08-17T22:50:40","guid":{"rendered":"http:\/\/folhadosudeste.com\/site\/?p=76848"},"modified":"2021-08-17T22:50:40","modified_gmt":"2021-08-17T22:50:40","slug":"empresa-retorna-com-a-linha-bela-vista-faminas-veja-tambem-o-quadro-atual-de-todas-as-linhas","status":"publish","type":"post","link":"https:\/\/folhadosudeste.com\/site\/?p=76848","title":{"rendered":"Empresa retorna com a linha Bela Vista\/Faminas. Veja tamb\u00e9m o quadro atual de todas as linhas"},"content":{"rendered":"<p><a href=\"http:\/\/folhadosudeste.com\/site\/wp-content\/uploads\/2021\/08\/WhatsApp-Image-2021-08-17-at-11.06.32-1_707x530-707x405.jpeg\"><img loading=\"lazy\" decoding=\"async\" class=\"alignnone size-full wp-image-76849\" src=\"http:\/\/folhadosudeste.com\/site\/wp-content\/uploads\/2021\/08\/WhatsApp-Image-2021-08-17-at-11.06.32-1_707x530-707x405.jpeg\" alt=\"\" width=\"707\" height=\"405\" srcset=\"https:\/\/folhadosudeste.com\/site\/wp-content\/uploads\/2021\/08\/WhatsApp-Image-2021-08-17-at-11.06.32-1_707x530-707x405.jpeg 707w, https:\/\/folhadosudeste.com\/site\/wp-content\/uploads\/2021\/08\/WhatsApp-Image-2021-08-17-at-11.06.32-1_707x530-707x405-300x172.jpeg 300w\" sizes=\"auto, (max-width: 707px) 100vw, 707px\" \/><\/a><\/p>\n<p>A empresa de \u00f4nibus urbano, Coletivos Muriaeense\/Uni\u00e3o divulgou nesta manh\u00e3 de ter\u00e7a-feira (17) o novo quadro de hor\u00e1rios da cidade de Muria\u00e9, incluindo a\u00ed a inser\u00e7\u00e3o da linha Bela Vista\/Faminas, que vinha sendo muito cobrada com o retorno das aulas presenciais, bem como as linhas&nbsp;Gaspar, S\u00e3o Joaquim e Marambaia.<\/p>\n<p><!--more--><\/p>\n<p><strong>&nbsp; &nbsp; &nbsp; &nbsp; &nbsp; &nbsp; &nbsp; &nbsp; &nbsp; &nbsp; &nbsp; &nbsp; &nbsp; &nbsp; &nbsp; &nbsp; &nbsp; &nbsp; &nbsp; &nbsp; &nbsp; &nbsp; &nbsp; &nbsp; VEJA O QUADRO DE HOR\u00c1RIO ATUALIZADO<\/strong><\/p>\n<p><a href=\"http:\/\/folhadosudeste.com\/site\/wp-content\/uploads\/2021\/08\/onibus22-768x408.jpg\"><img loading=\"lazy\" decoding=\"async\" class=\"alignnone size-full wp-image-76850\" src=\"http:\/\/folhadosudeste.com\/site\/wp-content\/uploads\/2021\/08\/onibus22-768x408.jpg\" alt=\"\" width=\"768\" height=\"408\" srcset=\"https:\/\/folhadosudeste.com\/site\/wp-content\/uploads\/2021\/08\/onibus22-768x408.jpg 768w, https:\/\/folhadosudeste.com\/site\/wp-content\/uploads\/2021\/08\/onibus22-768x408-300x159.jpg 300w\" sizes=\"auto, (max-width: 768px) 100vw, 768px\" \/><\/a><\/p>\n<p><a href=\"http:\/\/folhadosudeste.com\/site\/wp-content\/uploads\/2021\/08\/onibus2-1024x697.jpg\"><img loading=\"lazy\" decoding=\"async\" class=\"alignnone size-full wp-image-76851\" src=\"http:\/\/folhadosudeste.com\/site\/wp-content\/uploads\/2021\/08\/onibus2-1024x697.jpg\" alt=\"\" width=\"1024\" height=\"697\" srcset=\"https:\/\/folhadosudeste.com\/site\/wp-content\/uploads\/2021\/08\/onibus2-1024x697.jpg 1024w, https:\/\/folhadosudeste.com\/site\/wp-content\/uploads\/2021\/08\/onibus2-1024x697-300x204.jpg 300w, https:\/\/folhadosudeste.com\/site\/wp-content\/uploads\/2021\/08\/onibus2-1024x697-768x523.jpg 768w, https:\/\/folhadosudeste.com\/site\/wp-content\/uploads\/2021\/08\/onibus2-1024x697-220x150.jpg 220w\" sizes=\"auto, (max-width: 1024px) 100vw, 1024px\" \/><\/a><\/p>\n<p>Fonte: Silvan Alves<\/p>\n","protected":false},"excerpt":{"rendered":"<p>A empresa de \u00f4nibus urbano, Coletivos Muriaeense\/Uni\u00e3o divulgou nesta manh\u00e3 de ter\u00e7a-feira (17) o novo quadro de hor\u00e1rios da cidade de Muria\u00e9, incluindo a\u00ed a inser\u00e7\u00e3o da linha Bela Vista\/Faminas, que vinha sendo muito cobrada com o retorno das aulas presenciais, bem como as linhas&nbsp;Gaspar, S\u00e3o Joaquim e Marambaia.<\/p>\n","protected":false},"author":6,"featured_media":0,"comment_status":"open","ping_status":"closed","sticky":false,"template":"","format":"standard","meta":{"_joinchat":[],"footnotes":""},"categories":[1],"tags":[],"class_list":["post-76848","post","type-post","status-publish","format-standard","hentry","category-sem-categoria"],"_links":{"self":[{"href":"https:\/\/folhadosudeste.com\/site\/index.php?rest_route=\/wp\/v2\/posts\/76848","targetHints":{"allow":["GET"]}}],"collection":[{"href":"https:\/\/folhadosudeste.com\/site\/index.php?rest_route=\/wp\/v2\/posts"}],"about":[{"href":"https:\/\/folhadosudeste.com\/site\/index.php?rest_route=\/wp\/v2\/types\/post"}],"author":[{"embeddable":true,"href":"https:\/\/folhadosudeste.com\/site\/index.php?rest_route=\/wp\/v2\/users\/6"}],"replies":[{"embeddable":true,"href":"https:\/\/folhadosudeste.com\/site\/index.php?rest_route=%2Fwp%2Fv2%2Fcomments&post=76848"}],"version-history":[{"count":1,"href":"https:\/\/folhadosudeste.com\/site\/index.php?rest_route=\/wp\/v2\/posts\/76848\/revisions"}],"predecessor-version":[{"id":76852,"href":"https:\/\/folhadosudeste.com\/site\/index.php?rest_route=\/wp\/v2\/posts\/76848\/revisions\/76852"}],"wp:attachment":[{"href":"https:\/\/folhadosudeste.com\/site\/index.php?rest_route=%2Fwp%2Fv2%2Fmedia&parent=76848"}],"wp:term":[{"taxonomy":"category","embeddable":true,"href":"https:\/\/folhadosudeste.com\/site\/index.php?rest_route=%2Fwp%2Fv2%2Fcategories&post=76848"},{"taxonomy":"post_tag","embeddable":true,"href":"https:\/\/folhadosudeste.com\/site\/index.php?rest_route=%2Fwp%2Fv2%2Ftags&post=76848"}],"curies":[{"name":"wp","href":"https:\/\/api.w.org\/{rel}","templated":true}]}}