{"id":76854,"date":"2021-08-17T22:55:28","date_gmt":"2021-08-17T22:55:28","guid":{"rendered":"http:\/\/folhadosudeste.com\/site\/?p=76854"},"modified":"2021-08-17T22:55:28","modified_gmt":"2021-08-17T22:55:28","slug":"o-boletim-desta-terca-feira-trouxe-a-confirmacao-da-300a-morte-provocada-pela-covid-19-em-muriae","status":"publish","type":"post","link":"https:\/\/folhadosudeste.com\/site\/?p=76854","title":{"rendered":"O boletim desta ter\u00e7a-feira trouxe a confirma\u00e7\u00e3o da 300\u00aa morte provocada pela covid-19 em Muria\u00e9"},"content":{"rendered":"<div><a href=\"http:\/\/folhadosudeste.com\/site\/wp-content\/uploads\/2021\/08\/17082021.jpg\"><img loading=\"lazy\" decoding=\"async\" class=\"alignnone size-full wp-image-76855\" src=\"http:\/\/folhadosudeste.com\/site\/wp-content\/uploads\/2021\/08\/17082021.jpg\" alt=\"\" width=\"1080\" height=\"1080\" srcset=\"https:\/\/folhadosudeste.com\/site\/wp-content\/uploads\/2021\/08\/17082021.jpg 1080w, https:\/\/folhadosudeste.com\/site\/wp-content\/uploads\/2021\/08\/17082021-150x150.jpg 150w, https:\/\/folhadosudeste.com\/site\/wp-content\/uploads\/2021\/08\/17082021-300x300.jpg 300w, https:\/\/folhadosudeste.com\/site\/wp-content\/uploads\/2021\/08\/17082021-768x768.jpg 768w, https:\/\/folhadosudeste.com\/site\/wp-content\/uploads\/2021\/08\/17082021-1024x1024.jpg 1024w\" sizes=\"auto, (max-width: 1080px) 100vw, 1080px\" \/><\/a><\/div>\n<div style=\"text-align: justify;\">O boletim desta ter\u00e7a-feira trouxe a confirma\u00e7\u00e3o da 300\u00aa morte provocada pela covid-19 em Muria\u00e9. A v\u00edtima foi uma mulher de 62 anos, que faleceu no domingo, dia 15. Ela tamb\u00e9m sofria de hipertens\u00e3o, diabetes, obesidade e insufici\u00eancia card\u00edaca.<\/div>\n<div style=\"text-align: justify;\">&nbsp;<\/div>\n<div style=\"text-align: justify;\">Tamb\u00e9m foram registrados 25 novas infec\u00e7\u00f5es pelo coronav\u00edrus e o total de pacientes ativos no momento ficou em 71 pessoas. Esta foi a primeira vez que o \u00edndice voltou a ter aumento, ap\u00f3s oito boletins seguidos de redu\u00e7\u00e3o.<\/div>\n<div style=\"text-align: justify;\">&nbsp;<\/div>\n<div style=\"text-align: justify;\">A m\u00e9dia m\u00f3vel com os dados dos \u00faltimos 14 dias, no entanto, ainda segue em queda. Atualmente, ela \u00e9 de 13,86 casos di\u00e1rios nas \u00faltimas duas semanas, 42% a menos que na quinzena anterior.<\/div>\n<p style=\"text-align: justify;\"><!--more--><\/p>\n<div style=\"text-align: justify;\">Vacina\u00e7\u00e3o &#8211; Na quarta-feira, a imuniza\u00e7\u00e3o ser\u00e1 para aplica\u00e7\u00e3o de primeira dose para pessoas de 23 anos. Tamb\u00e9m ser\u00e1 feita a segunda dose de Coronavac, Astrazeneca e Pfizer, conforme data agendada no cart\u00e3o de vacinas. O atendimento acontece das 8h \u00e0s 11h, nas UBSs dos bairros Dornelas, Padre Tiago, Planalto, Primavera e S\u00e3o Francisco.<\/div>\n<div style=\"text-align: justify;\">&nbsp;<\/div>\n<div style=\"text-align: justify;\">N\u00fameros completos de hoje (17\/08\/2021):<\/div>\n<div style=\"text-align: justify;\">&nbsp;<\/div>\n<div style=\"text-align: justify;\">VACINA\u00c7\u00c3O<\/div>\n<div style=\"text-align: justify;\">Totalmente vacinados (com duas doses ou dose \u00fanica): 32.798 pessoas (29,98% da popula\u00e7\u00e3o)<\/div>\n<div style=\"text-align: justify;\">Parcialmente vacinados (com apenas uma dose): 68.984 pessoas (63,06% da popula\u00e7\u00e3o)<\/div>\n<div style=\"text-align: justify;\">&nbsp;<\/div>\n<div style=\"text-align: justify;\">PACIENTES<\/div>\n<div style=\"text-align: justify;\">Total de casos confirmados: 11.363 (+25)<\/div>\n<div style=\"text-align: justify;\">Pacientes ativos: 71<\/div>\n<div style=\"text-align: justify;\">Pacientes curados: 10.992<\/div>\n<div style=\"text-align: justify;\">\u00d3bitos: 300 (+1)<\/div>\n<div style=\"text-align: justify;\">Investigados \/ Monitorados: 43<\/div>\n<div style=\"text-align: justify;\">Negativos: 13.038<\/div>\n<div><a href=\"http:\/\/folhadosudeste.com\/site\/wp-content\/uploads\/2021\/08\/M\u00c9DIA-M\u00d3VEL-DE-CASOS-E-\u00d3BITOS-\u00daLTIMOS-14-DIAS-1-1.png\"><img loading=\"lazy\" decoding=\"async\" class=\"alignnone size-full wp-image-76856\" src=\"http:\/\/folhadosudeste.com\/site\/wp-content\/uploads\/2021\/08\/M\u00c9DIA-M\u00d3VEL-DE-CASOS-E-\u00d3BITOS-\u00daLTIMOS-14-DIAS-1-1.png\" alt=\"\" width=\"1377\" height=\"756\" srcset=\"https:\/\/folhadosudeste.com\/site\/wp-content\/uploads\/2021\/08\/M\u00c9DIA-M\u00d3VEL-DE-CASOS-E-\u00d3BITOS-\u00daLTIMOS-14-DIAS-1-1.png 1377w, https:\/\/folhadosudeste.com\/site\/wp-content\/uploads\/2021\/08\/M\u00c9DIA-M\u00d3VEL-DE-CASOS-E-\u00d3BITOS-\u00daLTIMOS-14-DIAS-1-1-300x165.png 300w, https:\/\/folhadosudeste.com\/site\/wp-content\/uploads\/2021\/08\/M\u00c9DIA-M\u00d3VEL-DE-CASOS-E-\u00d3BITOS-\u00daLTIMOS-14-DIAS-1-1-768x422.png 768w, https:\/\/folhadosudeste.com\/site\/wp-content\/uploads\/2021\/08\/M\u00c9DIA-M\u00d3VEL-DE-CASOS-E-\u00d3BITOS-\u00daLTIMOS-14-DIAS-1-1-1024x562.png 1024w\" sizes=\"auto, (max-width: 1377px) 100vw, 1377px\" \/><\/a><\/div>\n","protected":false},"excerpt":{"rendered":"<p>O boletim desta ter\u00e7a-feira trouxe a confirma\u00e7\u00e3o da 300\u00aa morte provocada pela covid-19 em Muria\u00e9. A v\u00edtima foi uma mulher de 62 anos, que faleceu no domingo, dia 15. Ela tamb\u00e9m sofria de hipertens\u00e3o, diabetes, obesidade e insufici\u00eancia card\u00edaca. &nbsp; Tamb\u00e9m foram registrados 25 novas infec\u00e7\u00f5es pelo coronav\u00edrus e o total de pacientes ativos no [&hellip;]<\/p>\n","protected":false},"author":6,"featured_media":0,"comment_status":"open","ping_status":"closed","sticky":false,"template":"","format":"standard","meta":{"_joinchat":[],"footnotes":""},"categories":[1],"tags":[],"class_list":["post-76854","post","type-post","status-publish","format-standard","hentry","category-sem-categoria"],"_links":{"self":[{"href":"https:\/\/folhadosudeste.com\/site\/index.php?rest_route=\/wp\/v2\/posts\/76854","targetHints":{"allow":["GET"]}}],"collection":[{"href":"https:\/\/folhadosudeste.com\/site\/index.php?rest_route=\/wp\/v2\/posts"}],"about":[{"href":"https:\/\/folhadosudeste.com\/site\/index.php?rest_route=\/wp\/v2\/types\/post"}],"author":[{"embeddable":true,"href":"https:\/\/folhadosudeste.com\/site\/index.php?rest_route=\/wp\/v2\/users\/6"}],"replies":[{"embeddable":true,"href":"https:\/\/folhadosudeste.com\/site\/index.php?rest_route=%2Fwp%2Fv2%2Fcomments&post=76854"}],"version-history":[{"count":1,"href":"https:\/\/folhadosudeste.com\/site\/index.php?rest_route=\/wp\/v2\/posts\/76854\/revisions"}],"predecessor-version":[{"id":76857,"href":"https:\/\/folhadosudeste.com\/site\/index.php?rest_route=\/wp\/v2\/posts\/76854\/revisions\/76857"}],"wp:attachment":[{"href":"https:\/\/folhadosudeste.com\/site\/index.php?rest_route=%2Fwp%2Fv2%2Fmedia&parent=76854"}],"wp:term":[{"taxonomy":"category","embeddable":true,"href":"https:\/\/folhadosudeste.com\/site\/index.php?rest_route=%2Fwp%2Fv2%2Fcategories&post=76854"},{"taxonomy":"post_tag","embeddable":true,"href":"https:\/\/folhadosudeste.com\/site\/index.php?rest_route=%2Fwp%2Fv2%2Ftags&post=76854"}],"curies":[{"name":"wp","href":"https:\/\/api.w.org\/{rel}","templated":true}]}}