{"id":76868,"date":"2021-08-19T00:20:34","date_gmt":"2021-08-19T00:20:34","guid":{"rendered":"http:\/\/folhadosudeste.com\/site\/?p=76868"},"modified":"2021-08-19T00:20:34","modified_gmt":"2021-08-19T00:20:34","slug":"policia-civil-apreende-mais-de-40-barras-de-maconha-em-ervalia","status":"publish","type":"post","link":"https:\/\/folhadosudeste.com\/site\/?p=76868","title":{"rendered":"Pol\u00edcia Civil apreende mais de 40 barras de maconha em Erv\u00e1lia"},"content":{"rendered":"<p><a href=\"http:\/\/folhadosudeste.com\/site\/wp-content\/uploads\/2021\/08\/FOTO.jpeg\"><img loading=\"lazy\" decoding=\"async\" class=\"alignnone size-full wp-image-76869\" src=\"http:\/\/folhadosudeste.com\/site\/wp-content\/uploads\/2021\/08\/FOTO.jpeg\" alt=\"\" width=\"722\" height=\"732\" srcset=\"https:\/\/folhadosudeste.com\/site\/wp-content\/uploads\/2021\/08\/FOTO.jpeg 722w, https:\/\/folhadosudeste.com\/site\/wp-content\/uploads\/2021\/08\/FOTO-296x300.jpeg 296w\" sizes=\"auto, (max-width: 722px) 100vw, 722px\" \/><\/a><\/p>\n<p style=\"text-align: justify;\"><em>A droga foi apreendida na Zona Rural da cidade. A investiga\u00e7\u00e3o prossegue.<\/em><\/p>\n<p style=\"text-align: justify;\">A Pol\u00edcia Civil de Minas Gerais apreendeu, na ter\u00e7a-feira (17\/8), quarenta e duas barras de maconha, no munic\u00edpio de Erv\u00e1lia, na Zona da Mata mineira. A droga foi encontrada \u00e0 beira de uma estrada de ch\u00e3o, na localidade de C\u00f3rrego Frio, na Zona Rural da cidade, escondida em caixas.<\/p>\n<p style=\"text-align: justify;\"><!--more--><\/p>\n<p style=\"text-align: justify;\">A apreens\u00e3o ocorreu, durante trabalhos investigativos realizados pela 5\u00aa Delegacia Regional em Vi\u00e7osa, visando \u00e0 apura\u00e7\u00e3o de um furto. Desdobramentos dessa investiga\u00e7\u00e3o resultaram no deslocamento de policiais civis at\u00e9 a Zona Rural de Erv\u00e1lia, onde as barras de maconha foram encontradas, em meio a uma vegeta\u00e7\u00e3o.<\/p>\n<p style=\"text-align: justify;\">Nessa a\u00e7\u00e3o, a Pol\u00edcia Civil j\u00e1 qualificou dois suspeitos, moradores da cidade de Carangola, que possivelmente seriam os donos da droga. As investiga\u00e7\u00f5es seguem em andamento.<\/p>\n<div style=\"text-align: justify;\">&nbsp;<\/div>\n","protected":false},"excerpt":{"rendered":"<p>A droga foi apreendida na Zona Rural da cidade. A investiga\u00e7\u00e3o prossegue. A Pol\u00edcia Civil de Minas Gerais apreendeu, na ter\u00e7a-feira (17\/8), quarenta e duas barras de maconha, no munic\u00edpio de Erv\u00e1lia, na Zona da Mata mineira. A droga foi encontrada \u00e0 beira de uma estrada de ch\u00e3o, na localidade de C\u00f3rrego Frio, na Zona [&hellip;]<\/p>\n","protected":false},"author":6,"featured_media":0,"comment_status":"open","ping_status":"closed","sticky":false,"template":"","format":"standard","meta":{"_joinchat":[],"footnotes":""},"categories":[1],"tags":[],"class_list":["post-76868","post","type-post","status-publish","format-standard","hentry","category-sem-categoria"],"_links":{"self":[{"href":"https:\/\/folhadosudeste.com\/site\/index.php?rest_route=\/wp\/v2\/posts\/76868","targetHints":{"allow":["GET"]}}],"collection":[{"href":"https:\/\/folhadosudeste.com\/site\/index.php?rest_route=\/wp\/v2\/posts"}],"about":[{"href":"https:\/\/folhadosudeste.com\/site\/index.php?rest_route=\/wp\/v2\/types\/post"}],"author":[{"embeddable":true,"href":"https:\/\/folhadosudeste.com\/site\/index.php?rest_route=\/wp\/v2\/users\/6"}],"replies":[{"embeddable":true,"href":"https:\/\/folhadosudeste.com\/site\/index.php?rest_route=%2Fwp%2Fv2%2Fcomments&post=76868"}],"version-history":[{"count":1,"href":"https:\/\/folhadosudeste.com\/site\/index.php?rest_route=\/wp\/v2\/posts\/76868\/revisions"}],"predecessor-version":[{"id":76870,"href":"https:\/\/folhadosudeste.com\/site\/index.php?rest_route=\/wp\/v2\/posts\/76868\/revisions\/76870"}],"wp:attachment":[{"href":"https:\/\/folhadosudeste.com\/site\/index.php?rest_route=%2Fwp%2Fv2%2Fmedia&parent=76868"}],"wp:term":[{"taxonomy":"category","embeddable":true,"href":"https:\/\/folhadosudeste.com\/site\/index.php?rest_route=%2Fwp%2Fv2%2Fcategories&post=76868"},{"taxonomy":"post_tag","embeddable":true,"href":"https:\/\/folhadosudeste.com\/site\/index.php?rest_route=%2Fwp%2Fv2%2Ftags&post=76868"}],"curies":[{"name":"wp","href":"https:\/\/api.w.org\/{rel}","templated":true}]}}