{"id":76878,"date":"2021-08-20T02:51:13","date_gmt":"2021-08-20T02:51:13","guid":{"rendered":"http:\/\/folhadosudeste.com\/site\/?p=76878"},"modified":"2021-08-20T02:51:44","modified_gmt":"2021-08-20T02:51:44","slug":"caso-nayara-policia-civil-prende-em-belo-horizonte-o-segundo-militar-suspeito-de-envolvimento-na-morte-da-manicure","status":"publish","type":"post","link":"https:\/\/folhadosudeste.com\/site\/?p=76878","title":{"rendered":"Caso Nayara: Pol\u00edcia Civil prende em Belo Horizonte o segundo militar suspeito de envolvimento na morte da manicure"},"content":{"rendered":"<p style=\"text-align: justify;\"><a href=\"http:\/\/folhadosudeste.com\/site\/wp-content\/uploads\/2021\/08\/DSC_0005_707x471-3_707x471-707x405.jpg\"><img loading=\"lazy\" decoding=\"async\" class=\"alignnone wp-image-76879\" src=\"http:\/\/folhadosudeste.com\/site\/wp-content\/uploads\/2021\/08\/DSC_0005_707x471-3_707x471-707x405.jpg\" alt=\"\" width=\"787\" height=\"451\" srcset=\"https:\/\/folhadosudeste.com\/site\/wp-content\/uploads\/2021\/08\/DSC_0005_707x471-3_707x471-707x405.jpg 707w, https:\/\/folhadosudeste.com\/site\/wp-content\/uploads\/2021\/08\/DSC_0005_707x471-3_707x471-707x405-300x172.jpg 300w\" sizes=\"auto, (max-width: 787px) 100vw, 787px\" \/><\/a><\/p>\n<p style=\"text-align: justify;\">A Pol\u00edcia Civil de Muria\u00e9 anunciou no in\u00edcio da tarde desta ter\u00e7a-feira (17), a pris\u00e3o de um policial militar, de Belo Horizonte, suspeito tamb\u00e9m de envolvimento na morte da manicure, Nayara Andrade Rocha, 34 anos, assassinada com cinco tiros, no dia 01 de junho deste ano, \u00e0s 8 horas da manh\u00e3, quando estava trabalhando em seu sal\u00e3o de beleza, na Rua Belis\u00e1rio, no bairro da Barra.<\/p>\n<p><!--more--><\/p>\n<p style=\"text-align: justify;\"><a href=\"http:\/\/folhadosudeste.com\/site\/wp-content\/uploads\/2021\/08\/NAYARA.jpg\"><img loading=\"lazy\" decoding=\"async\" class=\"alignnone wp-image-76880\" src=\"http:\/\/folhadosudeste.com\/site\/wp-content\/uploads\/2021\/08\/NAYARA.jpg\" alt=\"\" width=\"794\" height=\"418\" srcset=\"https:\/\/folhadosudeste.com\/site\/wp-content\/uploads\/2021\/08\/NAYARA.jpg 456w, https:\/\/folhadosudeste.com\/site\/wp-content\/uploads\/2021\/08\/NAYARA-300x158.jpg 300w\" sizes=\"auto, (max-width: 794px) 100vw, 794px\" \/><\/a><\/p>\n<p>&nbsp;<\/p>\n<p style=\"text-align: justify;\"><a href=\"http:\/\/folhadosudeste.com\/site\/wp-content\/uploads\/2021\/08\/BARRA-1.jpg\"><img loading=\"lazy\" decoding=\"async\" class=\"alignnone wp-image-76881\" src=\"http:\/\/folhadosudeste.com\/site\/wp-content\/uploads\/2021\/08\/BARRA-1.jpg\" alt=\"\" width=\"782\" height=\"949\" srcset=\"https:\/\/folhadosudeste.com\/site\/wp-content\/uploads\/2021\/08\/BARRA-1.jpg 738w, https:\/\/folhadosudeste.com\/site\/wp-content\/uploads\/2021\/08\/BARRA-1-247x300.jpg 247w\" sizes=\"auto, (max-width: 782px) 100vw, 782px\" \/><\/a><\/p>\n<p style=\"text-align: justify;\">Nos primeiros dias de investiga\u00e7\u00e3o a Pol\u00edcia Civil j\u00e1 havia prendido duas pessoas, entre elas, um sargento da Pol\u00edcia Militar de Muria\u00e9, suspeito de tramar a morte de Nayara, que era sua prima, e o motivo, v\u00e1rias ap\u00f3lices de seguro de vida que o mesmo havia feito em nome da v\u00edtima, com a finalidade de obter vantagens financeiras.<\/p>\n<p style=\"text-align: justify;\"><strong>Veja a Nota Oficial divulgada pela 4\u00aa Delegacia Regional de Pol\u00edcia Civil de Muria\u00e9<\/strong><\/p>\n<p style=\"text-align: justify;\">\u201cA Pol\u00edcia Civil de Minas Gerais (PCMG) prendeu, nesta data, em Belo Horizonte, um segundo policial militar envolvido na morte da manicure Nayara Andrade Rocha, morta a tiros na data de 01.06.2021, em Muria\u00e9. Na ocasi\u00e3o, a v\u00edtima foi alvejada com cinco&nbsp; disparos de arma de fogo por um homem que conduzia um ve\u00edculo VW Gol, sem placas.<\/p>\n<p style=\"text-align: justify;\">A investiga\u00e7\u00e3o conduzida pela Delegacia de Homic\u00eddios e Prote\u00e7\u00e3o \u00e0 Pessoa (DHPP) da 4a DRPC\/Muria\u00e9, concluiu que o crime foi planejado e executado por um sargento da Pol\u00edcia Militar, que era primo da v\u00edtima e que fraudou diversos seguros de vida em nome dela.<\/p>\n<p style=\"text-align: justify;\">Durante a apura\u00e7\u00e3o os agentes descobriram ainda que o ve\u00edculo utilizado pelo executor foi adquirido em Belo Horizonte, exclusivamente para a pr\u00e1tica do crime. E foi exatamente neste contexto que o segundo Militar foi preso nesta data. Segundo o que restou apurado foi ele quem auxiliou o executor, adquirindo o ve\u00edculo atrav\u00e9s de artimanhas para evitar sua identifica\u00e7\u00e3o e o repassou ao autor.<\/p>\n<p style=\"text-align: justify;\">Na vis\u00e3o do Minist\u00e9rio Publico o Cabo da PM, de 35 anos de idade, lotado na ROTAM, que n\u00e3o teve o nome revelado, prestou mais do que um favor ao amigo, tendo colaborado efetivamente para a trama.<\/p>\n<p style=\"text-align: justify;\"><a href=\"http:\/\/folhadosudeste.com\/site\/wp-content\/uploads\/2021\/08\/WhatsApp-Image-2021-08-17-at-14.37.18-768x576.jpeg\"><img loading=\"lazy\" decoding=\"async\" class=\"alignnone wp-image-76882\" src=\"http:\/\/folhadosudeste.com\/site\/wp-content\/uploads\/2021\/08\/WhatsApp-Image-2021-08-17-at-14.37.18-768x576.jpeg\" alt=\"\" width=\"787\" height=\"590\" srcset=\"https:\/\/folhadosudeste.com\/site\/wp-content\/uploads\/2021\/08\/WhatsApp-Image-2021-08-17-at-14.37.18-768x576.jpeg 768w, https:\/\/folhadosudeste.com\/site\/wp-content\/uploads\/2021\/08\/WhatsApp-Image-2021-08-17-at-14.37.18-768x576-300x225.jpeg 300w\" sizes=\"auto, (max-width: 787px) 100vw, 787px\" \/><\/a><\/p>\n<p style=\"text-align: justify;\">Ele foi preso no Batalh\u00e3o onde trabalhava numa a\u00e7\u00e3o conjunta do Departamento de Homic\u00eddios e Prote\u00e7\u00e3o a Pessoa da Pol\u00edcia Civil, com a Corregedoria da Pol\u00edcia Militar e ficar\u00e1 \u00e0 disposi\u00e7\u00e3o da Justi\u00e7a Criminal da Comarca de Muria\u00e9\u201d.<\/p>\n<p style=\"text-align: justify;\">Fonte: Silvan Alves<\/p>\n<p>Fotos: Silvan Alves<\/p>\n","protected":false},"excerpt":{"rendered":"<p>A Pol\u00edcia Civil de Muria\u00e9 anunciou no in\u00edcio da tarde desta ter\u00e7a-feira (17), a pris\u00e3o de um policial militar, de Belo Horizonte, suspeito tamb\u00e9m de envolvimento na morte da manicure, Nayara Andrade Rocha, 34 anos, assassinada com cinco tiros, no dia 01 de junho deste ano, \u00e0s 8 horas da manh\u00e3, quando estava trabalhando em [&hellip;]<\/p>\n","protected":false},"author":6,"featured_media":0,"comment_status":"open","ping_status":"closed","sticky":false,"template":"","format":"standard","meta":{"_joinchat":[],"footnotes":""},"categories":[1],"tags":[],"class_list":["post-76878","post","type-post","status-publish","format-standard","hentry","category-sem-categoria"],"_links":{"self":[{"href":"https:\/\/folhadosudeste.com\/site\/index.php?rest_route=\/wp\/v2\/posts\/76878","targetHints":{"allow":["GET"]}}],"collection":[{"href":"https:\/\/folhadosudeste.com\/site\/index.php?rest_route=\/wp\/v2\/posts"}],"about":[{"href":"https:\/\/folhadosudeste.com\/site\/index.php?rest_route=\/wp\/v2\/types\/post"}],"author":[{"embeddable":true,"href":"https:\/\/folhadosudeste.com\/site\/index.php?rest_route=\/wp\/v2\/users\/6"}],"replies":[{"embeddable":true,"href":"https:\/\/folhadosudeste.com\/site\/index.php?rest_route=%2Fwp%2Fv2%2Fcomments&post=76878"}],"version-history":[{"count":2,"href":"https:\/\/folhadosudeste.com\/site\/index.php?rest_route=\/wp\/v2\/posts\/76878\/revisions"}],"predecessor-version":[{"id":76884,"href":"https:\/\/folhadosudeste.com\/site\/index.php?rest_route=\/wp\/v2\/posts\/76878\/revisions\/76884"}],"wp:attachment":[{"href":"https:\/\/folhadosudeste.com\/site\/index.php?rest_route=%2Fwp%2Fv2%2Fmedia&parent=76878"}],"wp:term":[{"taxonomy":"category","embeddable":true,"href":"https:\/\/folhadosudeste.com\/site\/index.php?rest_route=%2Fwp%2Fv2%2Fcategories&post=76878"},{"taxonomy":"post_tag","embeddable":true,"href":"https:\/\/folhadosudeste.com\/site\/index.php?rest_route=%2Fwp%2Fv2%2Ftags&post=76878"}],"curies":[{"name":"wp","href":"https:\/\/api.w.org\/{rel}","templated":true}]}}