{"id":76920,"date":"2021-08-20T15:33:49","date_gmt":"2021-08-20T15:33:49","guid":{"rendered":"http:\/\/folhadosudeste.com\/site\/?p=76920"},"modified":"2021-08-20T15:33:49","modified_gmt":"2021-08-20T15:33:49","slug":"mudanca-no-transito-na-regiao-da-santa-rita-e-entorno-traz-transtornos-para-comerciantes-e-moradores","status":"publish","type":"post","link":"https:\/\/folhadosudeste.com\/site\/?p=76920","title":{"rendered":"Mudan\u00e7a no tr\u00e2nsito na regi\u00e3o da Santa Rita e entorno traz transtornos para comerciantes e moradores"},"content":{"rendered":"<p><a href=\"http:\/\/folhadosudeste.com\/site\/wp-content\/uploads\/2021\/08\/WhatsApp-Image-2021-08-20-at-12.22.24.jpeg\"><img loading=\"lazy\" decoding=\"async\" class=\"alignnone size-full wp-image-76922\" src=\"http:\/\/folhadosudeste.com\/site\/wp-content\/uploads\/2021\/08\/WhatsApp-Image-2021-08-20-at-12.22.24.jpeg\" alt=\"\" width=\"1600\" height=\"1200\" srcset=\"https:\/\/folhadosudeste.com\/site\/wp-content\/uploads\/2021\/08\/WhatsApp-Image-2021-08-20-at-12.22.24.jpeg 1600w, https:\/\/folhadosudeste.com\/site\/wp-content\/uploads\/2021\/08\/WhatsApp-Image-2021-08-20-at-12.22.24-300x225.jpeg 300w, https:\/\/folhadosudeste.com\/site\/wp-content\/uploads\/2021\/08\/WhatsApp-Image-2021-08-20-at-12.22.24-768x576.jpeg 768w, https:\/\/folhadosudeste.com\/site\/wp-content\/uploads\/2021\/08\/WhatsApp-Image-2021-08-20-at-12.22.24-1024x768.jpeg 1024w\" sizes=\"auto, (max-width: 1600px) 100vw, 1600px\" \/><\/a><\/p>\n<p style=\"text-align: justify;\">O fluxo no tr\u00e2nsito de Muria\u00e9 na regi\u00e3o da Santa Rita e Bico Doce sofreu dr\u00e1sticas mudan\u00e7as na \u00faltima semana. Com isso, a nova configura\u00e7\u00e3o direciona todo o tr\u00e1fego em dire\u00e7\u00e3o ao Safira, o que vem deixando moradores e comerciantes furiosos. Afinal, a medida reduziu muito o n\u00famero de clientes em diversos com\u00e9rcios, em raz\u00e3o do menor fluxo de motoristas, e fez com que trajetos que antes eram r\u00e1pidos se tornassem mais longos, justamente em um per\u00edodo de alta nos pre\u00e7os dos combust\u00edveis, as altera\u00e7\u00f5es t\u00eam causado um grande impacto negativo na economia da regi\u00e3o.<\/p>\n<p style=\"text-align: justify;\"><!--more--><\/p>\n<p style=\"text-align: justify;\">A fim de registrar a indigna\u00e7\u00e3o dos comerciantes da regi\u00e3o afetada, o jornal Folha do Sudeste foi \u00e0s ruas colher opini\u00f5es em rela\u00e7\u00e3o \u00e0 brusca mudan\u00e7a no tr\u00e1fego. O gerente do Posto Veredas Express, Wagner, contou que foi pego de surpresa pelas mudan\u00e7as. &#8220;Tentamos de todas as formas conversar com os respons\u00e1veis, mas n\u00e3o recebemos nenhuma resposta em rela\u00e7\u00e3o a projeto ou pesquisa de com\u00e9rcio. Atend\u00edamos cerca de 200 a 300 ve\u00edculos por dia, mas agora esse n\u00famero caiu. A maioria dos clientes vem reclamando, ent\u00e3o vemos que n\u00e3o \u00e9 uma reclama\u00e7\u00e3o s\u00f3 do com\u00e9rcio&#8221;, disse. Ele tamb\u00e9m alertou para o perigo das novas medidas para a seguran\u00e7a da regi\u00e3o. &#8220;O que mais nos preocupa \u00e9 o tamanho da rua. \u00c9 uma via muito larga e na qual cabem at\u00e9 quatro ve\u00edculos, ent\u00e3o a velocidade dos ve\u00edculos aumentou muito com a altera\u00e7\u00e3o. Com isso, o risco de acidentes aumenta bastante&#8221;, finalizou.<\/p>\n<p style=\"text-align: justify;\">Paulo Vieira Paradela Junior, propriet\u00e1rio da Fiel G\u00e1s Distribuidora, tamb\u00e9m se mostrou indignado com a mudan\u00e7a no tr\u00e2nsito. Em entrevista, ele contou que foi bastante afetado. &#8220;O impacto sobre os comerciantes da \u00e1rea foi totalmente negativo, porque o fluxo do tr\u00e2nsito direciona somente para um novo empreendimento comercial, e n\u00f3s somos afetados porque n\u00e3o pegamos a volta para casa do cliente que passa pela regi\u00e3o. Fomos \u00e0 prefeitura, mas n\u00e3o tivemos resposta. Fizemos contato com vereadores, e alguns nos apoiaram enquanto outros n\u00e3o se manifestaram. Seguimos para o Minist\u00e9rio P\u00fablico e vimos que j\u00e1 havia uma den\u00fancia e uma apura\u00e7\u00e3o em an\u00e1lise, ent\u00e3o s\u00f3 refor\u00e7amos e levamos documentos comprovat\u00f3rios dessas mudan\u00e7as. Tamb\u00e9m fomos ao Demutran e a princ\u00edpio n\u00e3o fomos bem atendidos, mas existe uma conversa de sugest\u00e3o para diminuir esse impacto negativo sobre n\u00f3s. Estamos mobilizados com os moradores para trazer uma solu\u00e7\u00e3o&#8221;, explicou.<\/p>\n<p style=\"text-align: justify;\">O advogado empres\u00e1rio da Panificadora Ki-Del\u00edcia, Elder Vargas Flores, contou que est\u00e1 aguardando um posicionamento do \u00f3rg\u00e3o p\u00fablico que possa reverter a situa\u00e7\u00e3o. &#8220;Tentamos, atrav\u00e9s do di\u00e1logo, chegar at\u00e9 o prefeito, mas fomos atendidos pelo o Chefe de Gabinete Paulo Sergio do Amaral, atrav\u00e9s da CDL Muria\u00e9, que se prontificou em nos ajudar. Foi realizado um abaixo-assinado, que j\u00e1 conta com mais de 300 assinaturas. Procuramos a promotora respons\u00e1vel pelo caso, que j\u00e1 havia manejado a informa\u00e7\u00e3o contra os envolvidos, para que possam apresentar a documenta\u00e7\u00e3o necess\u00e1ria de estudo para viabilidade de mudan\u00e7a do tr\u00e1fego. Ent\u00e3o, ela deu o prazo de dez dias para se manifestarem, e estamos aguardando. H\u00e1 ind\u00edcios de que a mudan\u00e7a tenha ocorrido para favorecer uma empresa de grande porte, em detrimento das demais. Estamos esperando a posi\u00e7\u00e3o da Promotoria de Justi\u00e7a. \u00c9 uma falta de respeito n\u00e3o s\u00f3 com os comerciantes, como tamb\u00e9m com os moradores&#8221;, avaliou.<\/p>\n<p style=\"text-align: justify;\">O comerciante Vagner Lacerda Sim\u00e3o, \u00e9 propriet\u00e1rio do Minimercado Cymon h\u00e1 29 anos, tamb\u00e9m est\u00e1 insatisfeito com as medidas, mas contou que acredita na possibilidade de que o tr\u00e2nsito volte \u00e0 configura\u00e7\u00e3o anterior. &#8220;Estamos tentando reverter isso na justi\u00e7a, porque nossas vendas foram muito prejudicadas. Quanto mais r\u00e1pido voltar a ser como antes, melhor para n\u00f3s. Acredito que exista a possibilidade, mas depende da boa vontade dos \u00f3rg\u00e3os p\u00fablicos. A Avenida Vicente Alves, sempre foi de m\u00e3o dupla, era estreita e foi alargada. N\u00e3o vou insinuar motivo porque n\u00e3o tenho certeza de nada, mas sofri na pele a mudan\u00e7a do tr\u00e2nsito. Afinal, a rota do consumidor foi desviada da nossa regi\u00e3o&#8221;, afirmou.<\/p>\n<p><a href=\"http:\/\/folhadosudeste.com\/site\/wp-content\/uploads\/2021\/08\/WhatsApp-Image-2021-08-20-at-12.22.24-1.jpeg\"><img loading=\"lazy\" decoding=\"async\" class=\"alignnone size-full wp-image-76923\" src=\"http:\/\/folhadosudeste.com\/site\/wp-content\/uploads\/2021\/08\/WhatsApp-Image-2021-08-20-at-12.22.24-1.jpeg\" alt=\"\" width=\"1024\" height=\"768\" srcset=\"https:\/\/folhadosudeste.com\/site\/wp-content\/uploads\/2021\/08\/WhatsApp-Image-2021-08-20-at-12.22.24-1.jpeg 1024w, https:\/\/folhadosudeste.com\/site\/wp-content\/uploads\/2021\/08\/WhatsApp-Image-2021-08-20-at-12.22.24-1-300x225.jpeg 300w, https:\/\/folhadosudeste.com\/site\/wp-content\/uploads\/2021\/08\/WhatsApp-Image-2021-08-20-at-12.22.24-1-768x576.jpeg 768w\" sizes=\"auto, (max-width: 1024px) 100vw, 1024px\" \/><\/a> <a href=\"http:\/\/folhadosudeste.com\/site\/wp-content\/uploads\/2021\/08\/WhatsApp-Image-2021-08-20-at-12.22.24-2.jpeg\"><img loading=\"lazy\" decoding=\"async\" class=\"alignnone size-full wp-image-76924\" src=\"http:\/\/folhadosudeste.com\/site\/wp-content\/uploads\/2021\/08\/WhatsApp-Image-2021-08-20-at-12.22.24-2.jpeg\" alt=\"\" width=\"1024\" height=\"768\" srcset=\"https:\/\/folhadosudeste.com\/site\/wp-content\/uploads\/2021\/08\/WhatsApp-Image-2021-08-20-at-12.22.24-2.jpeg 1024w, https:\/\/folhadosudeste.com\/site\/wp-content\/uploads\/2021\/08\/WhatsApp-Image-2021-08-20-at-12.22.24-2-300x225.jpeg 300w, https:\/\/folhadosudeste.com\/site\/wp-content\/uploads\/2021\/08\/WhatsApp-Image-2021-08-20-at-12.22.24-2-768x576.jpeg 768w\" sizes=\"auto, (max-width: 1024px) 100vw, 1024px\" \/><\/a> <a href=\"http:\/\/folhadosudeste.com\/site\/wp-content\/uploads\/2021\/08\/WhatsApp-Image-2021-08-20-at-12.22.24-3.jpeg\"><img loading=\"lazy\" decoding=\"async\" class=\"alignnone size-full wp-image-76925\" src=\"http:\/\/folhadosudeste.com\/site\/wp-content\/uploads\/2021\/08\/WhatsApp-Image-2021-08-20-at-12.22.24-3.jpeg\" alt=\"\" width=\"1024\" height=\"768\" srcset=\"https:\/\/folhadosudeste.com\/site\/wp-content\/uploads\/2021\/08\/WhatsApp-Image-2021-08-20-at-12.22.24-3.jpeg 1024w, https:\/\/folhadosudeste.com\/site\/wp-content\/uploads\/2021\/08\/WhatsApp-Image-2021-08-20-at-12.22.24-3-300x225.jpeg 300w, https:\/\/folhadosudeste.com\/site\/wp-content\/uploads\/2021\/08\/WhatsApp-Image-2021-08-20-at-12.22.24-3-768x576.jpeg 768w\" sizes=\"auto, (max-width: 1024px) 100vw, 1024px\" \/><\/a> <a href=\"http:\/\/folhadosudeste.com\/site\/wp-content\/uploads\/2021\/08\/WhatsApp-Image-2021-08-20-at-12.22.24-4.jpeg\"><img loading=\"lazy\" decoding=\"async\" class=\"alignnone size-full wp-image-76926\" src=\"http:\/\/folhadosudeste.com\/site\/wp-content\/uploads\/2021\/08\/WhatsApp-Image-2021-08-20-at-12.22.24-4.jpeg\" alt=\"\" width=\"1024\" height=\"768\" srcset=\"https:\/\/folhadosudeste.com\/site\/wp-content\/uploads\/2021\/08\/WhatsApp-Image-2021-08-20-at-12.22.24-4.jpeg 1024w, https:\/\/folhadosudeste.com\/site\/wp-content\/uploads\/2021\/08\/WhatsApp-Image-2021-08-20-at-12.22.24-4-300x225.jpeg 300w, https:\/\/folhadosudeste.com\/site\/wp-content\/uploads\/2021\/08\/WhatsApp-Image-2021-08-20-at-12.22.24-4-768x576.jpeg 768w\" sizes=\"auto, (max-width: 1024px) 100vw, 1024px\" \/><\/a> <a href=\"http:\/\/folhadosudeste.com\/site\/wp-content\/uploads\/2021\/08\/WhatsApp-Image-2021-08-20-at-12.22.24-5.jpeg\"><img loading=\"lazy\" decoding=\"async\" class=\"alignnone size-full wp-image-76927\" src=\"http:\/\/folhadosudeste.com\/site\/wp-content\/uploads\/2021\/08\/WhatsApp-Image-2021-08-20-at-12.22.24-5.jpeg\" alt=\"\" width=\"1024\" height=\"768\" srcset=\"https:\/\/folhadosudeste.com\/site\/wp-content\/uploads\/2021\/08\/WhatsApp-Image-2021-08-20-at-12.22.24-5.jpeg 1024w, https:\/\/folhadosudeste.com\/site\/wp-content\/uploads\/2021\/08\/WhatsApp-Image-2021-08-20-at-12.22.24-5-300x225.jpeg 300w, https:\/\/folhadosudeste.com\/site\/wp-content\/uploads\/2021\/08\/WhatsApp-Image-2021-08-20-at-12.22.24-5-768x576.jpeg 768w\" sizes=\"auto, (max-width: 1024px) 100vw, 1024px\" \/><\/a> <a href=\"http:\/\/folhadosudeste.com\/site\/wp-content\/uploads\/2021\/08\/WhatsApp-Image-2021-08-20-at-12.22.24-6.jpeg\"><img loading=\"lazy\" decoding=\"async\" class=\"alignnone size-full wp-image-76928\" src=\"http:\/\/folhadosudeste.com\/site\/wp-content\/uploads\/2021\/08\/WhatsApp-Image-2021-08-20-at-12.22.24-6.jpeg\" alt=\"\" width=\"1024\" height=\"768\" srcset=\"https:\/\/folhadosudeste.com\/site\/wp-content\/uploads\/2021\/08\/WhatsApp-Image-2021-08-20-at-12.22.24-6.jpeg 1024w, https:\/\/folhadosudeste.com\/site\/wp-content\/uploads\/2021\/08\/WhatsApp-Image-2021-08-20-at-12.22.24-6-300x225.jpeg 300w, https:\/\/folhadosudeste.com\/site\/wp-content\/uploads\/2021\/08\/WhatsApp-Image-2021-08-20-at-12.22.24-6-768x576.jpeg 768w\" sizes=\"auto, (max-width: 1024px) 100vw, 1024px\" \/><\/a> <a href=\"http:\/\/folhadosudeste.com\/site\/wp-content\/uploads\/2021\/08\/WhatsApp-Image-2021-08-20-at-12.31.23.jpeg\"><img loading=\"lazy\" decoding=\"async\" class=\"alignnone size-full wp-image-76929\" src=\"http:\/\/folhadosudeste.com\/site\/wp-content\/uploads\/2021\/08\/WhatsApp-Image-2021-08-20-at-12.31.23.jpeg\" alt=\"\" width=\"616\" height=\"540\" srcset=\"https:\/\/folhadosudeste.com\/site\/wp-content\/uploads\/2021\/08\/WhatsApp-Image-2021-08-20-at-12.31.23.jpeg 616w, https:\/\/folhadosudeste.com\/site\/wp-content\/uploads\/2021\/08\/WhatsApp-Image-2021-08-20-at-12.31.23-300x263.jpeg 300w\" sizes=\"auto, (max-width: 616px) 100vw, 616px\" \/><\/a> <a href=\"http:\/\/folhadosudeste.com\/site\/wp-content\/uploads\/2021\/08\/WhatsApp-Image-2021-08-20-at-12.22.42.jpeg\"><img loading=\"lazy\" decoding=\"async\" class=\"alignnone size-full wp-image-76930\" src=\"http:\/\/folhadosudeste.com\/site\/wp-content\/uploads\/2021\/08\/WhatsApp-Image-2021-08-20-at-12.22.42.jpeg\" alt=\"\" width=\"707\" height=\"471\" srcset=\"https:\/\/folhadosudeste.com\/site\/wp-content\/uploads\/2021\/08\/WhatsApp-Image-2021-08-20-at-12.22.42.jpeg 707w, https:\/\/folhadosudeste.com\/site\/wp-content\/uploads\/2021\/08\/WhatsApp-Image-2021-08-20-at-12.22.42-300x200.jpeg 300w, https:\/\/folhadosudeste.com\/site\/wp-content\/uploads\/2021\/08\/WhatsApp-Image-2021-08-20-at-12.22.42-120x80.jpeg 120w, https:\/\/folhadosudeste.com\/site\/wp-content\/uploads\/2021\/08\/WhatsApp-Image-2021-08-20-at-12.22.42-345x230.jpeg 345w\" sizes=\"auto, (max-width: 707px) 100vw, 707px\" \/><\/a> <a href=\"http:\/\/folhadosudeste.com\/site\/wp-content\/uploads\/2021\/08\/WhatsApp-Image-2021-08-20-at-12.22.42-1.jpeg\"><img loading=\"lazy\" decoding=\"async\" class=\"alignnone size-full wp-image-76931\" src=\"http:\/\/folhadosudeste.com\/site\/wp-content\/uploads\/2021\/08\/WhatsApp-Image-2021-08-20-at-12.22.42-1.jpeg\" alt=\"\" width=\"707\" height=\"376\" srcset=\"https:\/\/folhadosudeste.com\/site\/wp-content\/uploads\/2021\/08\/WhatsApp-Image-2021-08-20-at-12.22.42-1.jpeg 707w, https:\/\/folhadosudeste.com\/site\/wp-content\/uploads\/2021\/08\/WhatsApp-Image-2021-08-20-at-12.22.42-1-300x160.jpeg 300w\" sizes=\"auto, (max-width: 707px) 100vw, 707px\" \/><\/a><\/p>\n<p>Texto: Folha do Sudeste<\/p>\n<p>Fotos: Folha do Sudeste\/ Silvan Alves<\/p>\n","protected":false},"excerpt":{"rendered":"<p>O fluxo no tr\u00e2nsito de Muria\u00e9 na regi\u00e3o da Santa Rita e Bico Doce sofreu dr\u00e1sticas mudan\u00e7as na \u00faltima semana. Com isso, a nova configura\u00e7\u00e3o direciona todo o tr\u00e1fego em dire\u00e7\u00e3o ao Safira, o que vem deixando moradores e comerciantes furiosos. Afinal, a medida reduziu muito o n\u00famero de clientes em diversos com\u00e9rcios, em raz\u00e3o [&hellip;]<\/p>\n","protected":false},"author":6,"featured_media":0,"comment_status":"open","ping_status":"closed","sticky":false,"template":"","format":"standard","meta":{"_joinchat":[],"footnotes":""},"categories":[1],"tags":[],"class_list":["post-76920","post","type-post","status-publish","format-standard","hentry","category-sem-categoria"],"_links":{"self":[{"href":"https:\/\/folhadosudeste.com\/site\/index.php?rest_route=\/wp\/v2\/posts\/76920","targetHints":{"allow":["GET"]}}],"collection":[{"href":"https:\/\/folhadosudeste.com\/site\/index.php?rest_route=\/wp\/v2\/posts"}],"about":[{"href":"https:\/\/folhadosudeste.com\/site\/index.php?rest_route=\/wp\/v2\/types\/post"}],"author":[{"embeddable":true,"href":"https:\/\/folhadosudeste.com\/site\/index.php?rest_route=\/wp\/v2\/users\/6"}],"replies":[{"embeddable":true,"href":"https:\/\/folhadosudeste.com\/site\/index.php?rest_route=%2Fwp%2Fv2%2Fcomments&post=76920"}],"version-history":[{"count":2,"href":"https:\/\/folhadosudeste.com\/site\/index.php?rest_route=\/wp\/v2\/posts\/76920\/revisions"}],"predecessor-version":[{"id":76932,"href":"https:\/\/folhadosudeste.com\/site\/index.php?rest_route=\/wp\/v2\/posts\/76920\/revisions\/76932"}],"wp:attachment":[{"href":"https:\/\/folhadosudeste.com\/site\/index.php?rest_route=%2Fwp%2Fv2%2Fmedia&parent=76920"}],"wp:term":[{"taxonomy":"category","embeddable":true,"href":"https:\/\/folhadosudeste.com\/site\/index.php?rest_route=%2Fwp%2Fv2%2Fcategories&post=76920"},{"taxonomy":"post_tag","embeddable":true,"href":"https:\/\/folhadosudeste.com\/site\/index.php?rest_route=%2Fwp%2Fv2%2Ftags&post=76920"}],"curies":[{"name":"wp","href":"https:\/\/api.w.org\/{rel}","templated":true}]}}