{"id":76935,"date":"2021-08-20T22:35:18","date_gmt":"2021-08-20T22:35:18","guid":{"rendered":"http:\/\/folhadosudeste.com\/site\/?p=76935"},"modified":"2021-08-20T22:35:18","modified_gmt":"2021-08-20T22:35:18","slug":"oito-novos-casos-de-covid-19-foram-confirmados-em-muriae-no-boletim-desta-sexta-feira","status":"publish","type":"post","link":"https:\/\/folhadosudeste.com\/site\/?p=76935","title":{"rendered":"Oito novos casos de covid-19 foram confirmados em Muria\u00e9 no boletim desta sexta-feira"},"content":{"rendered":"<div><a href=\"http:\/\/folhadosudeste.com\/site\/wp-content\/uploads\/2021\/08\/20082021.jpeg\"><img loading=\"lazy\" decoding=\"async\" class=\"alignnone size-full wp-image-76936\" src=\"http:\/\/folhadosudeste.com\/site\/wp-content\/uploads\/2021\/08\/20082021.jpeg\" alt=\"\" width=\"1080\" height=\"1080\" srcset=\"https:\/\/folhadosudeste.com\/site\/wp-content\/uploads\/2021\/08\/20082021.jpeg 1080w, https:\/\/folhadosudeste.com\/site\/wp-content\/uploads\/2021\/08\/20082021-150x150.jpeg 150w, https:\/\/folhadosudeste.com\/site\/wp-content\/uploads\/2021\/08\/20082021-300x300.jpeg 300w, https:\/\/folhadosudeste.com\/site\/wp-content\/uploads\/2021\/08\/20082021-768x768.jpeg 768w, https:\/\/folhadosudeste.com\/site\/wp-content\/uploads\/2021\/08\/20082021-1024x1024.jpeg 1024w\" sizes=\"auto, (max-width: 1080px) 100vw, 1080px\" \/><\/a><\/div>\n<div style=\"text-align: justify;\">Mesmo com as novas confirma\u00e7\u00f5es, a m\u00e9dia m\u00f3vel com registros dos \u00faltimos 14 dias caiu para 12,5 casos di\u00e1rios. O \u00edndice \u00e9 44% mais baixo que o do per\u00edodo anterior, o que mostra que as contamina\u00e7\u00f5es ainda seguem com tend\u00eancia de queda na cidade.<\/div>\n<div style=\"text-align: justify;\">&nbsp;<\/div>\n<div style=\"text-align: justify;\">Interna\u00e7\u00f5es &#8211; Atualmente, os hospitais de Muria\u00e9 est\u00e3o com 30 pacientes internados. Este n\u00famero divide-se da seguinte forma:<\/div>\n<div style=\"text-align: justify;\">&nbsp;<\/div>\n<div style=\"text-align: justify;\">LEITOS CL\u00cdNICOS (ENFERMARIA)<\/div>\n<div style=\"text-align: justify;\">Crian\u00e7as: 1 (SUS: 1 | Particular: 0)<\/div>\n<div style=\"text-align: justify;\">Adultos: 9 (SUS: 6 | Particular: 3)<\/div>\n<p><!--more--><\/p>\n<div style=\"text-align: justify;\">LEITOS DE UTI<\/div>\n<div style=\"text-align: justify;\">Adultos n\u00e3o intubados: 9 (SUS: 6 | Particular: 3)<\/div>\n<div style=\"text-align: justify;\">Adultos intubados: 11 (SUS: 5 | Particular: 6)<\/div>\n<div style=\"text-align: justify;\">&nbsp;<\/div>\n<div style=\"text-align: justify;\">Vacina\u00e7\u00e3o &#8211; Na pr\u00f3xima segunda-feira, a aplica\u00e7\u00e3o de primeira dose chega para os jovens de 21 anos.<\/div>\n<div style=\"text-align: justify;\">&nbsp;<\/div>\n<div style=\"text-align: justify;\">J\u00e1 a aplica\u00e7\u00e3o de segunda dose ser\u00e1 da Astrazeneca, conforme o seguinte calend\u00e1rio:<\/div>\n<div style=\"text-align: justify;\">&nbsp;<\/div>\n<div style=\"text-align: justify;\">23\/08 &#8211; segunda dose para quem tomou a primeira em 31\/05<\/div>\n<div style=\"text-align: justify;\">24\/08 &#8211; segunda dose para quem tomou a primeira em 01\/06<\/div>\n<div style=\"text-align: justify;\">25\/08 &#8211; segunda dose para quem tomou a primeira em 02\/06<\/div>\n<div style=\"text-align: justify;\">26\/08 &#8211; segunda dose para quem tomou a primeira em 03\/06<\/div>\n<div style=\"text-align: justify;\">27\/08 &#8211; segunda dose para quem tomou a primeira em 04\/06<\/div>\n<div style=\"text-align: justify;\">&nbsp;<\/div>\n<div style=\"text-align: justify;\">Quem estiver com a segunda dose em atraso (seja de Astrazeneca, Coronavac ou Pfizer) deve comparecer o mais breve poss\u00edvel a qualquer um dos locais de vacina\u00e7\u00e3o durante o hor\u00e1rio de atendimento.<\/div>\n<div style=\"text-align: justify;\">&nbsp;<\/div>\n<div style=\"text-align: justify;\">A vacina\u00e7\u00e3o contra a covid-19 acontece sempre nas UBSs dos bairros Dornelas, Padre Tiago, Planalto, Primavera e S\u00e3o Francisco, das 8h \u00e0s 11h.<\/div>\n<div style=\"text-align: justify;\">&nbsp;<\/div>\n<div style=\"text-align: justify;\">N\u00fameros completos de hoje (20\/08\/2021):<\/div>\n<div style=\"text-align: justify;\">&nbsp;<\/div>\n<div style=\"text-align: justify;\">VACINA\u00c7\u00c3O<\/div>\n<div style=\"text-align: justify;\">Totalmente vacinados (com duas doses ou dose \u00fanica): 33.820 pessoas (30,92% da popula\u00e7\u00e3o)<\/div>\n<div style=\"text-align: justify;\">Parcialmente vacinados (com apenas uma dose): 70.908 pessoas (64,82% da popula\u00e7\u00e3o)<\/div>\n<div style=\"text-align: justify;\">&nbsp;<\/div>\n<div style=\"text-align: justify;\">PACIENTES<\/div>\n<div style=\"text-align: justify;\">Total de casos confirmados: 11.409 (+8)<\/div>\n<div style=\"text-align: justify;\">Pacientes ativos: 77<\/div>\n<div style=\"text-align: justify;\">Pacientes curados: 11.031<\/div>\n<div style=\"text-align: justify;\">\u00d3bitos: 301<\/div>\n<div style=\"text-align: justify;\">Investigados \/ Monitorados: 116<\/div>\n<div style=\"text-align: justify;\">Negativos: 13.183<\/div>\n<div><a href=\"http:\/\/folhadosudeste.com\/site\/wp-content\/uploads\/2021\/08\/M\u00c9DIA-M\u00d3VEL-DE-CASOS-E-\u00d3BITOS-\u00daLTIMOS-14-DIAS-8.png\"><img loading=\"lazy\" decoding=\"async\" class=\"alignnone size-full wp-image-76937\" src=\"http:\/\/folhadosudeste.com\/site\/wp-content\/uploads\/2021\/08\/M\u00c9DIA-M\u00d3VEL-DE-CASOS-E-\u00d3BITOS-\u00daLTIMOS-14-DIAS-8.png\" alt=\"\" width=\"1377\" height=\"756\" srcset=\"https:\/\/folhadosudeste.com\/site\/wp-content\/uploads\/2021\/08\/M\u00c9DIA-M\u00d3VEL-DE-CASOS-E-\u00d3BITOS-\u00daLTIMOS-14-DIAS-8.png 1377w, https:\/\/folhadosudeste.com\/site\/wp-content\/uploads\/2021\/08\/M\u00c9DIA-M\u00d3VEL-DE-CASOS-E-\u00d3BITOS-\u00daLTIMOS-14-DIAS-8-300x165.png 300w, https:\/\/folhadosudeste.com\/site\/wp-content\/uploads\/2021\/08\/M\u00c9DIA-M\u00d3VEL-DE-CASOS-E-\u00d3BITOS-\u00daLTIMOS-14-DIAS-8-768x422.png 768w, https:\/\/folhadosudeste.com\/site\/wp-content\/uploads\/2021\/08\/M\u00c9DIA-M\u00d3VEL-DE-CASOS-E-\u00d3BITOS-\u00daLTIMOS-14-DIAS-8-1024x562.png 1024w\" sizes=\"auto, (max-width: 1377px) 100vw, 1377px\" \/><\/a><\/div>\n","protected":false},"excerpt":{"rendered":"<p>Mesmo com as novas confirma\u00e7\u00f5es, a m\u00e9dia m\u00f3vel com registros dos \u00faltimos 14 dias caiu para 12,5 casos di\u00e1rios. O \u00edndice \u00e9 44% mais baixo que o do per\u00edodo anterior, o que mostra que as contamina\u00e7\u00f5es ainda seguem com tend\u00eancia de queda na cidade. &nbsp; Interna\u00e7\u00f5es &#8211; Atualmente, os hospitais de Muria\u00e9 est\u00e3o com 30 [&hellip;]<\/p>\n","protected":false},"author":6,"featured_media":0,"comment_status":"open","ping_status":"closed","sticky":false,"template":"","format":"standard","meta":{"_joinchat":[],"footnotes":""},"categories":[1],"tags":[],"class_list":["post-76935","post","type-post","status-publish","format-standard","hentry","category-sem-categoria"],"_links":{"self":[{"href":"https:\/\/folhadosudeste.com\/site\/index.php?rest_route=\/wp\/v2\/posts\/76935","targetHints":{"allow":["GET"]}}],"collection":[{"href":"https:\/\/folhadosudeste.com\/site\/index.php?rest_route=\/wp\/v2\/posts"}],"about":[{"href":"https:\/\/folhadosudeste.com\/site\/index.php?rest_route=\/wp\/v2\/types\/post"}],"author":[{"embeddable":true,"href":"https:\/\/folhadosudeste.com\/site\/index.php?rest_route=\/wp\/v2\/users\/6"}],"replies":[{"embeddable":true,"href":"https:\/\/folhadosudeste.com\/site\/index.php?rest_route=%2Fwp%2Fv2%2Fcomments&post=76935"}],"version-history":[{"count":1,"href":"https:\/\/folhadosudeste.com\/site\/index.php?rest_route=\/wp\/v2\/posts\/76935\/revisions"}],"predecessor-version":[{"id":76938,"href":"https:\/\/folhadosudeste.com\/site\/index.php?rest_route=\/wp\/v2\/posts\/76935\/revisions\/76938"}],"wp:attachment":[{"href":"https:\/\/folhadosudeste.com\/site\/index.php?rest_route=%2Fwp%2Fv2%2Fmedia&parent=76935"}],"wp:term":[{"taxonomy":"category","embeddable":true,"href":"https:\/\/folhadosudeste.com\/site\/index.php?rest_route=%2Fwp%2Fv2%2Fcategories&post=76935"},{"taxonomy":"post_tag","embeddable":true,"href":"https:\/\/folhadosudeste.com\/site\/index.php?rest_route=%2Fwp%2Fv2%2Ftags&post=76935"}],"curies":[{"name":"wp","href":"https:\/\/api.w.org\/{rel}","templated":true}]}}