{"id":76940,"date":"2021-08-20T22:40:02","date_gmt":"2021-08-20T22:40:02","guid":{"rendered":"http:\/\/folhadosudeste.com\/site\/?p=76940"},"modified":"2021-08-20T22:40:02","modified_gmt":"2021-08-20T22:40:02","slug":"camara-realiza-audiencia-publica-para-discutir-transporte-por-aplicativo","status":"publish","type":"post","link":"https:\/\/folhadosudeste.com\/site\/?p=76940","title":{"rendered":"C\u00e2mara realiza audi\u00eancia p\u00fablica para discutir transporte por aplicativo"},"content":{"rendered":"<p><a href=\"http:\/\/folhadosudeste.com\/site\/wp-content\/uploads\/2021\/08\/DSC_0050.jpg\"><img loading=\"lazy\" decoding=\"async\" class=\"alignnone size-full wp-image-76941\" src=\"http:\/\/folhadosudeste.com\/site\/wp-content\/uploads\/2021\/08\/DSC_0050.jpg\" alt=\"\" width=\"1000\" height=\"661\" srcset=\"https:\/\/folhadosudeste.com\/site\/wp-content\/uploads\/2021\/08\/DSC_0050.jpg 1000w, https:\/\/folhadosudeste.com\/site\/wp-content\/uploads\/2021\/08\/DSC_0050-300x198.jpg 300w, https:\/\/folhadosudeste.com\/site\/wp-content\/uploads\/2021\/08\/DSC_0050-768x508.jpg 768w, https:\/\/folhadosudeste.com\/site\/wp-content\/uploads\/2021\/08\/DSC_0050-120x80.jpg 120w, https:\/\/folhadosudeste.com\/site\/wp-content\/uploads\/2021\/08\/DSC_0050-590x390.jpg 590w\" sizes=\"auto, (max-width: 1000px) 100vw, 1000px\" \/><\/a><\/p>\n<p>Com ampla participa\u00e7\u00e3o de membros e representantes do transporte individual privado remunerado de passageiros, mais conhecido por transporte por aplicativo, a C\u00e2mara de Muria\u00e9 realizou audi\u00eancia p\u00fablica \u2013 a primeira de 2021 &#8211; para debater sobre a regulamenta\u00e7\u00e3o do servi\u00e7o na cidade. O evento aconteceu na tarde de sexta-feira, dia 20, no plen\u00e1rio da Casa.<\/p>\n<p>O objetivo foi ouvir as demandas e pondera\u00e7\u00f5es dos representantes de cada aplicativo e tamb\u00e9m da classe dos taxistas, al\u00e9m de esclarecer d\u00favidas sobre o Projeto de Lei 187\/2021. De autoria do Poder Executivo, o PL j\u00e1 deu entrada na Casa, por\u00e9m ainda n\u00e3o entrou em pauta para discuss\u00e3o e\/ou vota\u00e7\u00e3o.<\/p>\n<p><!--more--><\/p>\n<p>Com dura\u00e7\u00e3o de aproximadamente duas horas, durante a audi\u00eancia representantes do segmento esclareceram d\u00favidas a respeito da mat\u00e9ria e apontaram sugest\u00f5es de altera\u00e7\u00e3o e emendas ao PL. Os vereadores tamb\u00e9m fizeram considera\u00e7\u00f5es sobre o tema.<\/p>\n<p>Estiveram presentes os vereadores Valdinei Lacerda da Silva &#8211; PSD (presidente da Comiss\u00e3o de Transporte P\u00fablico e Sistema Vi\u00e1rio), Anderson &#8211; PSD, Ciso &#8211; PL, Evandro Cheroso &#8211; Cidadania, Delegado Rangel &#8211; PSB, Miriam Facchini &#8211; PP e Forim &#8211; Solidariedade. Tamb\u00e9m participaram da audi\u00eancia o diretor Jur\u00eddico da C\u00e2mara de Muria\u00e9, Cl\u00e1udio Afonso dos Santos Carneiro, o procurador do munic\u00edpio, Ricardo Bersan e o chefe de Engenharia e Fiscaliza\u00e7\u00e3o do Departamento Municipal de Transportes e Tr\u00e2nsito (Demuttran), M\u00e1rio L\u00facio Brambila, que fizeram as explica\u00e7\u00f5es t\u00e9cnicas.<\/p>\n<div><a href=\"http:\/\/folhadosudeste.com\/site\/wp-content\/uploads\/2021\/08\/DSC_0060.jpg\"><img loading=\"lazy\" decoding=\"async\" class=\"alignnone size-full wp-image-76942\" src=\"http:\/\/folhadosudeste.com\/site\/wp-content\/uploads\/2021\/08\/DSC_0060.jpg\" alt=\"\" width=\"1000\" height=\"710\" srcset=\"https:\/\/folhadosudeste.com\/site\/wp-content\/uploads\/2021\/08\/DSC_0060.jpg 1000w, https:\/\/folhadosudeste.com\/site\/wp-content\/uploads\/2021\/08\/DSC_0060-300x213.jpg 300w, https:\/\/folhadosudeste.com\/site\/wp-content\/uploads\/2021\/08\/DSC_0060-768x545.jpg 768w\" sizes=\"auto, (max-width: 1000px) 100vw, 1000px\" \/><\/a> <a href=\"http:\/\/folhadosudeste.com\/site\/wp-content\/uploads\/2021\/08\/DSC_0076.jpg\"><img loading=\"lazy\" decoding=\"async\" class=\"alignnone size-full wp-image-76943\" src=\"http:\/\/folhadosudeste.com\/site\/wp-content\/uploads\/2021\/08\/DSC_0076.jpg\" alt=\"\" width=\"1000\" height=\"645\" srcset=\"https:\/\/folhadosudeste.com\/site\/wp-content\/uploads\/2021\/08\/DSC_0076.jpg 1000w, https:\/\/folhadosudeste.com\/site\/wp-content\/uploads\/2021\/08\/DSC_0076-300x194.jpg 300w, https:\/\/folhadosudeste.com\/site\/wp-content\/uploads\/2021\/08\/DSC_0076-768x495.jpg 768w\" sizes=\"auto, (max-width: 1000px) 100vw, 1000px\" \/><\/a> <a href=\"http:\/\/folhadosudeste.com\/site\/wp-content\/uploads\/2021\/08\/DSC_0059.jpg\"><img loading=\"lazy\" decoding=\"async\" class=\"alignnone size-full wp-image-76944\" src=\"http:\/\/folhadosudeste.com\/site\/wp-content\/uploads\/2021\/08\/DSC_0059.jpg\" alt=\"\" width=\"1000\" height=\"696\" srcset=\"https:\/\/folhadosudeste.com\/site\/wp-content\/uploads\/2021\/08\/DSC_0059.jpg 1000w, https:\/\/folhadosudeste.com\/site\/wp-content\/uploads\/2021\/08\/DSC_0059-300x209.jpg 300w, https:\/\/folhadosudeste.com\/site\/wp-content\/uploads\/2021\/08\/DSC_0059-768x535.jpg 768w\" sizes=\"auto, (max-width: 1000px) 100vw, 1000px\" \/><\/a> <a href=\"http:\/\/folhadosudeste.com\/site\/wp-content\/uploads\/2021\/08\/DSC_0111.jpg\"><img loading=\"lazy\" decoding=\"async\" class=\"alignnone size-full wp-image-76945\" src=\"http:\/\/folhadosudeste.com\/site\/wp-content\/uploads\/2021\/08\/DSC_0111.jpg\" alt=\"\" width=\"1000\" height=\"668\" srcset=\"https:\/\/folhadosudeste.com\/site\/wp-content\/uploads\/2021\/08\/DSC_0111.jpg 1000w, https:\/\/folhadosudeste.com\/site\/wp-content\/uploads\/2021\/08\/DSC_0111-300x200.jpg 300w, https:\/\/folhadosudeste.com\/site\/wp-content\/uploads\/2021\/08\/DSC_0111-768x513.jpg 768w, https:\/\/folhadosudeste.com\/site\/wp-content\/uploads\/2021\/08\/DSC_0111-120x80.jpg 120w, https:\/\/folhadosudeste.com\/site\/wp-content\/uploads\/2021\/08\/DSC_0111-345x230.jpg 345w\" sizes=\"auto, (max-width: 1000px) 100vw, 1000px\" \/><\/a> <a href=\"http:\/\/folhadosudeste.com\/site\/wp-content\/uploads\/2021\/08\/DSC_0200.jpg\"><img loading=\"lazy\" decoding=\"async\" class=\"alignnone size-full wp-image-76946\" src=\"http:\/\/folhadosudeste.com\/site\/wp-content\/uploads\/2021\/08\/DSC_0200.jpg\" alt=\"\" width=\"1000\" height=\"595\" srcset=\"https:\/\/folhadosudeste.com\/site\/wp-content\/uploads\/2021\/08\/DSC_0200.jpg 1000w, https:\/\/folhadosudeste.com\/site\/wp-content\/uploads\/2021\/08\/DSC_0200-300x179.jpg 300w, https:\/\/folhadosudeste.com\/site\/wp-content\/uploads\/2021\/08\/DSC_0200-768x457.jpg 768w\" sizes=\"auto, (max-width: 1000px) 100vw, 1000px\" \/><\/a> <a href=\"http:\/\/folhadosudeste.com\/site\/wp-content\/uploads\/2021\/08\/DSC_0155.jpg\"><img loading=\"lazy\" decoding=\"async\" class=\"alignnone size-full wp-image-76947\" src=\"http:\/\/folhadosudeste.com\/site\/wp-content\/uploads\/2021\/08\/DSC_0155.jpg\" alt=\"\" width=\"1000\" height=\"677\" srcset=\"https:\/\/folhadosudeste.com\/site\/wp-content\/uploads\/2021\/08\/DSC_0155.jpg 1000w, https:\/\/folhadosudeste.com\/site\/wp-content\/uploads\/2021\/08\/DSC_0155-300x203.jpg 300w, https:\/\/folhadosudeste.com\/site\/wp-content\/uploads\/2021\/08\/DSC_0155-768x520.jpg 768w, https:\/\/folhadosudeste.com\/site\/wp-content\/uploads\/2021\/08\/DSC_0155-120x80.jpg 120w, https:\/\/folhadosudeste.com\/site\/wp-content\/uploads\/2021\/08\/DSC_0155-220x150.jpg 220w\" sizes=\"auto, (max-width: 1000px) 100vw, 1000px\" \/><\/a><\/div>\n<p>&nbsp;<\/p>\n","protected":false},"excerpt":{"rendered":"<p>Com ampla participa\u00e7\u00e3o de membros e representantes do transporte individual privado remunerado de passageiros, mais conhecido por transporte por aplicativo, a C\u00e2mara de Muria\u00e9 realizou audi\u00eancia p\u00fablica \u2013 a primeira de 2021 &#8211; para debater sobre a regulamenta\u00e7\u00e3o do servi\u00e7o na cidade. O evento aconteceu na tarde de sexta-feira, dia 20, no plen\u00e1rio da Casa. [&hellip;]<\/p>\n","protected":false},"author":6,"featured_media":0,"comment_status":"open","ping_status":"closed","sticky":false,"template":"","format":"standard","meta":{"_joinchat":[],"footnotes":""},"categories":[1],"tags":[],"class_list":["post-76940","post","type-post","status-publish","format-standard","hentry","category-sem-categoria"],"_links":{"self":[{"href":"https:\/\/folhadosudeste.com\/site\/index.php?rest_route=\/wp\/v2\/posts\/76940","targetHints":{"allow":["GET"]}}],"collection":[{"href":"https:\/\/folhadosudeste.com\/site\/index.php?rest_route=\/wp\/v2\/posts"}],"about":[{"href":"https:\/\/folhadosudeste.com\/site\/index.php?rest_route=\/wp\/v2\/types\/post"}],"author":[{"embeddable":true,"href":"https:\/\/folhadosudeste.com\/site\/index.php?rest_route=\/wp\/v2\/users\/6"}],"replies":[{"embeddable":true,"href":"https:\/\/folhadosudeste.com\/site\/index.php?rest_route=%2Fwp%2Fv2%2Fcomments&post=76940"}],"version-history":[{"count":1,"href":"https:\/\/folhadosudeste.com\/site\/index.php?rest_route=\/wp\/v2\/posts\/76940\/revisions"}],"predecessor-version":[{"id":76948,"href":"https:\/\/folhadosudeste.com\/site\/index.php?rest_route=\/wp\/v2\/posts\/76940\/revisions\/76948"}],"wp:attachment":[{"href":"https:\/\/folhadosudeste.com\/site\/index.php?rest_route=%2Fwp%2Fv2%2Fmedia&parent=76940"}],"wp:term":[{"taxonomy":"category","embeddable":true,"href":"https:\/\/folhadosudeste.com\/site\/index.php?rest_route=%2Fwp%2Fv2%2Fcategories&post=76940"},{"taxonomy":"post_tag","embeddable":true,"href":"https:\/\/folhadosudeste.com\/site\/index.php?rest_route=%2Fwp%2Fv2%2Ftags&post=76940"}],"curies":[{"name":"wp","href":"https:\/\/api.w.org\/{rel}","templated":true}]}}