{"id":76950,"date":"2021-08-23T11:20:39","date_gmt":"2021-08-23T11:20:39","guid":{"rendered":"http:\/\/folhadosudeste.com\/site\/?p=76950"},"modified":"2021-08-23T11:20:39","modified_gmt":"2021-08-23T11:20:39","slug":"energisa-doa-5-toneladas-de-alimentos-a-300-familias","status":"publish","type":"post","link":"https:\/\/folhadosudeste.com\/site\/?p=76950","title":{"rendered":"Energisa doa 5 toneladas de alimentos a 300 fam\u00edlias"},"content":{"rendered":"<p><a href=\"http:\/\/folhadosudeste.com\/site\/wp-content\/uploads\/2021\/08\/unnamed.jpg\"><img loading=\"lazy\" decoding=\"async\" class=\"alignnone size-full wp-image-76951\" src=\"http:\/\/folhadosudeste.com\/site\/wp-content\/uploads\/2021\/08\/unnamed.jpg\" alt=\"\" width=\"1095\" height=\"625\" srcset=\"https:\/\/folhadosudeste.com\/site\/wp-content\/uploads\/2021\/08\/unnamed.jpg 1095w, https:\/\/folhadosudeste.com\/site\/wp-content\/uploads\/2021\/08\/unnamed-300x171.jpg 300w, https:\/\/folhadosudeste.com\/site\/wp-content\/uploads\/2021\/08\/unnamed-768x438.jpg 768w, https:\/\/folhadosudeste.com\/site\/wp-content\/uploads\/2021\/08\/unnamed-1024x584.jpg 1024w\" sizes=\"auto, (max-width: 1095px) 100vw, 1095px\" \/><\/a><\/p>\n<ul type=\"square\">\n<li class=\"m_-8959889042882030993MsoListParagraph\" style=\"text-align: justify;\"><i>Volunt\u00e1rios da Energisa ajudam na distribui\u00e7\u00e3o das cestas b\u00e1sicas<u><\/u><u><\/u><\/i><\/li>\n<\/ul>\n<p class=\"m_-8959889042882030993MsoNoSpacing\" style=\"text-align: justify;\">A Energisa em mais uma a\u00e7\u00e3o do Movimento Energia do Bem conclui neste m\u00eas de agosto a entrega de aproximadamente 5 toneladas de alimentos a 300 fam\u00edlias&nbsp;de cinco cidades da \u00e1rea de concess\u00e3o da Energisa em Minas Gerais: Cataguases, Muria\u00e9, Manhua\u00e7u, Leopoldina e Ub\u00e1.<u><\/u><u><\/u><\/p>\n<p class=\"m_-8959889042882030993MsoNoSpacing\" style=\"text-align: justify;\">Desde junho, a iniciativa,&nbsp;criada pela pr\u00f3pria empresa para viabilizar a\u00e7\u00f5es emergenciais que ajudem a superar a crise humanit\u00e1ria provocada pela Covid-19,&nbsp;contemplou 300 fam\u00edlias em situa\u00e7\u00e3o de vulnerabilidade social que, por tr\u00eas meses consecutivos, foram beneficiadas com as cestas b\u00e1sicas, totalizando 900 cestas b\u00e1sicas.<u><\/u><u><\/u><u><\/u><!--more--><u><\/u><\/p>\n<p class=\"m_-8959889042882030993MsoNoSpacing\" style=\"text-align: justify;\">Esta a\u00e7\u00e3o contou com o apoio de volunt\u00e1rios da empresa, que contribu\u00edram com parte dos recursos para aquisi\u00e7\u00e3o dos mantimentos.&nbsp;\u201cTemos orgulho em ver como nossos colaboradores s\u00e3o engajados. Com a uni\u00e3o dos recursos alcan\u00e7amos o dobro de fam\u00edlias do que na primeira etapa. A&nbsp;iniciativa reflete o nosso compromisso social com as comunidades onde atuamos. Estamos ajudando os mais necessitados, no anseio de que em breve todos tenham condi\u00e7\u00f5es e oportunidades de retomarem suas atividades\u201d, comentou o diretor-presidente da Energisa Minas Gerais, Eduardo Mantovani.<u><\/u><u><\/u><\/p>\n<p class=\"m_-8959889042882030993MsoNoSpacing\" style=\"text-align: justify;\">A iniciativa contou com o apoio da Associa\u00e7\u00e3o Fraterna de Assist\u00eancia aos Necessitados &#8211; AFAN Cataguases, Lar S\u00e3o Vicente de Paulo em Cataguases, Lar Jo\u00e3o de Freitas em Ub\u00e1, Associa\u00e7\u00e3o de Pais e Amigos dos Excepcionais de Leopoldina e de Manhua\u00e7u e Pastoral Social de Muria\u00e9, respons\u00e1veis pelo mapeamento dos beneficiados atrav\u00e9s de diagn\u00f3stico socioecon\u00f4mico.<u><\/u><u><\/u><\/p>\n<p class=\"m_-8959889042882030993MsoNoSpacing\" style=\"text-align: justify;\">\u201cEste programa da Energisa, que uniu esfor\u00e7os da empresa e dos colaboradores, \u00e9 muito importante para a nossa comunidade. Agradecemos a todos pela parceria\u201d, comentou a presidente da APAE de Leopoldina, Maria Izabel Sim\u00f5es.<u><\/u><u><\/u><\/p>\n<p class=\"m_-8959889042882030993MsoNoSpacing\" style=\"text-align: justify;\">Em \u00e2mbito nacional, as doa\u00e7\u00f5es do Grupo Energisa totalizaram mais de 14 mil&nbsp;cestas&nbsp;b\u00e1sicas que est\u00e3o sendo entregues nos 11 Estados onde a empresa atua.&nbsp;<u><\/u><u><\/u><\/p>\n<p class=\"m_-8959889042882030993MsoNoSpacing\" style=\"text-align: justify;\"><u><\/u>&nbsp;<u><\/u><\/p>\n<p class=\"m_-8959889042882030993MsoNoSpacing\" style=\"text-align: justify;\"><b>Outras iniciativas do Bem<u><\/u><u><\/u><\/b><\/p>\n<p class=\"m_-8959889042882030993MsoNoSpacing\" style=\"text-align: justify;\"><b><u><\/u>&nbsp;<u><\/u><\/b><\/p>\n<p class=\"m_-8959889042882030993MsoNoSpacing\" style=\"text-align: justify;\">O movimento Energia do Bem foi criado pela Energia para viabilizar diversas a\u00e7\u00f5es que ajudem a superar a crise humanit\u00e1ria provocada pela Covid-19 e est\u00e1 presente nos 11 estados em que a empresa atua.<u><\/u><u><\/u><\/p>\n<p class=\"m_-8959889042882030993MsoNoSpacing\" style=\"text-align: justify;\">Aqui em Minas, na frente da sa\u00fade, foram doadas m\u00e1scaras do tipo N95, protetores faciais e \u00e1lcool gel a hospitais, disponibilizados recursos para a Fiocruz\u202fproduzir testes r\u00e1pidos para diagn\u00f3stico da doen\u00e7a, al\u00e9m da doa\u00e7\u00e3o de alimentos e materiais de higiene e limpeza para institui\u00e7\u00f5es que cuidam de idosos entre outras. Hospitais de Minas tamb\u00e9m receberam a doa\u00e7\u00e3o de 18\u202fventiladores\u202fpulmonares\u202f<wbr>para o tratamento de Covid-19. Foram doados tamb\u00e9m 47 equipamentos de refrigera\u00e7\u00e3o &#8211; C\u00e2maras Frias, Freezers e Geladeiras &#8211; aos munic\u00edpios da \u00e1rea de concess\u00e3o da Energisa em Minas Gerais, em parceria com o movimento Unidos pela Vacina.<u><\/u><u><\/u><\/p>\n<p class=\"m_-8959889042882030993MsoNoSpacing\" style=\"text-align: justify;\">Algumas fotos das entregas de cestas b\u00e1sicas nas cidades beneficiadas:<u><\/u><u><\/u><\/p>\n<p class=\"m_-8959889042882030993MsoNoSpacing\" style=\"text-align: justify;\"><u><\/u>&nbsp;<a href=\"http:\/\/folhadosudeste.com\/site\/wp-content\/uploads\/2021\/08\/unnamed-1.jpg\"><img loading=\"lazy\" decoding=\"async\" class=\"alignnone size-full wp-image-76952\" src=\"http:\/\/folhadosudeste.com\/site\/wp-content\/uploads\/2021\/08\/unnamed-1.jpg\" alt=\"\" width=\"793\" height=\"413\" srcset=\"https:\/\/folhadosudeste.com\/site\/wp-content\/uploads\/2021\/08\/unnamed-1.jpg 793w, https:\/\/folhadosudeste.com\/site\/wp-content\/uploads\/2021\/08\/unnamed-1-300x156.jpg 300w, https:\/\/folhadosudeste.com\/site\/wp-content\/uploads\/2021\/08\/unnamed-1-768x400.jpg 768w\" sizes=\"auto, (max-width: 793px) 100vw, 793px\" \/><\/a> <a href=\"http:\/\/folhadosudeste.com\/site\/wp-content\/uploads\/2021\/08\/image005-1.jpg\"><img loading=\"lazy\" decoding=\"async\" class=\"alignnone size-full wp-image-76953\" src=\"http:\/\/folhadosudeste.com\/site\/wp-content\/uploads\/2021\/08\/image005-1.jpg\" alt=\"\" width=\"859\" height=\"597\" srcset=\"https:\/\/folhadosudeste.com\/site\/wp-content\/uploads\/2021\/08\/image005-1.jpg 859w, https:\/\/folhadosudeste.com\/site\/wp-content\/uploads\/2021\/08\/image005-1-300x208.jpg 300w, https:\/\/folhadosudeste.com\/site\/wp-content\/uploads\/2021\/08\/image005-1-768x534.jpg 768w\" sizes=\"auto, (max-width: 859px) 100vw, 859px\" \/><\/a> <a href=\"http:\/\/folhadosudeste.com\/site\/wp-content\/uploads\/2021\/08\/APAE-Manhua\u00e7u-1.jpg\"><img loading=\"lazy\" decoding=\"async\" class=\"alignnone size-full wp-image-76954\" src=\"http:\/\/folhadosudeste.com\/site\/wp-content\/uploads\/2021\/08\/APAE-Manhua\u00e7u-1.jpg\" alt=\"\" width=\"1500\" height=\"1125\" srcset=\"https:\/\/folhadosudeste.com\/site\/wp-content\/uploads\/2021\/08\/APAE-Manhua\u00e7u-1.jpg 1500w, https:\/\/folhadosudeste.com\/site\/wp-content\/uploads\/2021\/08\/APAE-Manhua\u00e7u-1-300x225.jpg 300w, https:\/\/folhadosudeste.com\/site\/wp-content\/uploads\/2021\/08\/APAE-Manhua\u00e7u-1-768x576.jpg 768w, https:\/\/folhadosudeste.com\/site\/wp-content\/uploads\/2021\/08\/APAE-Manhua\u00e7u-1-1024x768.jpg 1024w\" sizes=\"auto, (max-width: 1500px) 100vw, 1500px\" \/><\/a><u><\/u><\/p>\n","protected":false},"excerpt":{"rendered":"<p>Volunt\u00e1rios da Energisa ajudam na distribui\u00e7\u00e3o das cestas b\u00e1sicas A Energisa em mais uma a\u00e7\u00e3o do Movimento Energia do Bem conclui neste m\u00eas de agosto a entrega de aproximadamente 5 toneladas de alimentos a 300 fam\u00edlias&nbsp;de cinco cidades da \u00e1rea de concess\u00e3o da Energisa em Minas Gerais: Cataguases, Muria\u00e9, Manhua\u00e7u, Leopoldina e Ub\u00e1. Desde junho, [&hellip;]<\/p>\n","protected":false},"author":6,"featured_media":0,"comment_status":"open","ping_status":"closed","sticky":false,"template":"","format":"standard","meta":{"_joinchat":[],"footnotes":""},"categories":[1],"tags":[],"class_list":["post-76950","post","type-post","status-publish","format-standard","hentry","category-sem-categoria"],"_links":{"self":[{"href":"https:\/\/folhadosudeste.com\/site\/index.php?rest_route=\/wp\/v2\/posts\/76950","targetHints":{"allow":["GET"]}}],"collection":[{"href":"https:\/\/folhadosudeste.com\/site\/index.php?rest_route=\/wp\/v2\/posts"}],"about":[{"href":"https:\/\/folhadosudeste.com\/site\/index.php?rest_route=\/wp\/v2\/types\/post"}],"author":[{"embeddable":true,"href":"https:\/\/folhadosudeste.com\/site\/index.php?rest_route=\/wp\/v2\/users\/6"}],"replies":[{"embeddable":true,"href":"https:\/\/folhadosudeste.com\/site\/index.php?rest_route=%2Fwp%2Fv2%2Fcomments&post=76950"}],"version-history":[{"count":1,"href":"https:\/\/folhadosudeste.com\/site\/index.php?rest_route=\/wp\/v2\/posts\/76950\/revisions"}],"predecessor-version":[{"id":76955,"href":"https:\/\/folhadosudeste.com\/site\/index.php?rest_route=\/wp\/v2\/posts\/76950\/revisions\/76955"}],"wp:attachment":[{"href":"https:\/\/folhadosudeste.com\/site\/index.php?rest_route=%2Fwp%2Fv2%2Fmedia&parent=76950"}],"wp:term":[{"taxonomy":"category","embeddable":true,"href":"https:\/\/folhadosudeste.com\/site\/index.php?rest_route=%2Fwp%2Fv2%2Fcategories&post=76950"},{"taxonomy":"post_tag","embeddable":true,"href":"https:\/\/folhadosudeste.com\/site\/index.php?rest_route=%2Fwp%2Fv2%2Ftags&post=76950"}],"curies":[{"name":"wp","href":"https:\/\/api.w.org\/{rel}","templated":true}]}}