{"id":76956,"date":"2021-08-23T14:33:10","date_gmt":"2021-08-23T14:33:10","guid":{"rendered":"http:\/\/folhadosudeste.com\/site\/?p=76956"},"modified":"2021-08-23T14:33:10","modified_gmt":"2021-08-23T14:33:10","slug":"parceria-entre-fundacao-cristiano-varella-e-fhemig-amplia-horizontes-no-combate-ao-cancer-em-uba","status":"publish","type":"post","link":"https:\/\/folhadosudeste.com\/site\/?p=76956","title":{"rendered":"Parceria entre Funda\u00e7\u00e3o Cristiano Varella e Fhemig, amplia horizontes no combate ao c\u00e2ncer em Ub\u00e1"},"content":{"rendered":"<div>\n<div>\n<p><a href=\"http:\/\/folhadosudeste.com\/site\/wp-content\/uploads\/2021\/08\/WhatsApp-Image-2021-08-21-at-13.48.00.jpeg\"><img loading=\"lazy\" decoding=\"async\" class=\"alignnone size-full wp-image-76957\" src=\"http:\/\/folhadosudeste.com\/site\/wp-content\/uploads\/2021\/08\/WhatsApp-Image-2021-08-21-at-13.48.00.jpeg\" alt=\"\" width=\"1280\" height=\"860\" srcset=\"https:\/\/folhadosudeste.com\/site\/wp-content\/uploads\/2021\/08\/WhatsApp-Image-2021-08-21-at-13.48.00.jpeg 1280w, https:\/\/folhadosudeste.com\/site\/wp-content\/uploads\/2021\/08\/WhatsApp-Image-2021-08-21-at-13.48.00-300x202.jpeg 300w, https:\/\/folhadosudeste.com\/site\/wp-content\/uploads\/2021\/08\/WhatsApp-Image-2021-08-21-at-13.48.00-768x516.jpeg 768w, https:\/\/folhadosudeste.com\/site\/wp-content\/uploads\/2021\/08\/WhatsApp-Image-2021-08-21-at-13.48.00-1024x688.jpeg 1024w, https:\/\/folhadosudeste.com\/site\/wp-content\/uploads\/2021\/08\/WhatsApp-Image-2021-08-21-at-13.48.00-120x80.jpeg 120w\" sizes=\"auto, (max-width: 1280px) 100vw, 1280px\" \/><\/a><\/p>\n<p>O Hospital do C\u00e2ncer de Muria\u00e9, da Funda\u00e7\u00e3o Cristiano Varella, obteve na manh\u00e3 da \u00faltima quinta-feira (19) uma importante permiss\u00e3o de uso de estrutura hospitalar para expandir atividades de oncologia em Ub\u00e1.<\/p>\n<p>O espa\u00e7o f\u00edsico foi cedido pela FHEMIG \u2013 Funda\u00e7\u00e3o Hospitalar de Minas Gerais, inicialmente por 30 anos. O complexo oncol\u00f3gico funcionar\u00e1 em \u00e1rea de 2.000 m\u00b2, na Casa de Sa\u00fade Padre Dami\u00e3o. O local foi criado em 1945 para prestar assist\u00eancia \u00e0s pessoas portadoras de hansen\u00edase. Atualmente \u00e9 um centro de refer\u00eancia em atendimento \u00e0 doen\u00e7a, al\u00e9m de receber usu\u00e1rios do SUS da regi\u00e3o.<\/p>\n<p>O projeto de expans\u00e3o do novo local, segundo o diretor superintendente da FCV, S\u00e9rgio Henriques, ser\u00e1 um servi\u00e7o adicional de oncologia cl\u00ednica para infus\u00e3o de quimioterapias ambulatoriais, mais pr\u00f3ximo dos pacientes, na microrregi\u00e3o de Ub\u00e1, para n\u00e3o haver necessidade deles se deslocarem at\u00e9 Muria\u00e9, reduzindo o transporte sanit\u00e1rio e dando eles maior comodidade. Entretanto, a triagem e o diagn\u00f3stico do c\u00e2ncer, al\u00e9m dos atendimentos hematol\u00f3gicos e pedi\u00e1tricos continuar\u00e3o sendo realizados em Muria\u00e9.<\/p>\n<\/div>\n<\/div>\n<p><!--more--><\/p>\n<div>\n<div>\n<p>Ap\u00f3s a assinatura da parceria, o pr\u00f3ximo passo agora \u00e9 montar o projeto de estrutura\u00e7\u00e3o da \u00e1rea f\u00edsica, como recep\u00e7\u00e3o, consult\u00f3rios, salas de infus\u00e3o e outros, para conseguir aprova\u00e7\u00e3o da vigil\u00e2ncia sanit\u00e1ria e dar in\u00edcio \u00e0s obras e reformas.<\/p>\n<p>Estiveram presentes na assinatura do termo o Governador Romeu Zema, o Secret\u00e1rio de Estado de Sa\u00fade F\u00e1bio Baccheretti, o Deputado Federal Misael Varella, a Presidente da Fhemig, diretoria da Comunidade Padre Dami\u00e3o e outras autoridades.<\/p>\n<p>A Funda\u00e7\u00e3o Cristiano Varella, que atualmente atende a popula\u00e7\u00e3o de 160 munic\u00edpios da Zona da Mata mineira e adjac\u00eancias, com uma abrang\u00eancia de mais de 2 milh\u00f5es de habitantes, far\u00e1 aporte financeiro de R$ 1,5 milh\u00e3o para investimento nas instala\u00e7\u00f5es do hospital.<\/p>\n<p>Como parte do planejamento estrat\u00e9gico da Funda\u00e7\u00e3o Cristiano Varella para ampliar os servi\u00e7os de sa\u00fade para a popula\u00e7\u00e3o, al\u00e9m de Ub\u00e1, h\u00e1 tamb\u00e9m planos de montar servi\u00e7os adicionais de oncologia em Governador Valadares e Manhua\u00e7u, pelo fato dessas cidades estarem estrategicamente localizadas na regi\u00e3o de abrang\u00eancia da Funda\u00e7\u00e3o Cristiano Varella, com uma popula\u00e7\u00e3o significativa e muitos munic\u00edpios atendidos.&nbsp; No caso de Governador Valadares a Funda\u00e7\u00e3o Cristiano Varella j\u00e1 recebeu um terreno em doa\u00e7\u00e3o e se encontra na fase de abertura de sua filial para in\u00edcio aos projetos, j\u00e1 em Manhua\u00e7u, as tratativas tem defini\u00e7\u00f5es menos concretas, mas em conversas com o munic\u00edpio.<\/p>\n<\/div>\n<\/div>\n<p><a href=\"http:\/\/folhadosudeste.com\/site\/wp-content\/uploads\/2021\/08\/WhatsApp-Image-2021-08-21-at-13.48.23.jpeg\"><img loading=\"lazy\" decoding=\"async\" class=\"alignnone size-full wp-image-76958\" src=\"http:\/\/folhadosudeste.com\/site\/wp-content\/uploads\/2021\/08\/WhatsApp-Image-2021-08-21-at-13.48.23.jpeg\" alt=\"\" width=\"1280\" height=\"853\" srcset=\"https:\/\/folhadosudeste.com\/site\/wp-content\/uploads\/2021\/08\/WhatsApp-Image-2021-08-21-at-13.48.23.jpeg 1280w, https:\/\/folhadosudeste.com\/site\/wp-content\/uploads\/2021\/08\/WhatsApp-Image-2021-08-21-at-13.48.23-300x200.jpeg 300w, https:\/\/folhadosudeste.com\/site\/wp-content\/uploads\/2021\/08\/WhatsApp-Image-2021-08-21-at-13.48.23-768x512.jpeg 768w, https:\/\/folhadosudeste.com\/site\/wp-content\/uploads\/2021\/08\/WhatsApp-Image-2021-08-21-at-13.48.23-1024x682.jpeg 1024w, https:\/\/folhadosudeste.com\/site\/wp-content\/uploads\/2021\/08\/WhatsApp-Image-2021-08-21-at-13.48.23-120x80.jpeg 120w, https:\/\/folhadosudeste.com\/site\/wp-content\/uploads\/2021\/08\/WhatsApp-Image-2021-08-21-at-13.48.23-345x230.jpeg 345w\" sizes=\"auto, (max-width: 1280px) 100vw, 1280px\" \/><\/a> <a href=\"http:\/\/folhadosudeste.com\/site\/wp-content\/uploads\/2021\/08\/WhatsApp-Image-2021-08-21-at-13.48.24.jpeg\"><img loading=\"lazy\" decoding=\"async\" class=\"alignnone size-full wp-image-76959\" src=\"http:\/\/folhadosudeste.com\/site\/wp-content\/uploads\/2021\/08\/WhatsApp-Image-2021-08-21-at-13.48.24.jpeg\" alt=\"\" width=\"1280\" height=\"853\" srcset=\"https:\/\/folhadosudeste.com\/site\/wp-content\/uploads\/2021\/08\/WhatsApp-Image-2021-08-21-at-13.48.24.jpeg 1280w, https:\/\/folhadosudeste.com\/site\/wp-content\/uploads\/2021\/08\/WhatsApp-Image-2021-08-21-at-13.48.24-300x200.jpeg 300w, https:\/\/folhadosudeste.com\/site\/wp-content\/uploads\/2021\/08\/WhatsApp-Image-2021-08-21-at-13.48.24-768x512.jpeg 768w, https:\/\/folhadosudeste.com\/site\/wp-content\/uploads\/2021\/08\/WhatsApp-Image-2021-08-21-at-13.48.24-1024x682.jpeg 1024w, https:\/\/folhadosudeste.com\/site\/wp-content\/uploads\/2021\/08\/WhatsApp-Image-2021-08-21-at-13.48.24-120x80.jpeg 120w, https:\/\/folhadosudeste.com\/site\/wp-content\/uploads\/2021\/08\/WhatsApp-Image-2021-08-21-at-13.48.24-345x230.jpeg 345w\" sizes=\"auto, (max-width: 1280px) 100vw, 1280px\" \/><\/a> <a href=\"http:\/\/folhadosudeste.com\/site\/wp-content\/uploads\/2021\/08\/WhatsApp-Image-2021-08-21-at-13.48.27.jpeg\"><img loading=\"lazy\" decoding=\"async\" class=\"alignnone size-full wp-image-76960\" src=\"http:\/\/folhadosudeste.com\/site\/wp-content\/uploads\/2021\/08\/WhatsApp-Image-2021-08-21-at-13.48.27.jpeg\" alt=\"\" width=\"1280\" height=\"853\" srcset=\"https:\/\/folhadosudeste.com\/site\/wp-content\/uploads\/2021\/08\/WhatsApp-Image-2021-08-21-at-13.48.27.jpeg 1280w, https:\/\/folhadosudeste.com\/site\/wp-content\/uploads\/2021\/08\/WhatsApp-Image-2021-08-21-at-13.48.27-300x200.jpeg 300w, https:\/\/folhadosudeste.com\/site\/wp-content\/uploads\/2021\/08\/WhatsApp-Image-2021-08-21-at-13.48.27-768x512.jpeg 768w, https:\/\/folhadosudeste.com\/site\/wp-content\/uploads\/2021\/08\/WhatsApp-Image-2021-08-21-at-13.48.27-1024x682.jpeg 1024w, https:\/\/folhadosudeste.com\/site\/wp-content\/uploads\/2021\/08\/WhatsApp-Image-2021-08-21-at-13.48.27-120x80.jpeg 120w, https:\/\/folhadosudeste.com\/site\/wp-content\/uploads\/2021\/08\/WhatsApp-Image-2021-08-21-at-13.48.27-345x230.jpeg 345w\" sizes=\"auto, (max-width: 1280px) 100vw, 1280px\" \/><\/a> <a href=\"http:\/\/folhadosudeste.com\/site\/wp-content\/uploads\/2021\/08\/WhatsApp-Image-2021-08-21-at-13.48.20.jpeg\"><img loading=\"lazy\" decoding=\"async\" class=\"alignnone size-full wp-image-76961\" src=\"http:\/\/folhadosudeste.com\/site\/wp-content\/uploads\/2021\/08\/WhatsApp-Image-2021-08-21-at-13.48.20.jpeg\" alt=\"\" width=\"1280\" height=\"853\" srcset=\"https:\/\/folhadosudeste.com\/site\/wp-content\/uploads\/2021\/08\/WhatsApp-Image-2021-08-21-at-13.48.20.jpeg 1280w, https:\/\/folhadosudeste.com\/site\/wp-content\/uploads\/2021\/08\/WhatsApp-Image-2021-08-21-at-13.48.20-300x200.jpeg 300w, https:\/\/folhadosudeste.com\/site\/wp-content\/uploads\/2021\/08\/WhatsApp-Image-2021-08-21-at-13.48.20-768x512.jpeg 768w, https:\/\/folhadosudeste.com\/site\/wp-content\/uploads\/2021\/08\/WhatsApp-Image-2021-08-21-at-13.48.20-1024x682.jpeg 1024w, https:\/\/folhadosudeste.com\/site\/wp-content\/uploads\/2021\/08\/WhatsApp-Image-2021-08-21-at-13.48.20-120x80.jpeg 120w, https:\/\/folhadosudeste.com\/site\/wp-content\/uploads\/2021\/08\/WhatsApp-Image-2021-08-21-at-13.48.20-345x230.jpeg 345w\" sizes=\"auto, (max-width: 1280px) 100vw, 1280px\" \/><\/a> <a href=\"http:\/\/folhadosudeste.com\/site\/wp-content\/uploads\/2021\/08\/WhatsApp-Image-2021-08-21-at-13.48.34.jpeg\"><img loading=\"lazy\" decoding=\"async\" class=\"alignnone size-full wp-image-76962\" src=\"http:\/\/folhadosudeste.com\/site\/wp-content\/uploads\/2021\/08\/WhatsApp-Image-2021-08-21-at-13.48.34.jpeg\" alt=\"\" width=\"1280\" height=\"853\" srcset=\"https:\/\/folhadosudeste.com\/site\/wp-content\/uploads\/2021\/08\/WhatsApp-Image-2021-08-21-at-13.48.34.jpeg 1280w, https:\/\/folhadosudeste.com\/site\/wp-content\/uploads\/2021\/08\/WhatsApp-Image-2021-08-21-at-13.48.34-300x200.jpeg 300w, https:\/\/folhadosudeste.com\/site\/wp-content\/uploads\/2021\/08\/WhatsApp-Image-2021-08-21-at-13.48.34-768x512.jpeg 768w, https:\/\/folhadosudeste.com\/site\/wp-content\/uploads\/2021\/08\/WhatsApp-Image-2021-08-21-at-13.48.34-1024x682.jpeg 1024w, https:\/\/folhadosudeste.com\/site\/wp-content\/uploads\/2021\/08\/WhatsApp-Image-2021-08-21-at-13.48.34-120x80.jpeg 120w, https:\/\/folhadosudeste.com\/site\/wp-content\/uploads\/2021\/08\/WhatsApp-Image-2021-08-21-at-13.48.34-345x230.jpeg 345w\" sizes=\"auto, (max-width: 1280px) 100vw, 1280px\" \/><\/a> <a href=\"http:\/\/folhadosudeste.com\/site\/wp-content\/uploads\/2021\/08\/WhatsApp-Image-2021-08-21-at-13.48.35.jpeg\"><img loading=\"lazy\" decoding=\"async\" class=\"alignnone size-full wp-image-76963\" src=\"http:\/\/folhadosudeste.com\/site\/wp-content\/uploads\/2021\/08\/WhatsApp-Image-2021-08-21-at-13.48.35.jpeg\" alt=\"\" width=\"1280\" height=\"853\" srcset=\"https:\/\/folhadosudeste.com\/site\/wp-content\/uploads\/2021\/08\/WhatsApp-Image-2021-08-21-at-13.48.35.jpeg 1280w, https:\/\/folhadosudeste.com\/site\/wp-content\/uploads\/2021\/08\/WhatsApp-Image-2021-08-21-at-13.48.35-300x200.jpeg 300w, https:\/\/folhadosudeste.com\/site\/wp-content\/uploads\/2021\/08\/WhatsApp-Image-2021-08-21-at-13.48.35-768x512.jpeg 768w, https:\/\/folhadosudeste.com\/site\/wp-content\/uploads\/2021\/08\/WhatsApp-Image-2021-08-21-at-13.48.35-1024x682.jpeg 1024w, https:\/\/folhadosudeste.com\/site\/wp-content\/uploads\/2021\/08\/WhatsApp-Image-2021-08-21-at-13.48.35-120x80.jpeg 120w, https:\/\/folhadosudeste.com\/site\/wp-content\/uploads\/2021\/08\/WhatsApp-Image-2021-08-21-at-13.48.35-345x230.jpeg 345w\" sizes=\"auto, (max-width: 1280px) 100vw, 1280px\" \/><\/a><\/p>\n<div>\n<div dir=\"ltr\" data-smartmail=\"gmail_signature\">\n<div dir=\"ltr\">\n<div>&nbsp;<\/div>\n<\/div>\n<\/div>\n<\/div>\n","protected":false},"excerpt":{"rendered":"<p>O Hospital do C\u00e2ncer de Muria\u00e9, da Funda\u00e7\u00e3o Cristiano Varella, obteve na manh\u00e3 da \u00faltima quinta-feira (19) uma importante permiss\u00e3o de uso de estrutura hospitalar para expandir atividades de oncologia em Ub\u00e1. O espa\u00e7o f\u00edsico foi cedido pela FHEMIG \u2013 Funda\u00e7\u00e3o Hospitalar de Minas Gerais, inicialmente por 30 anos. O complexo oncol\u00f3gico funcionar\u00e1 em \u00e1rea [&hellip;]<\/p>\n","protected":false},"author":6,"featured_media":0,"comment_status":"open","ping_status":"closed","sticky":false,"template":"","format":"standard","meta":{"_joinchat":[],"footnotes":""},"categories":[1],"tags":[],"class_list":["post-76956","post","type-post","status-publish","format-standard","hentry","category-sem-categoria"],"_links":{"self":[{"href":"https:\/\/folhadosudeste.com\/site\/index.php?rest_route=\/wp\/v2\/posts\/76956","targetHints":{"allow":["GET"]}}],"collection":[{"href":"https:\/\/folhadosudeste.com\/site\/index.php?rest_route=\/wp\/v2\/posts"}],"about":[{"href":"https:\/\/folhadosudeste.com\/site\/index.php?rest_route=\/wp\/v2\/types\/post"}],"author":[{"embeddable":true,"href":"https:\/\/folhadosudeste.com\/site\/index.php?rest_route=\/wp\/v2\/users\/6"}],"replies":[{"embeddable":true,"href":"https:\/\/folhadosudeste.com\/site\/index.php?rest_route=%2Fwp%2Fv2%2Fcomments&post=76956"}],"version-history":[{"count":1,"href":"https:\/\/folhadosudeste.com\/site\/index.php?rest_route=\/wp\/v2\/posts\/76956\/revisions"}],"predecessor-version":[{"id":76964,"href":"https:\/\/folhadosudeste.com\/site\/index.php?rest_route=\/wp\/v2\/posts\/76956\/revisions\/76964"}],"wp:attachment":[{"href":"https:\/\/folhadosudeste.com\/site\/index.php?rest_route=%2Fwp%2Fv2%2Fmedia&parent=76956"}],"wp:term":[{"taxonomy":"category","embeddable":true,"href":"https:\/\/folhadosudeste.com\/site\/index.php?rest_route=%2Fwp%2Fv2%2Fcategories&post=76956"},{"taxonomy":"post_tag","embeddable":true,"href":"https:\/\/folhadosudeste.com\/site\/index.php?rest_route=%2Fwp%2Fv2%2Ftags&post=76956"}],"curies":[{"name":"wp","href":"https:\/\/api.w.org\/{rel}","templated":true}]}}