{"id":76971,"date":"2021-08-23T14:46:42","date_gmt":"2021-08-23T14:46:42","guid":{"rendered":"http:\/\/folhadosudeste.com\/site\/?p=76971"},"modified":"2021-08-23T14:47:40","modified_gmt":"2021-08-23T14:47:40","slug":"operacao-mercador-recupera-em-bh-carga-de-queijo-avaliada-em-r14-mil","status":"publish","type":"post","link":"https:\/\/folhadosudeste.com\/site\/?p=76971","title":{"rendered":"Opera\u00e7\u00e3o Mercador recupera em BH carga de queijo avaliada em R$14 mil"},"content":{"rendered":"<p><a href=\"http:\/\/folhadosudeste.com\/site\/wp-content\/uploads\/2021\/08\/FOTO.jpg\"><img loading=\"lazy\" decoding=\"async\" class=\"alignnone size-full wp-image-76972\" src=\"http:\/\/folhadosudeste.com\/site\/wp-content\/uploads\/2021\/08\/FOTO.jpg\" alt=\"\" width=\"1024\" height=\"768\" srcset=\"https:\/\/folhadosudeste.com\/site\/wp-content\/uploads\/2021\/08\/FOTO.jpg 1024w, https:\/\/folhadosudeste.com\/site\/wp-content\/uploads\/2021\/08\/FOTO-300x225.jpg 300w, https:\/\/folhadosudeste.com\/site\/wp-content\/uploads\/2021\/08\/FOTO-768x576.jpg 768w\" sizes=\"auto, (max-width: 1024px) 100vw, 1024px\" \/><\/a><\/p>\n<p style=\"text-align: justify;\">A Pol\u00edcia Civil de Minas Gerais (PCMG), com apoio da Pol\u00edcia Rodovi\u00e1ria Federal (PRF), recuperou, em Belo Horizonte, na \u00faltima sexta-feira (20\/8), uma carga de queijo mu\u00e7arela, avaliada em R$14 mil, durante a opera\u00e7\u00e3o Mercador. Al\u00e9m disso, tr\u00eas suspeitos, de 26, 44 e 54 anos, foram presos, por estelionato e por associa\u00e7\u00e3o criminosa. A a\u00e7\u00e3o foi poss\u00edvel, ap\u00f3s apura\u00e7\u00e3o de golpe praticado no munic\u00edpio de Muria\u00e9, na Zona da Mata mineira, em desfavor de uma empresa de latic\u00ednios.<\/p>\n<p style=\"text-align: justify;\">As investiga\u00e7\u00f5es realizadas pela Delegacia de Defrauda\u00e7\u00f5es, da 4\u00aa Delegacia Regional de Pol\u00edcia Civil em Muria\u00e9, foram iniciadas quando o s\u00f3cio da empresa procurou a PCMG &#8211; na \u00faltima sexta-feira (20\/8) &#8211; para relatar que teria sido v\u00edtima da pr\u00e1tica criminosa. Na ocasi\u00e3o, foi apurado que um suposto representante teria se passado por funcion\u00e1rio de uma empresa de Itabirito para efetuar a compra dos produtos na Zona da Mata. No entanto, em meio \u00e0 emiss\u00e3o de notas fiscais, a empresa citada como compradora entrou com contato com a empresa muriaense, alertando sobre o poss\u00edvel golpe.<\/p>\n<p><!--more--><\/p>\n<p style=\"text-align: justify;\">Pris\u00f5es e carga recuperada<\/p>\n<p style=\"text-align: justify;\">Ap\u00f3s trabalhos investigativos, a Pol\u00edcia Civil montou uma for\u00e7a-tarefa em Muria\u00e9 para acompanhar a retirada da mercadoria na empresa de latic\u00ednios. Inicialmente, ela estaria saindo da cidade em um caminh\u00e3o branco, no entanto, ap\u00f3s levantamentos, os policiais civis constataram que foi realizado transbordo das caixas contendo os queijos para um Fiat P\u00e1lio, em outro ponto da cidade. Em seguida, o ve\u00edculo seguiu em sentido Belo Horizonte, onde foi abordado com apoio da PRF.<\/p>\n<p style=\"text-align: justify;\">Na ocasi\u00e3o, a carga foi recuperada e os homens foram presos e encaminhados \u00e0 unidade policial. Posteriormente, foram conduzidos at\u00e9 o sistema prisional, permanecendo \u00e0 disposi\u00e7\u00e3o da Justi\u00e7a.<\/p>\n<p style=\"text-align: justify;\">As investiga\u00e7\u00f5es prosseguem com a finalidade de localizar outros poss\u00edveis suspeitos envolvidos na pr\u00e1tica criminosa.<\/p>\n<p><a href=\"http:\/\/folhadosudeste.com\/site\/wp-content\/uploads\/2021\/08\/FOTO-2.jpg\"><img loading=\"lazy\" decoding=\"async\" class=\"alignnone size-full wp-image-76973\" src=\"http:\/\/folhadosudeste.com\/site\/wp-content\/uploads\/2021\/08\/FOTO-2.jpg\" alt=\"\" width=\"1024\" height=\"662\" srcset=\"https:\/\/folhadosudeste.com\/site\/wp-content\/uploads\/2021\/08\/FOTO-2.jpg 1024w, https:\/\/folhadosudeste.com\/site\/wp-content\/uploads\/2021\/08\/FOTO-2-300x194.jpg 300w, https:\/\/folhadosudeste.com\/site\/wp-content\/uploads\/2021\/08\/FOTO-2-768x497.jpg 768w\" sizes=\"auto, (max-width: 1024px) 100vw, 1024px\" \/><\/a><\/p>\n<p>Fonte: Policia civil de MG<\/p>\n","protected":false},"excerpt":{"rendered":"<p>A Pol\u00edcia Civil de Minas Gerais (PCMG), com apoio da Pol\u00edcia Rodovi\u00e1ria Federal (PRF), recuperou, em Belo Horizonte, na \u00faltima sexta-feira (20\/8), uma carga de queijo mu\u00e7arela, avaliada em R$14 mil, durante a opera\u00e7\u00e3o Mercador. Al\u00e9m disso, tr\u00eas suspeitos, de 26, 44 e 54 anos, foram presos, por estelionato e por associa\u00e7\u00e3o criminosa. A a\u00e7\u00e3o [&hellip;]<\/p>\n","protected":false},"author":6,"featured_media":0,"comment_status":"open","ping_status":"closed","sticky":false,"template":"","format":"standard","meta":{"_joinchat":[],"footnotes":""},"categories":[1],"tags":[],"class_list":["post-76971","post","type-post","status-publish","format-standard","hentry","category-sem-categoria"],"_links":{"self":[{"href":"https:\/\/folhadosudeste.com\/site\/index.php?rest_route=\/wp\/v2\/posts\/76971","targetHints":{"allow":["GET"]}}],"collection":[{"href":"https:\/\/folhadosudeste.com\/site\/index.php?rest_route=\/wp\/v2\/posts"}],"about":[{"href":"https:\/\/folhadosudeste.com\/site\/index.php?rest_route=\/wp\/v2\/types\/post"}],"author":[{"embeddable":true,"href":"https:\/\/folhadosudeste.com\/site\/index.php?rest_route=\/wp\/v2\/users\/6"}],"replies":[{"embeddable":true,"href":"https:\/\/folhadosudeste.com\/site\/index.php?rest_route=%2Fwp%2Fv2%2Fcomments&post=76971"}],"version-history":[{"count":2,"href":"https:\/\/folhadosudeste.com\/site\/index.php?rest_route=\/wp\/v2\/posts\/76971\/revisions"}],"predecessor-version":[{"id":76975,"href":"https:\/\/folhadosudeste.com\/site\/index.php?rest_route=\/wp\/v2\/posts\/76971\/revisions\/76975"}],"wp:attachment":[{"href":"https:\/\/folhadosudeste.com\/site\/index.php?rest_route=%2Fwp%2Fv2%2Fmedia&parent=76971"}],"wp:term":[{"taxonomy":"category","embeddable":true,"href":"https:\/\/folhadosudeste.com\/site\/index.php?rest_route=%2Fwp%2Fv2%2Fcategories&post=76971"},{"taxonomy":"post_tag","embeddable":true,"href":"https:\/\/folhadosudeste.com\/site\/index.php?rest_route=%2Fwp%2Fv2%2Ftags&post=76971"}],"curies":[{"name":"wp","href":"https:\/\/api.w.org\/{rel}","templated":true}]}}