{"id":76982,"date":"2021-08-23T23:00:57","date_gmt":"2021-08-23T23:00:57","guid":{"rendered":"http:\/\/folhadosudeste.com\/site\/?p=76982"},"modified":"2021-08-23T23:00:57","modified_gmt":"2021-08-23T23:00:57","slug":"mais-uma-morte-provocada-pela-covid-19-foi-registrada-em-muriae","status":"publish","type":"post","link":"https:\/\/folhadosudeste.com\/site\/?p=76982","title":{"rendered":"Mais uma morte provocada pela covid-19 foi registrada em Muria\u00e9"},"content":{"rendered":"<div id=\":ug\" class=\"ii gt\">\n<div id=\":uf\" class=\"a3s aiL \">\n<div>\n<div>\n<div>\n<div><a href=\"http:\/\/folhadosudeste.com\/site\/wp-content\/uploads\/2021\/08\/23082021.jpeg\"><img loading=\"lazy\" decoding=\"async\" class=\"alignnone size-full wp-image-76984\" src=\"http:\/\/folhadosudeste.com\/site\/wp-content\/uploads\/2021\/08\/23082021.jpeg\" alt=\"\" width=\"1080\" height=\"1080\" srcset=\"https:\/\/folhadosudeste.com\/site\/wp-content\/uploads\/2021\/08\/23082021.jpeg 1080w, https:\/\/folhadosudeste.com\/site\/wp-content\/uploads\/2021\/08\/23082021-150x150.jpeg 150w, https:\/\/folhadosudeste.com\/site\/wp-content\/uploads\/2021\/08\/23082021-300x300.jpeg 300w, https:\/\/folhadosudeste.com\/site\/wp-content\/uploads\/2021\/08\/23082021-768x768.jpeg 768w, https:\/\/folhadosudeste.com\/site\/wp-content\/uploads\/2021\/08\/23082021-1024x1024.jpeg 1024w\" sizes=\"auto, (max-width: 1080px) 100vw, 1080px\" \/><\/a><\/div>\n<div>&nbsp;<\/div>\n<div>O \u00f3bito foi de um homem de 76 anos que faleceu na \u00faltima sexta-feira, dia 20. Ele tamb\u00e9m sofria de hipertens\u00e3o, diabetes&nbsp; e doen\u00e7a renal cr\u00f4nica.<\/div>\n<div>&nbsp;<\/div>\n<div>Tamb\u00e9m foram registrados 21 novas infec\u00e7\u00f5es. No entanto, a m\u00e9dia m\u00f3vel (que mostra a evolu\u00e7\u00e3o do n\u00famero de infec\u00e7\u00f5es nos \u00faltimos 14&nbsp; dias) segue com tend\u00eancia de queda: 12,57 casos di\u00e1rios nas \u00faltimas duas semanas, n\u00famero 40% mais baixo que o do per\u00edodo anterior.<\/div>\n<div>&nbsp;<\/div>\n<div>A m\u00e9dia m\u00f3vel de \u00f3bitos em 14 dias tamb\u00e9m est\u00e1 em queda: ocorreu uma a cada 37 horas e 30 minutos, ao passo que nas duas semanas anteriores havia sido uma a cada 25 horas e 48 minutos.<\/div>\n<\/div>\n<\/div>\n<\/div>\n<\/div>\n<\/div>\n<p><!--more--><\/p>\n<div id=\":uf\" class=\"a3s aiL \">\n<div>\n<div>\n<div>\n<div>Interna\u00e7\u00f5es &#8211; Atualmente, os hospitais de Muria\u00e9 est\u00e3o com 29 pacientes internados. Este n\u00famero divide-se da seguinte forma:<\/div>\n<div>&nbsp;<\/div>\n<div>LEITOS CL\u00cdNICOS (ENFERMARIA)<\/div>\n<div>Crian\u00e7as: 0<\/div>\n<div>Adultos: 8 (SUS: 5 | Particular: 3)<\/div>\n<div>&nbsp;<\/div>\n<div>LEITOS DE UTI<\/div>\n<div>Crian\u00e7as: 0<\/div>\n<div>Adultos: 21 (SUS: 11 | Particular: 10)<\/div>\n<div>Intuba\u00e7\u00f5es: 6 (SUS: 2 | Particular: 4)<\/div>\n<div>&nbsp;<\/div>\n<div>Vacina\u00e7\u00e3o &#8211; Na ter\u00e7a-feira, a aplica\u00e7\u00e3o de primeira dose chega para os jovens de 20 anos de idade.<\/div>\n<div>&nbsp;<\/div>\n<div>J\u00e1 a aplica\u00e7\u00e3o de segunda dose ser\u00e1 da Astrazeneca, conforme o seguinte calend\u00e1rio:<\/div>\n<div>&nbsp;<\/div>\n<div>24\/08 &#8211; segunda dose para quem tomou a primeira em 01\/06<\/div>\n<div>25\/08 &#8211; segunda dose para quem tomou a primeira em 02\/06<\/div>\n<div>26\/08 &#8211; segunda dose para quem tomou a primeira em 03\/06<\/div>\n<div>27\/08 &#8211; segunda dose para quem tomou a primeira em 04\/06<\/div>\n<div>&nbsp;<\/div>\n<div>Quem estiver com a segunda dose em atraso (seja de Astrazeneca, Coronavac ou Pfizer) deve comparecer o mais breve poss\u00edvel a qualquer um dos locais de vacina\u00e7\u00e3o durante o hor\u00e1rio de atendimento.<\/div>\n<div>&nbsp;<\/div>\n<div>A vacina\u00e7\u00e3o contra a covid-19 acontece sempre nas UBSs dos bairros Dornelas, Padre Tiago, Planalto, Primavera e S\u00e3o Francisco, das 8h \u00e0s 11h.<\/div>\n<div>&nbsp;<\/div>\n<div>N\u00fameros completos de hoje (23\/08\/2021):<\/div>\n<div>&nbsp;<\/div>\n<div>VACINA\u00c7\u00c3O<\/div>\n<div>Parcialmente vacinados: 71.746 pessoas (65,59% da popula\u00e7\u00e3o)<\/div>\n<div>Totalmente vacinados: 34.864 pessoas (31,85% da popula\u00e7\u00e3o)<\/div>\n<div>&nbsp;<\/div>\n<div>CASOS<\/div>\n<div>Total de casos confirmados: 11.430 (+21)<\/div>\n<div>Pacientes ativos: 68<\/div>\n<div>Pacientes curados: 11.060<\/div>\n<div>\u00d3bitos: 302 (+1)<\/div>\n<div>Investigados \/ Monitorados: 112<\/div>\n<div>Negativos: 13.264<\/div>\n<\/div>\n<\/div>\n<\/div>\n<div><a href=\"http:\/\/folhadosudeste.com\/site\/wp-content\/uploads\/2021\/08\/M\u00c9DIA-M\u00d3VEL-DE-CASOS-E-\u00d3BITOS-\u00daLTIMOS-14-DIAS-9.png\"><img loading=\"lazy\" decoding=\"async\" class=\"alignnone size-full wp-image-76985\" src=\"http:\/\/folhadosudeste.com\/site\/wp-content\/uploads\/2021\/08\/M\u00c9DIA-M\u00d3VEL-DE-CASOS-E-\u00d3BITOS-\u00daLTIMOS-14-DIAS-9.png\" alt=\"\" width=\"1377\" height=\"756\" srcset=\"https:\/\/folhadosudeste.com\/site\/wp-content\/uploads\/2021\/08\/M\u00c9DIA-M\u00d3VEL-DE-CASOS-E-\u00d3BITOS-\u00daLTIMOS-14-DIAS-9.png 1377w, https:\/\/folhadosudeste.com\/site\/wp-content\/uploads\/2021\/08\/M\u00c9DIA-M\u00d3VEL-DE-CASOS-E-\u00d3BITOS-\u00daLTIMOS-14-DIAS-9-300x165.png 300w, https:\/\/folhadosudeste.com\/site\/wp-content\/uploads\/2021\/08\/M\u00c9DIA-M\u00d3VEL-DE-CASOS-E-\u00d3BITOS-\u00daLTIMOS-14-DIAS-9-768x422.png 768w, https:\/\/folhadosudeste.com\/site\/wp-content\/uploads\/2021\/08\/M\u00c9DIA-M\u00d3VEL-DE-CASOS-E-\u00d3BITOS-\u00daLTIMOS-14-DIAS-9-1024x562.png 1024w\" sizes=\"auto, (max-width: 1377px) 100vw, 1377px\" \/><\/a><\/div>\n<\/div>\n<div class=\"yj6qo\">&nbsp;<\/div>\n<div id=\":wa\" class=\"hq gt\">&nbsp;<\/div>\n","protected":false},"excerpt":{"rendered":"<p>&nbsp; O \u00f3bito foi de um homem de 76 anos que faleceu na \u00faltima sexta-feira, dia 20. Ele tamb\u00e9m sofria de hipertens\u00e3o, diabetes&nbsp; e doen\u00e7a renal cr\u00f4nica. &nbsp; Tamb\u00e9m foram registrados 21 novas infec\u00e7\u00f5es. No entanto, a m\u00e9dia m\u00f3vel (que mostra a evolu\u00e7\u00e3o do n\u00famero de infec\u00e7\u00f5es nos \u00faltimos 14&nbsp; dias) segue com tend\u00eancia de [&hellip;]<\/p>\n","protected":false},"author":6,"featured_media":0,"comment_status":"open","ping_status":"closed","sticky":false,"template":"","format":"standard","meta":{"_joinchat":[],"footnotes":""},"categories":[1],"tags":[],"class_list":["post-76982","post","type-post","status-publish","format-standard","hentry","category-sem-categoria"],"_links":{"self":[{"href":"https:\/\/folhadosudeste.com\/site\/index.php?rest_route=\/wp\/v2\/posts\/76982","targetHints":{"allow":["GET"]}}],"collection":[{"href":"https:\/\/folhadosudeste.com\/site\/index.php?rest_route=\/wp\/v2\/posts"}],"about":[{"href":"https:\/\/folhadosudeste.com\/site\/index.php?rest_route=\/wp\/v2\/types\/post"}],"author":[{"embeddable":true,"href":"https:\/\/folhadosudeste.com\/site\/index.php?rest_route=\/wp\/v2\/users\/6"}],"replies":[{"embeddable":true,"href":"https:\/\/folhadosudeste.com\/site\/index.php?rest_route=%2Fwp%2Fv2%2Fcomments&post=76982"}],"version-history":[{"count":2,"href":"https:\/\/folhadosudeste.com\/site\/index.php?rest_route=\/wp\/v2\/posts\/76982\/revisions"}],"predecessor-version":[{"id":76986,"href":"https:\/\/folhadosudeste.com\/site\/index.php?rest_route=\/wp\/v2\/posts\/76982\/revisions\/76986"}],"wp:attachment":[{"href":"https:\/\/folhadosudeste.com\/site\/index.php?rest_route=%2Fwp%2Fv2%2Fmedia&parent=76982"}],"wp:term":[{"taxonomy":"category","embeddable":true,"href":"https:\/\/folhadosudeste.com\/site\/index.php?rest_route=%2Fwp%2Fv2%2Fcategories&post=76982"},{"taxonomy":"post_tag","embeddable":true,"href":"https:\/\/folhadosudeste.com\/site\/index.php?rest_route=%2Fwp%2Fv2%2Ftags&post=76982"}],"curies":[{"name":"wp","href":"https:\/\/api.w.org\/{rel}","templated":true}]}}