{"id":77025,"date":"2021-08-25T15:27:34","date_gmt":"2021-08-25T15:27:34","guid":{"rendered":"http:\/\/folhadosudeste.com\/site\/?p=77025"},"modified":"2021-08-25T15:27:34","modified_gmt":"2021-08-25T15:27:34","slug":"liderancas-do-sicredi-participam-de-reuniao-em-rosario-da-limeira","status":"publish","type":"post","link":"https:\/\/folhadosudeste.com\/site\/?p=77025","title":{"rendered":"Lideran\u00e7as do Sicredi participam de reuni\u00e3o em Ros\u00e1rio da Limeira"},"content":{"rendered":"<p><img decoding=\"async\" src=\"https:\/\/www.sicredibotucarai.com.br\/site\/sistema\/upload\/noticias1\/184\/184020210825111524.jpg\" alt=\"Sicredi Botucara\u00ed RS\/MG\"><\/p>\n<p style=\"text-align: justify;\">Na quarta-feira, 18\/08, a Sicredi Botucara\u00ed RS\/MG esteve reunida com lideran\u00e7as do poder p\u00fablico de Ros\u00e1rio da Limeira. Representaram o Sicredi, na reuni\u00e3o, o gerente de Desenvolvimento e Neg\u00f3cios da Cooperativa, Laoni da Cunha, e o assistente do setor de agroneg\u00f3cio da ag\u00eancia Sicredi Muria\u00e9\/Barra, Cassio Silva Costa.<\/p>\n<p style=\"text-align: justify;\">O encontro foi organizado com o intuito de conhecer mais a Cooperativa, bem como do Projeto de Expans\u00e3o que deve contemplar o munic\u00edpio de Ros\u00e1rio da Limeira, com uma ag\u00eancia, j\u00e1 no pr\u00f3ximo ano.<\/p>\n<p><!--more--><\/p>\n<p style=\"text-align: justify;\">A reuni\u00e3o contou com a presen\u00e7a do prefeito municipal, Jos\u00e9 Maria Pinto da Silva e demais lideran\u00e7as da \u00e1rea de Desenvolvimento. Na oportunidade, o GDN da cooperativa explanou sobre a chegada do Sicredi \u00e0 Zona da Mata, e a forma como a cooperativa atua nas comunidades em que est\u00e1 inserida.<\/p>\n<p style=\"text-align: justify;\">Os representantes da municipalidade tiveram a oportunidade de comentar sobre os potenciais do munic\u00edpio, e os projetos que est\u00e3o em andamento.<\/p>\n<p><img decoding=\"async\" src=\"https:\/\/www.sicredibotucarai.com.br\/site\/sistema\/upload\/noticias2\/184\/184020210825111524.jpg\"><\/p>\n","protected":false},"excerpt":{"rendered":"<p>Na quarta-feira, 18\/08, a Sicredi Botucara\u00ed RS\/MG esteve reunida com lideran\u00e7as do poder p\u00fablico de Ros\u00e1rio da Limeira. Representaram o Sicredi, na reuni\u00e3o, o gerente de Desenvolvimento e Neg\u00f3cios da Cooperativa, Laoni da Cunha, e o assistente do setor de agroneg\u00f3cio da ag\u00eancia Sicredi Muria\u00e9\/Barra, Cassio Silva Costa. O encontro foi organizado com o intuito [&hellip;]<\/p>\n","protected":false},"author":6,"featured_media":0,"comment_status":"open","ping_status":"closed","sticky":false,"template":"","format":"standard","meta":{"_joinchat":[],"footnotes":""},"categories":[1],"tags":[],"class_list":["post-77025","post","type-post","status-publish","format-standard","hentry","category-sem-categoria"],"_links":{"self":[{"href":"https:\/\/folhadosudeste.com\/site\/index.php?rest_route=\/wp\/v2\/posts\/77025","targetHints":{"allow":["GET"]}}],"collection":[{"href":"https:\/\/folhadosudeste.com\/site\/index.php?rest_route=\/wp\/v2\/posts"}],"about":[{"href":"https:\/\/folhadosudeste.com\/site\/index.php?rest_route=\/wp\/v2\/types\/post"}],"author":[{"embeddable":true,"href":"https:\/\/folhadosudeste.com\/site\/index.php?rest_route=\/wp\/v2\/users\/6"}],"replies":[{"embeddable":true,"href":"https:\/\/folhadosudeste.com\/site\/index.php?rest_route=%2Fwp%2Fv2%2Fcomments&post=77025"}],"version-history":[{"count":1,"href":"https:\/\/folhadosudeste.com\/site\/index.php?rest_route=\/wp\/v2\/posts\/77025\/revisions"}],"predecessor-version":[{"id":77026,"href":"https:\/\/folhadosudeste.com\/site\/index.php?rest_route=\/wp\/v2\/posts\/77025\/revisions\/77026"}],"wp:attachment":[{"href":"https:\/\/folhadosudeste.com\/site\/index.php?rest_route=%2Fwp%2Fv2%2Fmedia&parent=77025"}],"wp:term":[{"taxonomy":"category","embeddable":true,"href":"https:\/\/folhadosudeste.com\/site\/index.php?rest_route=%2Fwp%2Fv2%2Fcategories&post=77025"},{"taxonomy":"post_tag","embeddable":true,"href":"https:\/\/folhadosudeste.com\/site\/index.php?rest_route=%2Fwp%2Fv2%2Ftags&post=77025"}],"curies":[{"name":"wp","href":"https:\/\/api.w.org\/{rel}","templated":true}]}}