{"id":77027,"date":"2021-08-25T15:31:02","date_gmt":"2021-08-25T15:31:02","guid":{"rendered":"http:\/\/folhadosudeste.com\/site\/?p=77027"},"modified":"2021-08-25T15:31:02","modified_gmt":"2021-08-25T15:31:02","slug":"camara-aprova-recursos-para-saude-e-agricultura","status":"publish","type":"post","link":"https:\/\/folhadosudeste.com\/site\/?p=77027","title":{"rendered":"C\u00e2mara aprova recursos para sa\u00fade e agricultura"},"content":{"rendered":"<p><a href=\"http:\/\/folhadosudeste.com\/site\/wp-content\/uploads\/2021\/08\/DSC_0243.jpg\"><img loading=\"lazy\" decoding=\"async\" class=\"alignnone size-full wp-image-77028\" src=\"http:\/\/folhadosudeste.com\/site\/wp-content\/uploads\/2021\/08\/DSC_0243.jpg\" alt=\"\" width=\"1000\" height=\"668\" srcset=\"https:\/\/folhadosudeste.com\/site\/wp-content\/uploads\/2021\/08\/DSC_0243.jpg 1000w, https:\/\/folhadosudeste.com\/site\/wp-content\/uploads\/2021\/08\/DSC_0243-300x200.jpg 300w, https:\/\/folhadosudeste.com\/site\/wp-content\/uploads\/2021\/08\/DSC_0243-768x513.jpg 768w, https:\/\/folhadosudeste.com\/site\/wp-content\/uploads\/2021\/08\/DSC_0243-120x80.jpg 120w, https:\/\/folhadosudeste.com\/site\/wp-content\/uploads\/2021\/08\/DSC_0243-345x230.jpg 345w\" sizes=\"auto, (max-width: 1000px) 100vw, 1000px\" \/><\/a><\/p>\n<p style=\"text-align: justify;\">Entre os diversos projetos de lei votados na sess\u00e3o desta ter\u00e7a-feira, dia 24, est\u00e3o os PL\u2019s que autorizam a abertura de cr\u00e9dito adicional no valor de R$100 mil para a Secretaria Municipal de Agricultura (PL 182\/2021) e mais de R$1,5 milh\u00e3o em recursos para a Secretaria Municipal de Sa\u00fade (PL\u2019s 177, 178 e 179\/2021) &#8211; cujos valores ser\u00e3o destinados \u00e0s a\u00e7\u00f5es de combate \u00e0 covid, \u00e0 pol\u00edtica de aten\u00e7\u00e3o hospitalar, \u00e0 manuten\u00e7\u00e3o das atividades da Secretaria, de programas da pasta e da sa\u00fade prisional.<\/p>\n<p style=\"text-align: justify;\">As mat\u00e9rias foram colocadas em pauta por determina\u00e7\u00e3o do presidente da C\u00e2mara, Afonso da Sa\u00fade (PTB).<\/p>\n<p style=\"text-align: justify;\"><b>Confira abaixo o resumo dos PL\u2019s aprovados na sess\u00e3o desta semana:<\/b><\/p>\n<p style=\"text-align: justify;\"><b>Primeira, segunda e terceira vota\u00e7\u00e3o:<\/b><\/p>\n<p style=\"text-align: justify;\">&#8211; PL 181\/2021: acrescenta dispositivo \u00e0 Lei Municipal 6.002\/2020. O projeto foi aprovado por unanimidade pelos vereadores presentes.<\/p>\n<p><!--more--><\/p>\n<p style=\"text-align: justify;\">&#8211; PL 182\/2021: autoriza o Executivo a efetivar abertura de cr\u00e9dito adicional especial no total de R$100 mil para a Secretaria Municipal de Agricultura. O projeto foi aprovado por unanimidade pelos vereadores presentes.<\/p>\n<p style=\"text-align: justify;\">&#8211; PL 183\/2021: acrescenta a\u00e7\u00e3o \u00e0s metas f\u00edsicas da Lei 5.571, de 22 de dezembro de 2017 &#8211; Plano Plurianual de Muria\u00e9. O projeto foi aprovado por unanimidade pelos vereadores presentes.<\/p>\n<p style=\"text-align: justify;\">&#8211; PL 186\/2021: altera o anexo VI &#8211; gloss\u00e1rio da Lei Complementar 5.441\/2017, que disp\u00f5e sobre o uso e ocupa\u00e7\u00e3o do solo urbano de Muria\u00e9. O projeto foi aprovado por unanimidade pelos vereadores presentes com uma absten\u00e7\u00e3o.<\/p>\n<p style=\"text-align: justify;\">&#8211; PL 191\/2021: inclui metas e prioridades do Poder Legislativo no anexo III da Lei 6.163\/2021, que disp\u00f5e sobre as diretrizes para a elabora\u00e7\u00e3o da Lei Or\u00e7ament\u00e1ria de 2022. O projeto foi aprovado por unanimidade pelos vereadores presentes.<\/p>\n<p style=\"text-align: justify;\"><b>Segunda e terceira vota\u00e7\u00e3o:<\/b><\/p>\n<p style=\"text-align: justify;\">&#8211; PL 154\/2021: d\u00e1 denomina\u00e7\u00e3o de Sala de Recep\u00e7\u00e3o Maria das Merc\u00eas Machado de Paula \u00e0 sala onde funciona a recep\u00e7\u00e3o da Policl\u00ednica Doutor Ant\u00f4nio Can\u00eado.<\/p>\n<p style=\"text-align: justify;\">&#8211; PL 155\/2021: d\u00e1 denomina\u00e7\u00e3o a logradouro p\u00fablico de Aldo Furlani ao trevo que d\u00e1 acesso aos residenciais Eduardo Alves Corr\u00eaa e L\u00eddia Gomes Corr\u00eaa, no distrito de Vermelho.<\/p>\n<p style=\"text-align: justify;\">&nbsp;&#8211; PL 177\/2021: autoriza Executivo a efetivar abertura de cr\u00e9dito adicional especial de R$860.013,94 para a Secretaria Municipal de Sa\u00fade, destinados \u00e0s a\u00e7\u00f5es de combate \u00e0 covid e para a pol\u00edtica de aten\u00e7\u00e3o hospitalar.<\/p>\n<p style=\"text-align: justify;\">&#8211; PL 178\/2021: autoriza o Executivo a efetivar abertura de cr\u00e9dito adicional suplementar de R$533.392,14 para a manuten\u00e7\u00e3o de programas da sa\u00fade.<\/p>\n<p style=\"text-align: justify;\">&#8211; PL 179\/2021: autoriza o Executivo a efetivar abertura de cr\u00e9dito adicional especial no valor de R$177 mil, destinados \u00e0 manuten\u00e7\u00e3o das atividades da Secretaria Municipal de Sa\u00fade e da sa\u00fade prisional.<\/p>\n<p style=\"text-align: justify;\">Todos os projetos foram aprovados por unanimidade pelos vereadores presentes.<\/p>\n<p style=\"text-align: justify;\"><b>Terceira vota\u00e7\u00e3o do projeto:<\/b><\/p>\n<p style=\"text-align: justify;\">&nbsp;&#8211; PL 107\/2021: institui o Regime de Previd\u00eancia Complementar para os servidores titulares de cargo efetivo no \u00e2mbito da administra\u00e7\u00e3o direta dos poderes Executivo e Legislativo do munic\u00edpio e de suas autarquias e funda\u00e7\u00f5es e fixa o limite m\u00e1ximo para a concess\u00e3o de aposentadorias e pens\u00f5es de que trata o art. 40 da Constitui\u00e7\u00e3o Federal de 1988; e autoriza a ades\u00e3o a plano de benef\u00edcios de previd\u00eancia complementar. O projeto foi aprovado por unanimidade entre os vereadores presentes.<\/p>\n<p style=\"text-align: justify;\">Os projetos podem ser conferidos na \u00edntegra acessando o site da C\u00e2mara:&nbsp;<a href=\"http:\/\/www.camaramuriae.mg.gov.br\/\" target=\"_blank\" rel=\"noopener\" data-saferedirecturl=\"https:\/\/www.google.com\/url?q=http:\/\/www.camaramuriae.mg.gov.br&amp;source=gmail&amp;ust=1629991458670000&amp;usg=AFQjCNGdwwJner9tRBYV7l6tiHpgYI51mQ\">www.camaramuriae.mg.gov.br<\/a>, link \u201cSAPL\u201d, aba \u201cMat\u00e9rias Legislativas\u201d, op\u00e7\u00e3o \u201cProjetos de Lei\u201d, clicar em \u201cPesquisar\u201d.<\/p>\n<p><a href=\"http:\/\/folhadosudeste.com\/site\/wp-content\/uploads\/2021\/08\/DSC_0225.jpg\"><img loading=\"lazy\" decoding=\"async\" class=\"alignnone size-full wp-image-77029\" src=\"http:\/\/folhadosudeste.com\/site\/wp-content\/uploads\/2021\/08\/DSC_0225.jpg\" alt=\"\" width=\"1000\" height=\"656\" srcset=\"https:\/\/folhadosudeste.com\/site\/wp-content\/uploads\/2021\/08\/DSC_0225.jpg 1000w, https:\/\/folhadosudeste.com\/site\/wp-content\/uploads\/2021\/08\/DSC_0225-300x197.jpg 300w, https:\/\/folhadosudeste.com\/site\/wp-content\/uploads\/2021\/08\/DSC_0225-768x504.jpg 768w, https:\/\/folhadosudeste.com\/site\/wp-content\/uploads\/2021\/08\/DSC_0225-120x80.jpg 120w\" sizes=\"auto, (max-width: 1000px) 100vw, 1000px\" \/><\/a><\/p>\n","protected":false},"excerpt":{"rendered":"<p>Entre os diversos projetos de lei votados na sess\u00e3o desta ter\u00e7a-feira, dia 24, est\u00e3o os PL\u2019s que autorizam a abertura de cr\u00e9dito adicional no valor de R$100 mil para a Secretaria Municipal de Agricultura (PL 182\/2021) e mais de R$1,5 milh\u00e3o em recursos para a Secretaria Municipal de Sa\u00fade (PL\u2019s 177, 178 e 179\/2021) &#8211; [&hellip;]<\/p>\n","protected":false},"author":6,"featured_media":0,"comment_status":"open","ping_status":"closed","sticky":false,"template":"","format":"standard","meta":{"_joinchat":[],"footnotes":""},"categories":[1],"tags":[],"class_list":["post-77027","post","type-post","status-publish","format-standard","hentry","category-sem-categoria"],"_links":{"self":[{"href":"https:\/\/folhadosudeste.com\/site\/index.php?rest_route=\/wp\/v2\/posts\/77027","targetHints":{"allow":["GET"]}}],"collection":[{"href":"https:\/\/folhadosudeste.com\/site\/index.php?rest_route=\/wp\/v2\/posts"}],"about":[{"href":"https:\/\/folhadosudeste.com\/site\/index.php?rest_route=\/wp\/v2\/types\/post"}],"author":[{"embeddable":true,"href":"https:\/\/folhadosudeste.com\/site\/index.php?rest_route=\/wp\/v2\/users\/6"}],"replies":[{"embeddable":true,"href":"https:\/\/folhadosudeste.com\/site\/index.php?rest_route=%2Fwp%2Fv2%2Fcomments&post=77027"}],"version-history":[{"count":1,"href":"https:\/\/folhadosudeste.com\/site\/index.php?rest_route=\/wp\/v2\/posts\/77027\/revisions"}],"predecessor-version":[{"id":77030,"href":"https:\/\/folhadosudeste.com\/site\/index.php?rest_route=\/wp\/v2\/posts\/77027\/revisions\/77030"}],"wp:attachment":[{"href":"https:\/\/folhadosudeste.com\/site\/index.php?rest_route=%2Fwp%2Fv2%2Fmedia&parent=77027"}],"wp:term":[{"taxonomy":"category","embeddable":true,"href":"https:\/\/folhadosudeste.com\/site\/index.php?rest_route=%2Fwp%2Fv2%2Fcategories&post=77027"},{"taxonomy":"post_tag","embeddable":true,"href":"https:\/\/folhadosudeste.com\/site\/index.php?rest_route=%2Fwp%2Fv2%2Ftags&post=77027"}],"curies":[{"name":"wp","href":"https:\/\/api.w.org\/{rel}","templated":true}]}}