{"id":77038,"date":"2021-08-26T02:02:18","date_gmt":"2021-08-26T02:02:18","guid":{"rendered":"http:\/\/folhadosudeste.com\/site\/?p=77038"},"modified":"2021-08-26T02:03:42","modified_gmt":"2021-08-26T02:03:42","slug":"homenagem-ao-soldado-brasileiro-marca-reuniao-de-plenario","status":"publish","type":"post","link":"https:\/\/folhadosudeste.com\/site\/?p=77038","title":{"rendered":"Homenagem ao soldado brasileiro marca reuni\u00e3o de Plen\u00e1rio"},"content":{"rendered":"<h2><a href=\"http:\/\/folhadosudeste.com\/site\/wp-content\/uploads\/2021\/08\/1582659.jpg\"><img loading=\"lazy\" decoding=\"async\" class=\"alignnone wp-image-77039\" src=\"http:\/\/folhadosudeste.com\/site\/wp-content\/uploads\/2021\/08\/1582659.jpg\" alt=\"\" width=\"779\" height=\"520\" srcset=\"https:\/\/folhadosudeste.com\/site\/wp-content\/uploads\/2021\/08\/1582659.jpg 640w, https:\/\/folhadosudeste.com\/site\/wp-content\/uploads\/2021\/08\/1582659-300x200.jpg 300w, https:\/\/folhadosudeste.com\/site\/wp-content\/uploads\/2021\/08\/1582659-120x80.jpg 120w, https:\/\/folhadosudeste.com\/site\/wp-content\/uploads\/2021\/08\/1582659-345x230.jpg 345w\" sizes=\"auto, (max-width: 779px) 100vw, 779px\" \/><\/a><\/h2>\n<p style=\"text-align: justify;\"><em>Coronel Henrique e Virg\u00edlio Guimar\u00e3es prestaram homenagem ao soldado brasileiro&nbsp;&#8211; Foto:Willian Dias<\/em><\/p>\n<h4 class=\"content_01_subtitle\" style=\"text-align: justify;\">Deputado parabeniza profissional no seu dia, 25 de agosto, em reuni\u00e3o na qual foi citada aprova\u00e7\u00e3o de PL sobre a AME<\/h4>\n<div id=\"content_01_body\" class=\"js_trackNews js_newsNormal\" style=\"text-align: justify;\">\n<p>O&nbsp;<strong>Dia do Soldado, comemorado nesta quarta-feira (25\/8\/21), foi lembrado durante a Reuni\u00e3o Ordin\u00e1ria de Plen\u00e1rio<\/strong>&nbsp;da Assembleia Legislativa de Minas Gerais (ALMG). Durante seu pronunciamento, o deputado Coronel Henrique (PSL) homenageou esses militares, que t\u00eam como data comemorativa o dia do anivers\u00e1rio de Duque de Caxias, Patrono do Ex\u00e9rcito brasileiro.<\/p>\n<\/div>\n<p><!--more--><\/p>\n<div id=\"content_01_body\" class=\"js_trackNews js_newsNormal\" style=\"text-align: justify;\">\n<p><a title=\"Ir para Resultado da reuni\u00e3o\" href=\"https:\/\/www.almg.gov.br\/atividade_parlamentar\/plenario\/interna.html?tipo=res&amp;dia=25&amp;mes=8&amp;ano=2021&amp;hr=14:00\">Consulte o resultado e assista ao v\u00eddeo completo da reuni\u00e3o<\/a>.<\/p>\n<p>\u201cA data nos remete a valores caros da nossa nacionalidade, como patriotismo e civismo, cultuados por Lu\u00eds Alves de Lima e Silva, ao longo da hist\u00f3ria\u201d, refor\u00e7ou. O parlamentar fez a leitura da ordem do dia do comandante do Ex\u00e9rcito Brasileiro, general Paulo S\u00e9rgio Nogueira, em que este afirma que os militares devem ser &#8220;inspiradores&#8221; de paz, liberdade e democracia, assim como fez Caxias.<\/p>\n<p>No comunicado, s\u00e3o destacados os mais de 50 anos de servi\u00e7os do \u201cPacificador\u201d, de cadete a marechal, em diversas lutas em favor do Brasil, como na consolida\u00e7\u00e3o da Independ\u00eancia e na manuten\u00e7\u00e3o do territ\u00f3rio nacional.<\/p>\n<p><strong>Gratid\u00e3o &#8211;<\/strong>&nbsp;De acordo com o documento, assim como Caxias no passado, o Ex\u00e9rcito hoje preserva a integridade do territ\u00f3rio, combate il\u00edcitos ambientais, atua em situa\u00e7\u00f5es de calamidade, na acolhida de estrangeiros, entre outras a\u00e7\u00f5es. \u201cIrmanado com as outras for\u00e7as armadas, o Ex\u00e9rcito continua cumprindo sua miss\u00e3o de defender a P\u00e1tria e garantir o cumprimento da Constitui\u00e7\u00e3o Federal\u201d, destaca a ordem do dia. Coronel Henrique fez quest\u00e3o de prestar contin\u00eancia ao soldado brasileiro, ao dizer estas palavras: \u201cA voc\u00ea, soldado, a gratid\u00e3o por tudo que fez e faz pela na\u00e7\u00e3o brasileira\u201d.<\/p>\n<p>Em aparte, o deputado Virg\u00edlio Guimar\u00e3es (PT) parabenizou o colega pela homenagem e fez tamb\u00e9m sua sauda\u00e7\u00e3o ao soldado, homem ou mulher. \u201cTemos v\u00e1rios her\u00f3is da P\u00e1tria, inclusive uma mulher, Maria Quit\u00e9ria de Jesus. O Ex\u00e9rcito e as outras For\u00e7as Armadas t\u00eam uma hist\u00f3ria que se confunde com a hist\u00f3ria do pr\u00f3prio Brasil\u201d, elogiou.<\/p>\n<p><strong>Atrofia &#8211;<\/strong>&nbsp;Logo no in\u00edcio da reuni\u00e3o, o deputado Bruno Engler (PRTB) utilizou o microfone para agradecer aos colegas pela aprova\u00e7\u00e3o no Plen\u00e1rio, em 1\u00ba turno, do&nbsp;<strong><a title=\"Ir para a tramita\u00e7\u00e3o do PL 2.092\" href=\"https:\/\/www.almg.gov.br\/atividade_parlamentar\/tramitacao_projetos\/interna.html?a=2020&amp;n=2092&amp;t=PL\">Projeto de Lei (PL) 2.092\/20<\/a><\/strong>, de autoria dele. A proposi\u00e7\u00e3o&nbsp;<strong>isenta da cobran\u00e7a de ICMS os medicamentos para Atrofia Muscular Espinhal (AME)<\/strong>.<\/p>\n<p>O parlamentou disse ter ficado surpreso com o voto contr\u00e1rio do deputado Guilherme da Cunha (Novo), o qual afirmou que n\u00e3o havia sido apresentado o impacto or\u00e7ament\u00e1rio da proposta. \u201cRem\u00e9dios para a AME podem custar at\u00e9 R$ 12 milh\u00f5es. \u00c9 justamente pelo fato de serem caros \u00e9 que queremos tirar os impostos, para que seja um pouco menos dif\u00edcil para as fam\u00edlias de pessoas com essa doen\u00e7a\u201d, exp\u00f4s.<\/p>\n<\/div>\n<p>Fonte: ALMG<\/p>\n<div class=\"clear\" style=\"text-align: justify;\">&nbsp;<\/div>\n<div class=\"clear\" style=\"text-align: justify;\">&nbsp;<\/div>\n<p style=\"text-align: justify;\">&nbsp;<\/p>\n","protected":false},"excerpt":{"rendered":"<p>Coronel Henrique e Virg\u00edlio Guimar\u00e3es prestaram homenagem ao soldado brasileiro&nbsp;&#8211; Foto:Willian Dias Deputado parabeniza profissional no seu dia, 25 de agosto, em reuni\u00e3o na qual foi citada aprova\u00e7\u00e3o de PL sobre a AME O&nbsp;Dia do Soldado, comemorado nesta quarta-feira (25\/8\/21), foi lembrado durante a Reuni\u00e3o Ordin\u00e1ria de Plen\u00e1rio&nbsp;da Assembleia Legislativa de Minas Gerais (ALMG). Durante [&hellip;]<\/p>\n","protected":false},"author":6,"featured_media":0,"comment_status":"open","ping_status":"closed","sticky":false,"template":"","format":"standard","meta":{"_joinchat":[],"footnotes":""},"categories":[1],"tags":[],"class_list":["post-77038","post","type-post","status-publish","format-standard","hentry","category-sem-categoria"],"_links":{"self":[{"href":"https:\/\/folhadosudeste.com\/site\/index.php?rest_route=\/wp\/v2\/posts\/77038","targetHints":{"allow":["GET"]}}],"collection":[{"href":"https:\/\/folhadosudeste.com\/site\/index.php?rest_route=\/wp\/v2\/posts"}],"about":[{"href":"https:\/\/folhadosudeste.com\/site\/index.php?rest_route=\/wp\/v2\/types\/post"}],"author":[{"embeddable":true,"href":"https:\/\/folhadosudeste.com\/site\/index.php?rest_route=\/wp\/v2\/users\/6"}],"replies":[{"embeddable":true,"href":"https:\/\/folhadosudeste.com\/site\/index.php?rest_route=%2Fwp%2Fv2%2Fcomments&post=77038"}],"version-history":[{"count":1,"href":"https:\/\/folhadosudeste.com\/site\/index.php?rest_route=\/wp\/v2\/posts\/77038\/revisions"}],"predecessor-version":[{"id":77040,"href":"https:\/\/folhadosudeste.com\/site\/index.php?rest_route=\/wp\/v2\/posts\/77038\/revisions\/77040"}],"wp:attachment":[{"href":"https:\/\/folhadosudeste.com\/site\/index.php?rest_route=%2Fwp%2Fv2%2Fmedia&parent=77038"}],"wp:term":[{"taxonomy":"category","embeddable":true,"href":"https:\/\/folhadosudeste.com\/site\/index.php?rest_route=%2Fwp%2Fv2%2Fcategories&post=77038"},{"taxonomy":"post_tag","embeddable":true,"href":"https:\/\/folhadosudeste.com\/site\/index.php?rest_route=%2Fwp%2Fv2%2Ftags&post=77038"}],"curies":[{"name":"wp","href":"https:\/\/api.w.org\/{rel}","templated":true}]}}