{"id":77051,"date":"2021-08-26T12:26:38","date_gmt":"2021-08-26T12:26:38","guid":{"rendered":"http:\/\/folhadosudeste.com\/site\/?p=77051"},"modified":"2021-08-26T12:26:38","modified_gmt":"2021-08-26T12:26:38","slug":"agosto-lilas-pcmg-em-uba-reforca-canais-de-denuncia-para-combater-a-violencia-contra-a-mulher","status":"publish","type":"post","link":"https:\/\/folhadosudeste.com\/site\/?p=77051","title":{"rendered":"Agosto Lil\u00e1s: PCMG em Ub\u00e1 refor\u00e7a canais de den\u00fancia para combater a viol\u00eancia contra a mulher"},"content":{"rendered":"<p style=\"text-align: justify;\"><a href=\"http:\/\/folhadosudeste.com\/site\/wp-content\/uploads\/2021\/08\/WhatsApp-Image-2020-06-25-at-14.33.22-1.jpeg\"><img loading=\"lazy\" decoding=\"async\" class=\"alignnone size-full wp-image-77052\" src=\"http:\/\/folhadosudeste.com\/site\/wp-content\/uploads\/2021\/08\/WhatsApp-Image-2020-06-25-at-14.33.22-1.jpeg\" alt=\"\" width=\"1000\" height=\"715\" srcset=\"https:\/\/folhadosudeste.com\/site\/wp-content\/uploads\/2021\/08\/WhatsApp-Image-2020-06-25-at-14.33.22-1.jpeg 1000w, https:\/\/folhadosudeste.com\/site\/wp-content\/uploads\/2021\/08\/WhatsApp-Image-2020-06-25-at-14.33.22-1-300x215.jpeg 300w, https:\/\/folhadosudeste.com\/site\/wp-content\/uploads\/2021\/08\/WhatsApp-Image-2020-06-25-at-14.33.22-1-768x549.jpeg 768w\" sizes=\"auto, (max-width: 1000px) 100vw, 1000px\" \/><\/a><\/p>\n<p style=\"text-align: justify;\">No m\u00eas de conscientiza\u00e7\u00e3o pelo fim da viol\u00eancia contra a mulher, o Agosto Lil\u00e1s, a Pol\u00edcia Civil de Minas Gerais (PCMG) em Ub\u00e1 refor\u00e7a a import\u00e2ncia das den\u00fancias e dos diversos canais dispon\u00edveis para que a v\u00edtima n\u00e3o se cale e denuncie. Segundo o delegado regional Di\u00eago Candian Alves, a mulher v\u00edtima de viol\u00eancia dom\u00e9stica e familiar pode fazer o registro de ocorr\u00eancia na unidade policial mais pr\u00f3xima ou, ainda, pela delegacia virtual, no site&nbsp;<a href=\"http:\/\/www.delegaciavirtual.sids.mg.gov.br\/\" target=\"_blank\" rel=\"noopener\" data-saferedirecturl=\"https:\/\/www.google.com\/url?q=http:\/\/www.delegaciavirtual.sids.mg.gov.br&amp;source=gmail&amp;ust=1630066793116000&amp;usg=AFQjCNGezwe50El9FoeX9smMJDPEs0V9vQ\">www.delegaciavirtual.sids.mg.<wbr>gov.br<\/a>. \u201cDen\u00fancias tamb\u00e9m podem ser feitas pelo aplicativo MG Mulher e pelo n\u00famero 180. Por fim, tamb\u00e9m existe o n\u00famero (31) 99483-0008, nosso WhatsApp Den\u00fancia em Ub\u00e1, e o sigilo \u00e9 garantido\u201d, destaca, enfatizando tamb\u00e9m que a Pol\u00edcia Civil apoia a Campanha Sinal Vermelho.<\/p>\n<p style=\"text-align: justify;\"><!--more--><\/p>\n<p style=\"text-align: justify;\">De acordo com a delegada-geral Deise L\u00facia Fernandes de Oliveira, as mulheres podem tamb\u00e9m procurar diretamente a Delegacia Especializada de crimes contra a mulher da 2\u00aa Delegacia Regional de Pol\u00edcia Civil, que fica na Avenida dos Ex-Combatentes, 1333, no bairro Santa Luzia, em Ub\u00e1. \u201cEstaremos aqui para fortalecer e apoiar as v\u00edtimas. Temos tratamento e acolhimento necess\u00e1rio por meio de um atendimento psicol\u00f3gico\u201d, ressalta.<\/p>\n","protected":false},"excerpt":{"rendered":"<p>No m\u00eas de conscientiza\u00e7\u00e3o pelo fim da viol\u00eancia contra a mulher, o Agosto Lil\u00e1s, a Pol\u00edcia Civil de Minas Gerais (PCMG) em Ub\u00e1 refor\u00e7a a import\u00e2ncia das den\u00fancias e dos diversos canais dispon\u00edveis para que a v\u00edtima n\u00e3o se cale e denuncie. Segundo o delegado regional Di\u00eago Candian Alves, a mulher v\u00edtima de viol\u00eancia dom\u00e9stica [&hellip;]<\/p>\n","protected":false},"author":6,"featured_media":0,"comment_status":"open","ping_status":"closed","sticky":false,"template":"","format":"standard","meta":{"_joinchat":[],"footnotes":""},"categories":[1],"tags":[],"class_list":["post-77051","post","type-post","status-publish","format-standard","hentry","category-sem-categoria"],"_links":{"self":[{"href":"https:\/\/folhadosudeste.com\/site\/index.php?rest_route=\/wp\/v2\/posts\/77051","targetHints":{"allow":["GET"]}}],"collection":[{"href":"https:\/\/folhadosudeste.com\/site\/index.php?rest_route=\/wp\/v2\/posts"}],"about":[{"href":"https:\/\/folhadosudeste.com\/site\/index.php?rest_route=\/wp\/v2\/types\/post"}],"author":[{"embeddable":true,"href":"https:\/\/folhadosudeste.com\/site\/index.php?rest_route=\/wp\/v2\/users\/6"}],"replies":[{"embeddable":true,"href":"https:\/\/folhadosudeste.com\/site\/index.php?rest_route=%2Fwp%2Fv2%2Fcomments&post=77051"}],"version-history":[{"count":1,"href":"https:\/\/folhadosudeste.com\/site\/index.php?rest_route=\/wp\/v2\/posts\/77051\/revisions"}],"predecessor-version":[{"id":77053,"href":"https:\/\/folhadosudeste.com\/site\/index.php?rest_route=\/wp\/v2\/posts\/77051\/revisions\/77053"}],"wp:attachment":[{"href":"https:\/\/folhadosudeste.com\/site\/index.php?rest_route=%2Fwp%2Fv2%2Fmedia&parent=77051"}],"wp:term":[{"taxonomy":"category","embeddable":true,"href":"https:\/\/folhadosudeste.com\/site\/index.php?rest_route=%2Fwp%2Fv2%2Fcategories&post=77051"},{"taxonomy":"post_tag","embeddable":true,"href":"https:\/\/folhadosudeste.com\/site\/index.php?rest_route=%2Fwp%2Fv2%2Ftags&post=77051"}],"curies":[{"name":"wp","href":"https:\/\/api.w.org\/{rel}","templated":true}]}}