{"id":77054,"date":"2021-08-26T12:33:51","date_gmt":"2021-08-26T12:33:51","guid":{"rendered":"http:\/\/folhadosudeste.com\/site\/?p=77054"},"modified":"2021-08-26T12:33:51","modified_gmt":"2021-08-26T12:33:51","slug":"brumadinho-parlamentares-recebem-delegacao-internacional-progressista","status":"publish","type":"post","link":"https:\/\/folhadosudeste.com\/site\/?p=77054","title":{"rendered":"Brumadinho &#8211; Parlamentares recebem delega\u00e7\u00e3o internacional progressista"},"content":{"rendered":"<p><a href=\"http:\/\/folhadosudeste.com\/site\/wp-content\/uploads\/2021\/08\/1582718.jpg\"><img loading=\"lazy\" decoding=\"async\" class=\"alignnone  wp-image-77055\" src=\"http:\/\/folhadosudeste.com\/site\/wp-content\/uploads\/2021\/08\/1582718.jpg\" alt=\"\" width=\"784\" height=\"523\" srcset=\"https:\/\/folhadosudeste.com\/site\/wp-content\/uploads\/2021\/08\/1582718.jpg 640w, https:\/\/folhadosudeste.com\/site\/wp-content\/uploads\/2021\/08\/1582718-300x200.jpg 300w, https:\/\/folhadosudeste.com\/site\/wp-content\/uploads\/2021\/08\/1582718-120x80.jpg 120w, https:\/\/folhadosudeste.com\/site\/wp-content\/uploads\/2021\/08\/1582718-345x230.jpg 345w\" sizes=\"auto, (max-width: 784px) 100vw, 784px\" \/><\/a><\/p>\n<p style=\"text-align: justify;\"><strong>Grupo de Trabalho de Brumadinho apresentou o trabalho realizado pela CPI e informa\u00e7\u00f5es sobre o acordo da Vale<\/strong><\/p>\n<p style=\"text-align: justify;\">O<strong>&nbsp;Grupo de Trabalho de Brumadinho<\/strong>, institu\u00eddo pela Assembleia Legislativa de Minas Gerais (ALMG) para monitorar a implementa\u00e7\u00e3o das recomenda\u00e7\u00f5es da Comiss\u00e3o Parlamentar de Inqu\u00e9rito (CPI) que investigou as causas do rompimento de barragem da Vale em 2019,&nbsp;<strong>se reuniu<\/strong>&nbsp;nesta quarta-feira (25\/8\/21)<strong>&nbsp;com representantes da<\/strong>&nbsp;<strong>Internacional Progressista (IP)<\/strong>. Tamb\u00e9m participaram do encontro membros do Movimento dos Trabalhadores Rurais Sem Terra (MST) e do&nbsp;<em>Washington Brazil Office<\/em>.<\/p>\n<p style=\"text-align: justify;\"><!--more--><\/p>\n<p style=\"text-align: justify;\">A Internacional Progressista, alian\u00e7a global de entidades, movimentos sociais e ativistas em defesa da democracia, da solidariedade, da igualdade e da sustentabilidade, foi representada pelos coordenadores Matt Kirkegaard e David Adler. Integrantes da IP estiveram no Par\u00e1 e em Bras\u00edlia na \u00faltima semana, em reuni\u00f5es com parlamentares, comunidades ind\u00edgenas e quilombolas.<\/p>\n<p style=\"text-align: justify;\">O deputado Andr\u00e9 Quint\u00e3o (PT), relator da CPI da Barragem de Brumadinho, e a deputada Beatriz Cerqueira (PT), que solicitou a instala\u00e7\u00e3o da comiss\u00e3o, apresentaram aos convidados o&nbsp;<strong>trabalho realizado pelo colegiado e informa\u00e7\u00f5es sobre o acordo entre o Governo do Estado e a Vale<\/strong>&nbsp;para a repara\u00e7\u00e3o dos danos ocorridos em fun\u00e7\u00e3o da trag\u00e9dia.<\/p>\n","protected":false},"excerpt":{"rendered":"<p>Grupo de Trabalho de Brumadinho apresentou o trabalho realizado pela CPI e informa\u00e7\u00f5es sobre o acordo da Vale O&nbsp;Grupo de Trabalho de Brumadinho, institu\u00eddo pela Assembleia Legislativa de Minas Gerais (ALMG) para monitorar a implementa\u00e7\u00e3o das recomenda\u00e7\u00f5es da Comiss\u00e3o Parlamentar de Inqu\u00e9rito (CPI) que investigou as causas do rompimento de barragem da Vale em 2019,&nbsp;se [&hellip;]<\/p>\n","protected":false},"author":6,"featured_media":0,"comment_status":"open","ping_status":"closed","sticky":false,"template":"","format":"standard","meta":{"_joinchat":[],"footnotes":""},"categories":[1],"tags":[],"class_list":["post-77054","post","type-post","status-publish","format-standard","hentry","category-sem-categoria"],"_links":{"self":[{"href":"https:\/\/folhadosudeste.com\/site\/index.php?rest_route=\/wp\/v2\/posts\/77054","targetHints":{"allow":["GET"]}}],"collection":[{"href":"https:\/\/folhadosudeste.com\/site\/index.php?rest_route=\/wp\/v2\/posts"}],"about":[{"href":"https:\/\/folhadosudeste.com\/site\/index.php?rest_route=\/wp\/v2\/types\/post"}],"author":[{"embeddable":true,"href":"https:\/\/folhadosudeste.com\/site\/index.php?rest_route=\/wp\/v2\/users\/6"}],"replies":[{"embeddable":true,"href":"https:\/\/folhadosudeste.com\/site\/index.php?rest_route=%2Fwp%2Fv2%2Fcomments&post=77054"}],"version-history":[{"count":1,"href":"https:\/\/folhadosudeste.com\/site\/index.php?rest_route=\/wp\/v2\/posts\/77054\/revisions"}],"predecessor-version":[{"id":77056,"href":"https:\/\/folhadosudeste.com\/site\/index.php?rest_route=\/wp\/v2\/posts\/77054\/revisions\/77056"}],"wp:attachment":[{"href":"https:\/\/folhadosudeste.com\/site\/index.php?rest_route=%2Fwp%2Fv2%2Fmedia&parent=77054"}],"wp:term":[{"taxonomy":"category","embeddable":true,"href":"https:\/\/folhadosudeste.com\/site\/index.php?rest_route=%2Fwp%2Fv2%2Fcategories&post=77054"},{"taxonomy":"post_tag","embeddable":true,"href":"https:\/\/folhadosudeste.com\/site\/index.php?rest_route=%2Fwp%2Fv2%2Ftags&post=77054"}],"curies":[{"name":"wp","href":"https:\/\/api.w.org\/{rel}","templated":true}]}}