{"id":77063,"date":"2021-08-26T13:41:47","date_gmt":"2021-08-26T13:41:47","guid":{"rendered":"http:\/\/folhadosudeste.com\/site\/?p=77063"},"modified":"2021-08-26T13:41:47","modified_gmt":"2021-08-26T13:41:47","slug":"secretaria-municipal-de-saude-divulga-calendario-de-vacinacao-contra-a-covid-para-jovens-de-18-e-19-anos","status":"publish","type":"post","link":"https:\/\/folhadosudeste.com\/site\/?p=77063","title":{"rendered":"Secret\u00e1ria municipal de sa\u00fade divulga calend\u00e1rio de vacina\u00e7\u00e3o contra a Covid para jovens de 18 e 19 anos"},"content":{"rendered":"<p style=\"text-align: justify;\"><a href=\"http:\/\/folhadosudeste.com\/site\/wp-content\/uploads\/2021\/08\/WhatsApp-Image-2021-08-26-at-10.35.52.jpeg\"><img loading=\"lazy\" decoding=\"async\" class=\"alignnone size-full wp-image-77064\" src=\"http:\/\/folhadosudeste.com\/site\/wp-content\/uploads\/2021\/08\/WhatsApp-Image-2021-08-26-at-10.35.52.jpeg\" alt=\"\" width=\"1242\" height=\"1148\" srcset=\"https:\/\/folhadosudeste.com\/site\/wp-content\/uploads\/2021\/08\/WhatsApp-Image-2021-08-26-at-10.35.52.jpeg 1242w, https:\/\/folhadosudeste.com\/site\/wp-content\/uploads\/2021\/08\/WhatsApp-Image-2021-08-26-at-10.35.52-300x277.jpeg 300w, https:\/\/folhadosudeste.com\/site\/wp-content\/uploads\/2021\/08\/WhatsApp-Image-2021-08-26-at-10.35.52-768x710.jpeg 768w, https:\/\/folhadosudeste.com\/site\/wp-content\/uploads\/2021\/08\/WhatsApp-Image-2021-08-26-at-10.35.52-1024x946.jpeg 1024w\" sizes=\"auto, (max-width: 1242px) 100vw, 1242px\" \/><\/a><\/p>\n<p style=\"text-align: justify;\">Est\u00e1 acontecendo hoje, a vacina\u00e7\u00e3o contra COVID 19 para os jovens de 19 anos. Amanh\u00e3 sexta-feira (27) \u00e9 a vez da faixa et\u00e1ria de 18 anos.<\/p>\n<p style=\"text-align: justify;\">As doses ser\u00e3o aplicadas de 8 \u00e0s 11h nas Unidades B\u00e1sicas de Sa\u00fade dos bairros: Dornelas, S\u00e3o Francisco, Planalto, Primavera e Padre Tiago. Ser\u00e3o distribu\u00eddas 250 senhas em cada local. Vale lembrar que \u00e9 necess\u00e1rio apresentar comprovante de resid\u00eancia em Muria\u00e9 e documento de identifica\u00e7\u00e3o com foto para comprova\u00e7\u00e3o da idade. De acordo com o \u00faltimo boletim epidemiol\u00f3gico divulgado pela Prefeitura, at\u00e9 o momento, 73.103 pessoas j\u00e1 receberam a primeira dose (66,83% da popula\u00e7\u00e3o) e 35.147 j\u00e1 foram vacinadas com as duas doses ou dose \u00fanica em Muria\u00e9 (32,13% da popula\u00e7\u00e3o).<\/p>\n<p style=\"text-align: justify;\"><!--more--><\/p>\n<p><a href=\"http:\/\/folhadosudeste.com\/site\/wp-content\/uploads\/2021\/08\/WhatsApp-Image-2021-08-26-at-10.35.53.jpeg\"><img loading=\"lazy\" decoding=\"async\" class=\"alignnone size-full wp-image-77065\" src=\"http:\/\/folhadosudeste.com\/site\/wp-content\/uploads\/2021\/08\/WhatsApp-Image-2021-08-26-at-10.35.53.jpeg\" alt=\"\" width=\"1237\" height=\"1172\" srcset=\"https:\/\/folhadosudeste.com\/site\/wp-content\/uploads\/2021\/08\/WhatsApp-Image-2021-08-26-at-10.35.53.jpeg 1237w, https:\/\/folhadosudeste.com\/site\/wp-content\/uploads\/2021\/08\/WhatsApp-Image-2021-08-26-at-10.35.53-300x284.jpeg 300w, https:\/\/folhadosudeste.com\/site\/wp-content\/uploads\/2021\/08\/WhatsApp-Image-2021-08-26-at-10.35.53-768x728.jpeg 768w, https:\/\/folhadosudeste.com\/site\/wp-content\/uploads\/2021\/08\/WhatsApp-Image-2021-08-26-at-10.35.53-1024x970.jpeg 1024w\" sizes=\"auto, (max-width: 1237px) 100vw, 1237px\" \/><\/a> <a href=\"http:\/\/folhadosudeste.com\/site\/wp-content\/uploads\/2021\/08\/WhatsApp-Image-2021-08-26-at-10.35.54.jpeg\"><img loading=\"lazy\" decoding=\"async\" class=\"alignnone size-full wp-image-77066\" src=\"http:\/\/folhadosudeste.com\/site\/wp-content\/uploads\/2021\/08\/WhatsApp-Image-2021-08-26-at-10.35.54.jpeg\" alt=\"\" width=\"1242\" height=\"1237\" srcset=\"https:\/\/folhadosudeste.com\/site\/wp-content\/uploads\/2021\/08\/WhatsApp-Image-2021-08-26-at-10.35.54.jpeg 1242w, https:\/\/folhadosudeste.com\/site\/wp-content\/uploads\/2021\/08\/WhatsApp-Image-2021-08-26-at-10.35.54-150x150.jpeg 150w, https:\/\/folhadosudeste.com\/site\/wp-content\/uploads\/2021\/08\/WhatsApp-Image-2021-08-26-at-10.35.54-300x300.jpeg 300w, https:\/\/folhadosudeste.com\/site\/wp-content\/uploads\/2021\/08\/WhatsApp-Image-2021-08-26-at-10.35.54-768x765.jpeg 768w, https:\/\/folhadosudeste.com\/site\/wp-content\/uploads\/2021\/08\/WhatsApp-Image-2021-08-26-at-10.35.54-1024x1020.jpeg 1024w\" sizes=\"auto, (max-width: 1242px) 100vw, 1242px\" \/><\/a> <a href=\"http:\/\/folhadosudeste.com\/site\/wp-content\/uploads\/2021\/08\/WhatsApp-Image-2021-08-26-at-10.35.55.jpeg\"><img loading=\"lazy\" decoding=\"async\" class=\"alignnone size-full wp-image-77067\" src=\"http:\/\/folhadosudeste.com\/site\/wp-content\/uploads\/2021\/08\/WhatsApp-Image-2021-08-26-at-10.35.55.jpeg\" alt=\"\" width=\"1242\" height=\"1221\" srcset=\"https:\/\/folhadosudeste.com\/site\/wp-content\/uploads\/2021\/08\/WhatsApp-Image-2021-08-26-at-10.35.55.jpeg 1242w, https:\/\/folhadosudeste.com\/site\/wp-content\/uploads\/2021\/08\/WhatsApp-Image-2021-08-26-at-10.35.55-300x295.jpeg 300w, https:\/\/folhadosudeste.com\/site\/wp-content\/uploads\/2021\/08\/WhatsApp-Image-2021-08-26-at-10.35.55-768x755.jpeg 768w, https:\/\/folhadosudeste.com\/site\/wp-content\/uploads\/2021\/08\/WhatsApp-Image-2021-08-26-at-10.35.55-1024x1007.jpeg 1024w\" sizes=\"auto, (max-width: 1242px) 100vw, 1242px\" \/><\/a> <a href=\"http:\/\/folhadosudeste.com\/site\/wp-content\/uploads\/2021\/08\/WhatsApp-Image-2021-08-26-at-10.35.56.jpeg\"><img loading=\"lazy\" decoding=\"async\" class=\"alignnone  wp-image-77068\" src=\"http:\/\/folhadosudeste.com\/site\/wp-content\/uploads\/2021\/08\/WhatsApp-Image-2021-08-26-at-10.35.56.jpeg\" alt=\"\" width=\"781\" height=\"586\" srcset=\"https:\/\/folhadosudeste.com\/site\/wp-content\/uploads\/2021\/08\/WhatsApp-Image-2021-08-26-at-10.35.56.jpeg 600w, https:\/\/folhadosudeste.com\/site\/wp-content\/uploads\/2021\/08\/WhatsApp-Image-2021-08-26-at-10.35.56-300x225.jpeg 300w\" sizes=\"auto, (max-width: 781px) 100vw, 781px\" \/><\/a> <a href=\"http:\/\/folhadosudeste.com\/site\/wp-content\/uploads\/2021\/08\/WhatsApp-Image-2021-08-26-at-10.35.57.jpeg\"><img loading=\"lazy\" decoding=\"async\" class=\"alignnone  wp-image-77069\" src=\"http:\/\/folhadosudeste.com\/site\/wp-content\/uploads\/2021\/08\/WhatsApp-Image-2021-08-26-at-10.35.57.jpeg\" alt=\"\" width=\"860\" height=\"645\" srcset=\"https:\/\/folhadosudeste.com\/site\/wp-content\/uploads\/2021\/08\/WhatsApp-Image-2021-08-26-at-10.35.57.jpeg 600w, https:\/\/folhadosudeste.com\/site\/wp-content\/uploads\/2021\/08\/WhatsApp-Image-2021-08-26-at-10.35.57-300x225.jpeg 300w\" sizes=\"auto, (max-width: 860px) 100vw, 860px\" \/><\/a><\/p>\n<p style=\"text-align: justify;\">Fotos: Di\u00e1rio regional<\/p>\n","protected":false},"excerpt":{"rendered":"<p>Est\u00e1 acontecendo hoje, a vacina\u00e7\u00e3o contra COVID 19 para os jovens de 19 anos. Amanh\u00e3 sexta-feira (27) \u00e9 a vez da faixa et\u00e1ria de 18 anos. As doses ser\u00e3o aplicadas de 8 \u00e0s 11h nas Unidades B\u00e1sicas de Sa\u00fade dos bairros: Dornelas, S\u00e3o Francisco, Planalto, Primavera e Padre Tiago. Ser\u00e3o distribu\u00eddas 250 senhas em cada [&hellip;]<\/p>\n","protected":false},"author":6,"featured_media":0,"comment_status":"open","ping_status":"closed","sticky":false,"template":"","format":"standard","meta":{"_joinchat":[],"footnotes":""},"categories":[1],"tags":[],"class_list":["post-77063","post","type-post","status-publish","format-standard","hentry","category-sem-categoria"],"_links":{"self":[{"href":"https:\/\/folhadosudeste.com\/site\/index.php?rest_route=\/wp\/v2\/posts\/77063","targetHints":{"allow":["GET"]}}],"collection":[{"href":"https:\/\/folhadosudeste.com\/site\/index.php?rest_route=\/wp\/v2\/posts"}],"about":[{"href":"https:\/\/folhadosudeste.com\/site\/index.php?rest_route=\/wp\/v2\/types\/post"}],"author":[{"embeddable":true,"href":"https:\/\/folhadosudeste.com\/site\/index.php?rest_route=\/wp\/v2\/users\/6"}],"replies":[{"embeddable":true,"href":"https:\/\/folhadosudeste.com\/site\/index.php?rest_route=%2Fwp%2Fv2%2Fcomments&post=77063"}],"version-history":[{"count":1,"href":"https:\/\/folhadosudeste.com\/site\/index.php?rest_route=\/wp\/v2\/posts\/77063\/revisions"}],"predecessor-version":[{"id":77070,"href":"https:\/\/folhadosudeste.com\/site\/index.php?rest_route=\/wp\/v2\/posts\/77063\/revisions\/77070"}],"wp:attachment":[{"href":"https:\/\/folhadosudeste.com\/site\/index.php?rest_route=%2Fwp%2Fv2%2Fmedia&parent=77063"}],"wp:term":[{"taxonomy":"category","embeddable":true,"href":"https:\/\/folhadosudeste.com\/site\/index.php?rest_route=%2Fwp%2Fv2%2Fcategories&post=77063"},{"taxonomy":"post_tag","embeddable":true,"href":"https:\/\/folhadosudeste.com\/site\/index.php?rest_route=%2Fwp%2Fv2%2Ftags&post=77063"}],"curies":[{"name":"wp","href":"https:\/\/api.w.org\/{rel}","templated":true}]}}