{"id":77084,"date":"2021-08-27T10:41:46","date_gmt":"2021-08-27T10:41:46","guid":{"rendered":"http:\/\/folhadosudeste.com\/site\/?p=77084"},"modified":"2021-08-27T10:41:46","modified_gmt":"2021-08-27T10:41:46","slug":"feira-agroecologica-de-muriae-e-referencia-em-produtos-sem-agrotoxicos","status":"publish","type":"post","link":"https:\/\/folhadosudeste.com\/site\/?p=77084","title":{"rendered":"Feira Agroecol\u00f3gica de Muria\u00e9 \u00e9 refer\u00eancia em produtos sem agrot\u00f3xicos"},"content":{"rendered":"<p><a href=\"http:\/\/folhadosudeste.com\/site\/wp-content\/uploads\/2021\/08\/WhatsApp-Image-2021-08-26-at-23.51.33.jpeg\"><img loading=\"lazy\" decoding=\"async\" class=\"alignnone size-full wp-image-77085\" src=\"http:\/\/folhadosudeste.com\/site\/wp-content\/uploads\/2021\/08\/WhatsApp-Image-2021-08-26-at-23.51.33.jpeg\" alt=\"\" width=\"1024\" height=\"768\" srcset=\"https:\/\/folhadosudeste.com\/site\/wp-content\/uploads\/2021\/08\/WhatsApp-Image-2021-08-26-at-23.51.33.jpeg 1024w, https:\/\/folhadosudeste.com\/site\/wp-content\/uploads\/2021\/08\/WhatsApp-Image-2021-08-26-at-23.51.33-300x225.jpeg 300w, https:\/\/folhadosudeste.com\/site\/wp-content\/uploads\/2021\/08\/WhatsApp-Image-2021-08-26-at-23.51.33-768x576.jpeg 768w\" sizes=\"auto, (max-width: 1024px) 100vw, 1024px\" \/><\/a><\/p>\n<p style=\"text-align: justify;\">Toda semana, nas manh\u00e3s de quarta-feira, de 6 as 10 horas, a Pra\u00e7a Carlos Drumond de Andrade, a Pracinha do Trabalhador, na Barra, recebe a Feira Agroecol\u00f3gica, uma oportunidade para os muriaeenses comprarem o que h\u00e1 de melhor nos produtos naturais e saud\u00e1veis da nossa regi\u00e3o. Fruto da Rede Sabor e Sa\u00fade da Serra, por meio de uma a\u00e7\u00e3o desenvolvida pela Cooperativa dos Produtores da Agricultura Familiar Solid\u00e1ria (COOPAF) e o N\u00facleo de Estudos em Agroecologia Puri (NEAP) do IF Sudeste MG Campus Muria\u00e9, tendo o apoio da EMATER, do Sindicato dos Trabalhadores Rurais, CEIFAR-ZM, Prefeitura de Muria\u00e9 e demais parceiros , a feira agroecol\u00f3gica que inicialmente funcionava no estacionamento da Matriz Nossa Senhora da Concei\u00e7\u00e3o, existe desde 2018 e, oferece al\u00e9m de legumes ,verduras, frutas, cereais, ovos ,uma grande variedade de p\u00e3es, broas, biscoitos e outros produtos caseiros e artesanais.<\/p>\n<p style=\"text-align: justify;\"><!--more--><br \/>\nO agricultor Adair Rodrigues da Fonseca, mais conhecido como Adair Mendes, em entrevista ao Jornal Folha do Sudeste, falou sobre seu compromisso com os consumidores. &#8220;T\u00ednhamos parado por causa da pandemia, mas agora retornamos, nosso objetivo \u00e9 atender os consumidores que querem um produto mais saud\u00e1vel, cultivados junto \u00e0s nossas fam\u00edlias. Temos dois princ\u00edpios b\u00e1sicos: vendemos o que \u00e9 produzido por n\u00f3s mesmos, e sem o uso de agrot\u00f3xicos. Come\u00e7amos o trabalho com cerca de vinte fam\u00edlias, nos capacitamos atrav\u00e9s do Curso de Pr\u00e1ticas de Produ\u00e7\u00e3o Agroecol\u00f3gica, participamos de v\u00e1rios interc\u00e2mbios, reuni\u00f5es. Somos muito unidos, e essa uni\u00e3o \u00e9 uma marca da nossa feira&#8221;, disse. Ele ainda aproveitou a oportunidade para reafirmar o compromisso dos produtores com o meio ambiente e agradecer a todos que prestigiam a feira semanalmente. &#8220;Agradecemos muito aos consumidores pelo sucesso. As pessoas t\u00eam vindo, elogiado e comprado muito. E quem quiser pode ir at\u00e9 o nosso s\u00edtio para conhecer a propriedade e o cuidado que temos com a natureza, a \u00e1gua e o meio ambiente&#8221;, finalizou.<br \/>\nA agricultora Regina de Oliveira Cunha Prado, tamb\u00e9m deu entrevista e frisou que s\u00e3o vendidos produtos para os mais variados gostos. &#8220;Al\u00e9m dos alimentos saud\u00e1veis e sem agrot\u00f3xicos, tamb\u00e9m temos produtos caseiros e de qualidade, alguns sem a\u00e7\u00facar, farinha, gl\u00faten e lactose, para atender o p\u00fablico que n\u00e3o pode consumir esses ingredientes&#8221;, contou.<br \/>\nVale lembrar que, al\u00e9m da feira presencial, o consumidor pode receber seus produtos na comodidade de sua casa as quartas feiras atrav\u00e9s da entrega delivery. A lista dos produtos \u00e9 disponibilizada na plataforma \u00e0s sextas-feiras, ficando aberto para os consumidores fazerem seus pedidos at\u00e9 segunda de manh\u00e3, atrav\u00e9s do link https:\/\/openfoodbrasil.com.br\/feira-agroecologica-delivery-de-muriae\/shop<\/p>\n<p style=\"text-align: justify;\">Facebook: Feira Agroecologica Muriae<br \/>\nInstagram: @feiraagroecologicamuriae<br \/>\nEmail: feiraagroecologica18@gmail.com<\/p>\n<p><a href=\"http:\/\/folhadosudeste.com\/site\/wp-content\/uploads\/2021\/08\/WhatsApp-Image-2021-08-26-at-23.51.33-1.jpeg\"><img loading=\"lazy\" decoding=\"async\" class=\"alignnone size-full wp-image-77086\" src=\"http:\/\/folhadosudeste.com\/site\/wp-content\/uploads\/2021\/08\/WhatsApp-Image-2021-08-26-at-23.51.33-1.jpeg\" alt=\"\" width=\"1024\" height=\"768\" srcset=\"https:\/\/folhadosudeste.com\/site\/wp-content\/uploads\/2021\/08\/WhatsApp-Image-2021-08-26-at-23.51.33-1.jpeg 1024w, https:\/\/folhadosudeste.com\/site\/wp-content\/uploads\/2021\/08\/WhatsApp-Image-2021-08-26-at-23.51.33-1-300x225.jpeg 300w, https:\/\/folhadosudeste.com\/site\/wp-content\/uploads\/2021\/08\/WhatsApp-Image-2021-08-26-at-23.51.33-1-768x576.jpeg 768w\" sizes=\"auto, (max-width: 1024px) 100vw, 1024px\" \/><\/a> <a href=\"http:\/\/folhadosudeste.com\/site\/wp-content\/uploads\/2021\/08\/WhatsApp-Image-2021-08-26-at-23.51.33-2.jpeg\"><img loading=\"lazy\" decoding=\"async\" class=\"alignnone size-full wp-image-77087\" src=\"http:\/\/folhadosudeste.com\/site\/wp-content\/uploads\/2021\/08\/WhatsApp-Image-2021-08-26-at-23.51.33-2.jpeg\" alt=\"\" width=\"1024\" height=\"768\" srcset=\"https:\/\/folhadosudeste.com\/site\/wp-content\/uploads\/2021\/08\/WhatsApp-Image-2021-08-26-at-23.51.33-2.jpeg 1024w, https:\/\/folhadosudeste.com\/site\/wp-content\/uploads\/2021\/08\/WhatsApp-Image-2021-08-26-at-23.51.33-2-300x225.jpeg 300w, https:\/\/folhadosudeste.com\/site\/wp-content\/uploads\/2021\/08\/WhatsApp-Image-2021-08-26-at-23.51.33-2-768x576.jpeg 768w\" sizes=\"auto, (max-width: 1024px) 100vw, 1024px\" \/><\/a> <a href=\"http:\/\/folhadosudeste.com\/site\/wp-content\/uploads\/2021\/08\/WhatsApp-Image-2021-08-26-at-23.51.34.jpeg\"><img loading=\"lazy\" decoding=\"async\" class=\"alignnone size-full wp-image-77088\" src=\"http:\/\/folhadosudeste.com\/site\/wp-content\/uploads\/2021\/08\/WhatsApp-Image-2021-08-26-at-23.51.34.jpeg\" alt=\"\" width=\"768\" height=\"1024\" srcset=\"https:\/\/folhadosudeste.com\/site\/wp-content\/uploads\/2021\/08\/WhatsApp-Image-2021-08-26-at-23.51.34.jpeg 768w, https:\/\/folhadosudeste.com\/site\/wp-content\/uploads\/2021\/08\/WhatsApp-Image-2021-08-26-at-23.51.34-225x300.jpeg 225w\" sizes=\"auto, (max-width: 768px) 100vw, 768px\" \/><\/a> <a href=\"http:\/\/folhadosudeste.com\/site\/wp-content\/uploads\/2021\/08\/WhatsApp-Image-2021-08-26-at-23.53.11.jpeg\"><img loading=\"lazy\" decoding=\"async\" class=\"alignnone size-full wp-image-77089\" src=\"http:\/\/folhadosudeste.com\/site\/wp-content\/uploads\/2021\/08\/WhatsApp-Image-2021-08-26-at-23.53.11.jpeg\" alt=\"\" width=\"768\" height=\"1024\" srcset=\"https:\/\/folhadosudeste.com\/site\/wp-content\/uploads\/2021\/08\/WhatsApp-Image-2021-08-26-at-23.53.11.jpeg 768w, https:\/\/folhadosudeste.com\/site\/wp-content\/uploads\/2021\/08\/WhatsApp-Image-2021-08-26-at-23.53.11-225x300.jpeg 225w\" sizes=\"auto, (max-width: 768px) 100vw, 768px\" \/><\/a> <a href=\"http:\/\/folhadosudeste.com\/site\/wp-content\/uploads\/2021\/08\/WhatsApp-Image-2021-08-26-at-23.53.52.jpeg\"><img loading=\"lazy\" decoding=\"async\" class=\"alignnone size-full wp-image-77090\" src=\"http:\/\/folhadosudeste.com\/site\/wp-content\/uploads\/2021\/08\/WhatsApp-Image-2021-08-26-at-23.53.52.jpeg\" alt=\"\" width=\"1024\" height=\"768\" srcset=\"https:\/\/folhadosudeste.com\/site\/wp-content\/uploads\/2021\/08\/WhatsApp-Image-2021-08-26-at-23.53.52.jpeg 1024w, https:\/\/folhadosudeste.com\/site\/wp-content\/uploads\/2021\/08\/WhatsApp-Image-2021-08-26-at-23.53.52-300x225.jpeg 300w, https:\/\/folhadosudeste.com\/site\/wp-content\/uploads\/2021\/08\/WhatsApp-Image-2021-08-26-at-23.53.52-768x576.jpeg 768w\" sizes=\"auto, (max-width: 1024px) 100vw, 1024px\" \/><\/a> <a href=\"http:\/\/folhadosudeste.com\/site\/wp-content\/uploads\/2021\/08\/WhatsApp-Image-2021-08-26-at-23.54.04.jpeg\"><img loading=\"lazy\" decoding=\"async\" class=\"alignnone size-full wp-image-77091\" src=\"http:\/\/folhadosudeste.com\/site\/wp-content\/uploads\/2021\/08\/WhatsApp-Image-2021-08-26-at-23.54.04.jpeg\" alt=\"\" width=\"1024\" height=\"768\" srcset=\"https:\/\/folhadosudeste.com\/site\/wp-content\/uploads\/2021\/08\/WhatsApp-Image-2021-08-26-at-23.54.04.jpeg 1024w, https:\/\/folhadosudeste.com\/site\/wp-content\/uploads\/2021\/08\/WhatsApp-Image-2021-08-26-at-23.54.04-300x225.jpeg 300w, https:\/\/folhadosudeste.com\/site\/wp-content\/uploads\/2021\/08\/WhatsApp-Image-2021-08-26-at-23.54.04-768x576.jpeg 768w\" sizes=\"auto, (max-width: 1024px) 100vw, 1024px\" \/><\/a> <a href=\"http:\/\/folhadosudeste.com\/site\/wp-content\/uploads\/2021\/08\/WhatsApp-Image-2021-08-26-at-23.54.41.jpeg\"><img loading=\"lazy\" decoding=\"async\" class=\"alignnone size-full wp-image-77092\" src=\"http:\/\/folhadosudeste.com\/site\/wp-content\/uploads\/2021\/08\/WhatsApp-Image-2021-08-26-at-23.54.41.jpeg\" alt=\"\" width=\"1024\" height=\"768\" srcset=\"https:\/\/folhadosudeste.com\/site\/wp-content\/uploads\/2021\/08\/WhatsApp-Image-2021-08-26-at-23.54.41.jpeg 1024w, https:\/\/folhadosudeste.com\/site\/wp-content\/uploads\/2021\/08\/WhatsApp-Image-2021-08-26-at-23.54.41-300x225.jpeg 300w, https:\/\/folhadosudeste.com\/site\/wp-content\/uploads\/2021\/08\/WhatsApp-Image-2021-08-26-at-23.54.41-768x576.jpeg 768w\" sizes=\"auto, (max-width: 1024px) 100vw, 1024px\" \/><\/a><\/p>\n","protected":false},"excerpt":{"rendered":"<p>Toda semana, nas manh\u00e3s de quarta-feira, de 6 as 10 horas, a Pra\u00e7a Carlos Drumond de Andrade, a Pracinha do Trabalhador, na Barra, recebe a Feira Agroecol\u00f3gica, uma oportunidade para os muriaeenses comprarem o que h\u00e1 de melhor nos produtos naturais e saud\u00e1veis da nossa regi\u00e3o. Fruto da Rede Sabor e Sa\u00fade da Serra, por [&hellip;]<\/p>\n","protected":false},"author":6,"featured_media":0,"comment_status":"open","ping_status":"closed","sticky":false,"template":"","format":"standard","meta":{"_joinchat":[],"footnotes":""},"categories":[1],"tags":[],"class_list":["post-77084","post","type-post","status-publish","format-standard","hentry","category-sem-categoria"],"_links":{"self":[{"href":"https:\/\/folhadosudeste.com\/site\/index.php?rest_route=\/wp\/v2\/posts\/77084","targetHints":{"allow":["GET"]}}],"collection":[{"href":"https:\/\/folhadosudeste.com\/site\/index.php?rest_route=\/wp\/v2\/posts"}],"about":[{"href":"https:\/\/folhadosudeste.com\/site\/index.php?rest_route=\/wp\/v2\/types\/post"}],"author":[{"embeddable":true,"href":"https:\/\/folhadosudeste.com\/site\/index.php?rest_route=\/wp\/v2\/users\/6"}],"replies":[{"embeddable":true,"href":"https:\/\/folhadosudeste.com\/site\/index.php?rest_route=%2Fwp%2Fv2%2Fcomments&post=77084"}],"version-history":[{"count":1,"href":"https:\/\/folhadosudeste.com\/site\/index.php?rest_route=\/wp\/v2\/posts\/77084\/revisions"}],"predecessor-version":[{"id":77093,"href":"https:\/\/folhadosudeste.com\/site\/index.php?rest_route=\/wp\/v2\/posts\/77084\/revisions\/77093"}],"wp:attachment":[{"href":"https:\/\/folhadosudeste.com\/site\/index.php?rest_route=%2Fwp%2Fv2%2Fmedia&parent=77084"}],"wp:term":[{"taxonomy":"category","embeddable":true,"href":"https:\/\/folhadosudeste.com\/site\/index.php?rest_route=%2Fwp%2Fv2%2Fcategories&post=77084"},{"taxonomy":"post_tag","embeddable":true,"href":"https:\/\/folhadosudeste.com\/site\/index.php?rest_route=%2Fwp%2Fv2%2Ftags&post=77084"}],"curies":[{"name":"wp","href":"https:\/\/api.w.org\/{rel}","templated":true}]}}