{"id":77097,"date":"2021-08-28T04:13:00","date_gmt":"2021-08-28T04:13:00","guid":{"rendered":"http:\/\/folhadosudeste.com\/site\/?p=77097"},"modified":"2021-08-28T04:13:00","modified_gmt":"2021-08-28T04:13:00","slug":"muriae-tera-vacinacao-de-2a-dose-e-repescagem-neste-sabado","status":"publish","type":"post","link":"https:\/\/folhadosudeste.com\/site\/?p=77097","title":{"rendered":"Muria\u00e9 ter\u00e1 vacina\u00e7\u00e3o de 2\u00aa dose e repescagem neste s\u00e1bado"},"content":{"rendered":"<div><a href=\"http:\/\/folhadosudeste.com\/site\/wp-content\/uploads\/2021\/08\/getty.jpg\"><img loading=\"lazy\" decoding=\"async\" class=\"alignnone size-full wp-image-77098\" src=\"http:\/\/folhadosudeste.com\/site\/wp-content\/uploads\/2021\/08\/getty.jpg\" alt=\"\" width=\"984\" height=\"554\" srcset=\"https:\/\/folhadosudeste.com\/site\/wp-content\/uploads\/2021\/08\/getty.jpg 984w, https:\/\/folhadosudeste.com\/site\/wp-content\/uploads\/2021\/08\/getty-300x169.jpg 300w, https:\/\/folhadosudeste.com\/site\/wp-content\/uploads\/2021\/08\/getty-768x432.jpg 768w\" sizes=\"auto, (max-width: 984px) 100vw, 984px\" \/><\/a><\/div>\n<div style=\"text-align: justify;\">O s\u00e1bado ser\u00e1 de vacina\u00e7\u00e3o contra covid-19 em Muria\u00e9. Ap\u00f3s concluir a aplica\u00e7\u00e3o de primeira dose para toda a popula\u00e7\u00e3o adulta, a Prefeitura (atrav\u00e9s da Secretaria Municipal de Sa\u00fade), concentra esfor\u00e7os agora na aplica\u00e7\u00e3o da segunda dose da Astrazeneca.<\/div>\n<div style=\"text-align: justify;\">&nbsp;<\/div>\n<div style=\"text-align: justify;\">O atendimento ser\u00e1 das 8h \u00e0s 11h, somente na UBS do bairro S\u00e3o Francisco, com limita\u00e7\u00e3o para mil pessoas &#8211; o equivalente \u00e0 quantidade de doses dispon\u00edveis no momento.<\/div>\n<div style=\"text-align: justify;\">&nbsp;<\/div>\n<div style=\"text-align: justify;\">Poder\u00e3o se vacinar as pessoas que est\u00e3o com a segunda dose atrasada. Quem estiver com cart\u00e3o de vacinas indicando agendamento at\u00e9 30 de agosto tamb\u00e9m poder\u00e1 comparecer para receber o imunizante.<\/div>\n<p style=\"text-align: justify;\"><!--more--><\/p>\n<div style=\"text-align: justify;\">Repescagem &#8211; Paralelamente, tamb\u00e9m vai acontecer repescagem da primeira dose para todas as pessoas com idade a partir de 18 anos que ainda n\u00e3o tenham se vacinado. O atendimento ser\u00e1 no mesmo local e hor\u00e1rio: na UBS S\u00e3o Francisco, das 8h \u00e0s 14h.<\/div>\n<div style=\"text-align: justify;\">&nbsp;<\/div>\n<div style=\"text-align: justify;\">Redu\u00e7\u00e3o de faixa et\u00e1ria &#8211; Apesar de j\u00e1 ter conclu\u00eddo todos os p\u00fablicos a partir de 18 anos, a redu\u00e7\u00e3o de idade para aplica\u00e7\u00e3o de primeira dose junto aos adolescentes ainda n\u00e3o tem previs\u00e3o para acontecer.&nbsp;<\/div>\n<div style=\"text-align: justify;\">&nbsp;<\/div>\n<div style=\"text-align: justify;\">A Prefeitura aguarda autoriza\u00e7\u00e3o do Minist\u00e9rio da Sa\u00fade, da Secretaria de Estado da Sa\u00fade e tamb\u00e9m da Regional de Sa\u00fade para iniciar a imuniza\u00e7\u00e3o das pessoas de 17 anos ou menos.<\/div>\n<div style=\"text-align: justify;\">&nbsp;<\/div>\n<div style=\"text-align: justify;\">Vacina\u00e7\u00e3o &#8211; 2\u00aa dose de Astrazeneca<\/div>\n<div style=\"text-align: justify;\">P\u00fablico: pessoas com data da segunda dose agendada para at\u00e9 30\/08 (limitado a mil pessoas)<\/div>\n<div style=\"text-align: justify;\">Local: UBS S\u00e3o Francisco<\/div>\n<div style=\"text-align: justify;\">Hor\u00e1rio: das 8h \u00e0s 14h<br \/>\nDocumentos: RG \/ CPF e cart\u00e3o de vacinas<\/div>\n<div style=\"text-align: justify;\">&nbsp;<\/div>\n<div style=\"text-align: justify;\">Vacina\u00e7\u00e3o &#8211; Repescagem da 1\u00aa dose<\/div>\n<div style=\"text-align: justify;\">P\u00fablico: qualquer pessoa com idade&nbsp; a partir de 18 anos que ainda n\u00e3o se vacinou<\/div>\n<div>\n<div style=\"text-align: justify;\">Local: UBS S\u00e3o Francisco<\/div>\n<div style=\"text-align: justify;\">Hor\u00e1rio: das 8h \u00e0s 14h<br \/>\nDocumentos: RG \/ CPF<\/div>\n<\/div>\n","protected":false},"excerpt":{"rendered":"<p>O s\u00e1bado ser\u00e1 de vacina\u00e7\u00e3o contra covid-19 em Muria\u00e9. Ap\u00f3s concluir a aplica\u00e7\u00e3o de primeira dose para toda a popula\u00e7\u00e3o adulta, a Prefeitura (atrav\u00e9s da Secretaria Municipal de Sa\u00fade), concentra esfor\u00e7os agora na aplica\u00e7\u00e3o da segunda dose da Astrazeneca. &nbsp; O atendimento ser\u00e1 das 8h \u00e0s 11h, somente na UBS do bairro S\u00e3o Francisco, com [&hellip;]<\/p>\n","protected":false},"author":6,"featured_media":0,"comment_status":"open","ping_status":"closed","sticky":false,"template":"","format":"standard","meta":{"_joinchat":[],"footnotes":""},"categories":[1],"tags":[],"class_list":["post-77097","post","type-post","status-publish","format-standard","hentry","category-sem-categoria"],"_links":{"self":[{"href":"https:\/\/folhadosudeste.com\/site\/index.php?rest_route=\/wp\/v2\/posts\/77097","targetHints":{"allow":["GET"]}}],"collection":[{"href":"https:\/\/folhadosudeste.com\/site\/index.php?rest_route=\/wp\/v2\/posts"}],"about":[{"href":"https:\/\/folhadosudeste.com\/site\/index.php?rest_route=\/wp\/v2\/types\/post"}],"author":[{"embeddable":true,"href":"https:\/\/folhadosudeste.com\/site\/index.php?rest_route=\/wp\/v2\/users\/6"}],"replies":[{"embeddable":true,"href":"https:\/\/folhadosudeste.com\/site\/index.php?rest_route=%2Fwp%2Fv2%2Fcomments&post=77097"}],"version-history":[{"count":1,"href":"https:\/\/folhadosudeste.com\/site\/index.php?rest_route=\/wp\/v2\/posts\/77097\/revisions"}],"predecessor-version":[{"id":77099,"href":"https:\/\/folhadosudeste.com\/site\/index.php?rest_route=\/wp\/v2\/posts\/77097\/revisions\/77099"}],"wp:attachment":[{"href":"https:\/\/folhadosudeste.com\/site\/index.php?rest_route=%2Fwp%2Fv2%2Fmedia&parent=77097"}],"wp:term":[{"taxonomy":"category","embeddable":true,"href":"https:\/\/folhadosudeste.com\/site\/index.php?rest_route=%2Fwp%2Fv2%2Fcategories&post=77097"},{"taxonomy":"post_tag","embeddable":true,"href":"https:\/\/folhadosudeste.com\/site\/index.php?rest_route=%2Fwp%2Fv2%2Ftags&post=77097"}],"curies":[{"name":"wp","href":"https:\/\/api.w.org\/{rel}","templated":true}]}}