{"id":77102,"date":"2021-08-30T13:50:09","date_gmt":"2021-08-30T13:50:09","guid":{"rendered":"http:\/\/folhadosudeste.com\/site\/?p=77102"},"modified":"2021-08-30T13:50:09","modified_gmt":"2021-08-30T13:50:09","slug":"comunicado-sobre-solenidade-do-dia-do-muriaeense","status":"publish","type":"post","link":"https:\/\/folhadosudeste.com\/site\/?p=77102","title":{"rendered":"COMUNICADO SOBRE SOLENIDADE DO DIA DO MURIAEENSE"},"content":{"rendered":"<p><a href=\"http:\/\/folhadosudeste.com\/site\/wp-content\/uploads\/2021\/08\/WhatsApp-Image-2021-08-30-at-10.15.24.jpeg\"><img loading=\"lazy\" decoding=\"async\" class=\"alignnone size-full wp-image-77103\" src=\"http:\/\/folhadosudeste.com\/site\/wp-content\/uploads\/2021\/08\/WhatsApp-Image-2021-08-30-at-10.15.24.jpeg\" alt=\"\" width=\"1080\" height=\"1080\" srcset=\"https:\/\/folhadosudeste.com\/site\/wp-content\/uploads\/2021\/08\/WhatsApp-Image-2021-08-30-at-10.15.24.jpeg 1080w, https:\/\/folhadosudeste.com\/site\/wp-content\/uploads\/2021\/08\/WhatsApp-Image-2021-08-30-at-10.15.24-150x150.jpeg 150w, https:\/\/folhadosudeste.com\/site\/wp-content\/uploads\/2021\/08\/WhatsApp-Image-2021-08-30-at-10.15.24-300x300.jpeg 300w, https:\/\/folhadosudeste.com\/site\/wp-content\/uploads\/2021\/08\/WhatsApp-Image-2021-08-30-at-10.15.24-768x768.jpeg 768w, https:\/\/folhadosudeste.com\/site\/wp-content\/uploads\/2021\/08\/WhatsApp-Image-2021-08-30-at-10.15.24-1024x1024.jpeg 1024w\" sizes=\"auto, (max-width: 1080px) 100vw, 1080px\" \/><\/a><\/p>\n<p style=\"text-align: justify;\">Em raz\u00e3o da pandemia do coronav\u00edrus e de cidades vizinhas j\u00e1 terem confirmado casos da variante delta, a C\u00e2mara Municipal de Muria\u00e9 informa que neste ano n\u00e3o acontecer\u00e1 a Cerim\u00f4nia de Outorga de T\u00edtulos de Cidadania Honor\u00e1ria, Honra ao M\u00e9rito, M\u00e9rito Legislativo e Comenda Martins da Costa, tradicionalmente realizada anualmente como evento de abertura das comemora\u00e7\u00f5es do Dia do Muriaeense (6 de setembro).<\/p>\n<p style=\"text-align: justify;\">A suspens\u00e3o do evento tem como objetivo evitar aglomera\u00e7\u00f5es e, por conseguinte, a prolifera\u00e7\u00e3o do coronav\u00edrus, preservando a sa\u00fade do p\u00fablico que estaria presente na solenidade.<\/p>\n","protected":false},"excerpt":{"rendered":"<p>Em raz\u00e3o da pandemia do coronav\u00edrus e de cidades vizinhas j\u00e1 terem confirmado casos da variante delta, a C\u00e2mara Municipal de Muria\u00e9 informa que neste ano n\u00e3o acontecer\u00e1 a Cerim\u00f4nia de Outorga de T\u00edtulos de Cidadania Honor\u00e1ria, Honra ao M\u00e9rito, M\u00e9rito Legislativo e Comenda Martins da Costa, tradicionalmente realizada anualmente como evento de abertura das [&hellip;]<\/p>\n","protected":false},"author":6,"featured_media":0,"comment_status":"open","ping_status":"closed","sticky":false,"template":"","format":"standard","meta":{"_joinchat":[],"footnotes":""},"categories":[1],"tags":[],"class_list":["post-77102","post","type-post","status-publish","format-standard","hentry","category-sem-categoria"],"_links":{"self":[{"href":"https:\/\/folhadosudeste.com\/site\/index.php?rest_route=\/wp\/v2\/posts\/77102","targetHints":{"allow":["GET"]}}],"collection":[{"href":"https:\/\/folhadosudeste.com\/site\/index.php?rest_route=\/wp\/v2\/posts"}],"about":[{"href":"https:\/\/folhadosudeste.com\/site\/index.php?rest_route=\/wp\/v2\/types\/post"}],"author":[{"embeddable":true,"href":"https:\/\/folhadosudeste.com\/site\/index.php?rest_route=\/wp\/v2\/users\/6"}],"replies":[{"embeddable":true,"href":"https:\/\/folhadosudeste.com\/site\/index.php?rest_route=%2Fwp%2Fv2%2Fcomments&post=77102"}],"version-history":[{"count":1,"href":"https:\/\/folhadosudeste.com\/site\/index.php?rest_route=\/wp\/v2\/posts\/77102\/revisions"}],"predecessor-version":[{"id":77104,"href":"https:\/\/folhadosudeste.com\/site\/index.php?rest_route=\/wp\/v2\/posts\/77102\/revisions\/77104"}],"wp:attachment":[{"href":"https:\/\/folhadosudeste.com\/site\/index.php?rest_route=%2Fwp%2Fv2%2Fmedia&parent=77102"}],"wp:term":[{"taxonomy":"category","embeddable":true,"href":"https:\/\/folhadosudeste.com\/site\/index.php?rest_route=%2Fwp%2Fv2%2Fcategories&post=77102"},{"taxonomy":"post_tag","embeddable":true,"href":"https:\/\/folhadosudeste.com\/site\/index.php?rest_route=%2Fwp%2Fv2%2Ftags&post=77102"}],"curies":[{"name":"wp","href":"https:\/\/api.w.org\/{rel}","templated":true}]}}