{"id":77107,"date":"2021-08-30T14:49:08","date_gmt":"2021-08-30T14:49:08","guid":{"rendered":"http:\/\/folhadosudeste.com\/site\/?p=77107"},"modified":"2021-08-30T14:49:08","modified_gmt":"2021-08-30T14:49:08","slug":"energisa-inicia-selecao-de-projetos-para-melhoria-de-eficiencia-energetica-em-minas-inscricoes-ja-podem-ser-feitas-e-vao-ate-22-de-outubro","status":"publish","type":"post","link":"https:\/\/folhadosudeste.com\/site\/?p=77107","title":{"rendered":"Energisa inicia sele\u00e7\u00e3o de projetos para melhoria de efici\u00eancia energ\u00e9tica em Minas: inscri\u00e7\u00f5es j\u00e1 podem ser feitas e v\u00e3o at\u00e9 22 de outubro"},"content":{"rendered":"<p style=\"text-align: justify;\"><a href=\"http:\/\/folhadosudeste.com\/site\/wp-content\/uploads\/2021\/08\/image16536.png\"><img loading=\"lazy\" decoding=\"async\" class=\"alignnone size-full wp-image-77109\" src=\"http:\/\/folhadosudeste.com\/site\/wp-content\/uploads\/2021\/08\/image16536.png\" alt=\"\" width=\"811\" height=\"618\" srcset=\"https:\/\/folhadosudeste.com\/site\/wp-content\/uploads\/2021\/08\/image16536.png 811w, https:\/\/folhadosudeste.com\/site\/wp-content\/uploads\/2021\/08\/image16536-300x229.png 300w, https:\/\/folhadosudeste.com\/site\/wp-content\/uploads\/2021\/08\/image16536-768x585.png 768w\" sizes=\"auto, (max-width: 811px) 100vw, 811px\" \/><\/a><\/p>\n<p style=\"text-align: justify;\"><i><i>O investimento na \u00e1rea de concess\u00e3o da Energisa em Minas Gerais ser\u00e1 de&nbsp;<a name=\"m_6281640196037248406__Hlk80202889\"><\/a>R$&nbsp;900 mil.<\/i><\/i><\/p>\n<p style=\"font-weight: 400; text-align: justify;\">A Energisa inicia a Chamada P\u00fablica 2021 de projetos do Programa de Efici\u00eancia Energ\u00e9tica (PEE). As inscri\u00e7\u00f5es j\u00e1 podem ser feitas e v\u00e3o at\u00e9 22 de outubro. A iniciativa tem o objetivo de promover o uso eficiente da energia el\u00e9trica por meio de projetos inovadores em nove estados onde a empresa atua em distribui\u00e7\u00e3o, incluindo Minas Gerais. O envio de propostas e acesso aos editais \u00e9 por meio deste link:&nbsp;<a href=\"http:\/\/energisa.gestaocpp.com.br\/\" data-saferedirecturl=\"https:\/\/www.google.com\/url?q=http:\/\/energisa.gestaocpp.com.br&amp;source=gmail&amp;ust=1630420935168000&amp;usg=AFQjCNGrhz70LsOh7Q9J1e-brxZjZNQ0qg\">http:\/\/energisa.gestaocpp.com.br<\/a>&nbsp;As propostas devem observar as regras e prazo contidos no edital e s\u00e3o voltadas para governos estadual e municipal, com\u00e9rcio, ilumina\u00e7\u00e3o p\u00fablica e ind\u00fastria.<\/p>\n<p style=\"font-weight: 400; text-align: justify;\"><!--more--><\/p>\n<p style=\"font-weight: 400; text-align: justify;\">Este ano, o Grupo Energisa tem a estimativa de investir cerca de R$ 27 milh\u00f5es para a execu\u00e7\u00e3o de projetos nas distribuidoras inclu\u00eddas no edital. Aqui em Minas Gerais, o investimento ser\u00e1 de R$ 900 mil. Os interessados em participar podem obter mais informa\u00e7\u00f5es na&nbsp;<em>live<\/em>&nbsp;que ser\u00e1 transmitida nesta quarta-feira, 1\u00ba de setembro, \u00e0s 10h30 (hor\u00e1rio de Bras\u00edlia), pelo link&nbsp;<a href=\"https:\/\/bitlybr.com\/EVRCxMsC\" data-saferedirecturl=\"https:\/\/www.google.com\/url?q=https:\/\/bitlybr.com\/EVRCxMsC&amp;source=gmail&amp;ust=1630420935169000&amp;usg=AFQjCNEtS6atQOPmMwmm2Mt435TQ1Jd2tQ\">https:\/\/bitlybr.com\/EVRCxMsC<\/a>. O PEE \u00e9 aberto para os clientes atendidos pela \u00e1rea de concess\u00e3o dos estados das distribuidoras participantes dessa chamada p\u00fablica. A sele\u00e7\u00e3o dos projetos aprovados ser\u00e1 anunciada em 20 de dezembro.&nbsp;O Programa de Efici\u00eancia Energ\u00e9tica \u00e9 regulado pela Ag\u00eancia Nacional de Energia El\u00e9trica (ANEEL).<\/p>\n<p style=\"font-weight: 400; text-align: justify;\">&nbsp;<\/p>\n<p style=\"font-weight: 400; text-align: justify;\">Os investimentos s\u00e3o em projetos que geram economia de energia el\u00e9trica para diversos setores da sociedade com a ado\u00e7\u00e3o de novas tecnologias, processos e usos.&nbsp;Est\u00e3o em execu\u00e7\u00e3o neste ano, por exemplo, sete projetos que foram selecionados pela Chamada P\u00fablica de 2020: ilumina\u00e7\u00e3o p\u00fablica em Ros\u00e1rio da Limeira, Laranjal e Pira\u00faba, a\u00e7\u00f5es de eficientiza\u00e7\u00e3o em duas escolas estaduais de Cataguases e nas escolas municipais de Erv\u00e1lia, al\u00e9m do Hospital Cristiano Varella de Muria\u00e9.&nbsp;Um investimento de R$ 1,3 milh\u00e3o que vai contribuir para a melhoria da qualidade de vida dos moradores e o desenvolvimento das comunidades onde est\u00e1 presente.&nbsp;<\/p>\n<p style=\"font-weight: 400; text-align: justify;\">&nbsp;<\/p>\n<p style=\"font-weight: 400; text-align: justify;\">\u201cInvestimos em projetos que melhoram a qualidade de vida das pessoas e trazem benef\u00edcios para a comunidade. Entre os principais exemplos j\u00e1 desenvolvidos destacam-se melhorias para a ilumina\u00e7\u00e3o p\u00fablica, troca de equipamentos e instala\u00e7\u00e3o de sistema de gera\u00e7\u00e3o fotovoltaica em institui\u00e7\u00f5es sociais, educacionais e pr\u00e9dios p\u00fablicos. Temos o compromisso em fazer com que o uso da energia el\u00e9trica seja de forma consciente e respons\u00e1vel com o meio ambiente\u201d, explica do diretor T\u00e9cnico da Energisa Minas Gerais Fabio Lancelotti.<\/p>\n<p style=\"font-weight: 400; text-align: justify;\">&nbsp;<\/p>\n<p style=\"font-weight: 400; text-align: justify;\"><strong>Sobre a Energisa<\/strong><\/p>\n<p style=\"font-weight: 400; text-align: justify;\">Com 116 anos de hist\u00f3ria, o&nbsp;Grupo Energisa \u00e9 o maior privado do setor el\u00e9trico com capital nacional&nbsp;e o tamb\u00e9m o maior na Amaz\u00f4nia Legal. Uma das primeiras empresas a abrir capital no Brasil, a companhia controla 11 distribuidoras em Minas Gerais, Para\u00edba, Rio de Janeiro, Sergipe, Mato Grosso, Mato Grosso do Sul, Tocantins, S\u00e3o Paulo, Paran\u00e1, Rond\u00f4nia e Acre. Com receita l\u00edquida anual de R$ 18 bilh\u00f5es (2020), o Grupo atende a 8 milh\u00f5es de clientes (o que representa uma popula\u00e7\u00e3o atendida de mais de 20 milh\u00f5es de pessoas) em 862 munic\u00edpios de todas as regi\u00f5es do Brasil, al\u00e9m de gerar cerca de 20 mil empregos diretos e indiretos.<\/p>\n<p style=\"font-weight: 400; text-align: justify;\">&nbsp;<\/p>\n<p style=\"font-weight: 400; text-align: justify;\">Com a miss\u00e3o de transformar energia em conforto, desenvolvimento e oportunidades de forma sustent\u00e1vel, respons\u00e1vel e \u00e9tica, a Energisa atua com um portf\u00f3lio diversificado que engloba distribui\u00e7\u00e3o, transmiss\u00e3o, servi\u00e7os para o setor el\u00e9trico (Energisa Solu\u00e7\u00f5es), servi\u00e7os especializados de call center (Multi Energisa), comercializa\u00e7\u00e3o de energia (Energisa Comercializadora), solu\u00e7\u00f5es em energias renov\u00e1veis (Alsol) e agora a fintech Voltz, que entra no mercado de contas digitais.<\/p>\n","protected":false},"excerpt":{"rendered":"<p>O investimento na \u00e1rea de concess\u00e3o da Energisa em Minas Gerais ser\u00e1 de&nbsp;R$&nbsp;900 mil. A Energisa inicia a Chamada P\u00fablica 2021 de projetos do Programa de Efici\u00eancia Energ\u00e9tica (PEE). As inscri\u00e7\u00f5es j\u00e1 podem ser feitas e v\u00e3o at\u00e9 22 de outubro. A iniciativa tem o objetivo de promover o uso eficiente da energia el\u00e9trica por [&hellip;]<\/p>\n","protected":false},"author":6,"featured_media":0,"comment_status":"open","ping_status":"closed","sticky":false,"template":"","format":"standard","meta":{"_joinchat":[],"footnotes":""},"categories":[1],"tags":[],"class_list":["post-77107","post","type-post","status-publish","format-standard","hentry","category-sem-categoria"],"_links":{"self":[{"href":"https:\/\/folhadosudeste.com\/site\/index.php?rest_route=\/wp\/v2\/posts\/77107","targetHints":{"allow":["GET"]}}],"collection":[{"href":"https:\/\/folhadosudeste.com\/site\/index.php?rest_route=\/wp\/v2\/posts"}],"about":[{"href":"https:\/\/folhadosudeste.com\/site\/index.php?rest_route=\/wp\/v2\/types\/post"}],"author":[{"embeddable":true,"href":"https:\/\/folhadosudeste.com\/site\/index.php?rest_route=\/wp\/v2\/users\/6"}],"replies":[{"embeddable":true,"href":"https:\/\/folhadosudeste.com\/site\/index.php?rest_route=%2Fwp%2Fv2%2Fcomments&post=77107"}],"version-history":[{"count":1,"href":"https:\/\/folhadosudeste.com\/site\/index.php?rest_route=\/wp\/v2\/posts\/77107\/revisions"}],"predecessor-version":[{"id":77110,"href":"https:\/\/folhadosudeste.com\/site\/index.php?rest_route=\/wp\/v2\/posts\/77107\/revisions\/77110"}],"wp:attachment":[{"href":"https:\/\/folhadosudeste.com\/site\/index.php?rest_route=%2Fwp%2Fv2%2Fmedia&parent=77107"}],"wp:term":[{"taxonomy":"category","embeddable":true,"href":"https:\/\/folhadosudeste.com\/site\/index.php?rest_route=%2Fwp%2Fv2%2Fcategories&post=77107"},{"taxonomy":"post_tag","embeddable":true,"href":"https:\/\/folhadosudeste.com\/site\/index.php?rest_route=%2Fwp%2Fv2%2Ftags&post=77107"}],"curies":[{"name":"wp","href":"https:\/\/api.w.org\/{rel}","templated":true}]}}