{"id":77116,"date":"2021-08-31T02:14:32","date_gmt":"2021-08-31T02:14:32","guid":{"rendered":"http:\/\/folhadosudeste.com\/site\/?p=77116"},"modified":"2021-08-31T02:14:32","modified_gmt":"2021-08-31T02:14:32","slug":"escola-de-futebol-da-prefeitura-e-reinaugurada-e-traz-nova-estrutura-para-a-modalidade","status":"publish","type":"post","link":"https:\/\/folhadosudeste.com\/site\/?p=77116","title":{"rendered":"Escola de Futebol da Prefeitura \u00e9 reinaugurada e traz nova estrutura para a modalidade"},"content":{"rendered":"<p><a href=\"http:\/\/folhadosudeste.com\/site\/wp-content\/uploads\/2021\/08\/DSC01410_707x511.jpg\"><img loading=\"lazy\" decoding=\"async\" class=\"alignnone size-full wp-image-77117\" src=\"http:\/\/folhadosudeste.com\/site\/wp-content\/uploads\/2021\/08\/DSC01410_707x511.jpg\" alt=\"\" width=\"707\" height=\"511\" srcset=\"https:\/\/folhadosudeste.com\/site\/wp-content\/uploads\/2021\/08\/DSC01410_707x511.jpg 707w, https:\/\/folhadosudeste.com\/site\/wp-content\/uploads\/2021\/08\/DSC01410_707x511-300x217.jpg 300w\" sizes=\"auto, (max-width: 707px) 100vw, 707px\" \/><\/a><\/p>\n<p>Foi reinaugurada na manh\u00e3 deste s\u00e1bado (28) nas depend\u00eancia do Complexo Esportivo do Rodrig\u00e3o, a Escola Municipal de Futebol de Muria\u00e9, criada no Governo Jos\u00e9 Braz em 2011 e que agora esta sendo reativada. O nome da escola \u00e9 uma homenagem ao jovem muriaeense, Nathan Loures de Souza, (filho do Bazinho, empres\u00e1rio muriaeense).<\/p>\n<p>A escola ter\u00e1 ainda o apoio de agentes sociais esportivos que desenvolver\u00e3o as atividades com o apoio dos profissionais do Departamento de Esportes. Bairros como Gaspar, Santa Terezinha, Santo Ant\u00f4nio, Inconfid\u00eancia, Planalto e S\u00e3o Jos\u00e9 e os distritos de Vermelho e Belis\u00e1rio j\u00e1 est\u00e3o integrados.<\/p>\n<p><!--more--><\/p>\n<p>O prefeito Jos\u00e9 Braz em seu pronunciamento deixou um recado \u00e0 crian\u00e7ada: \u201cEm primeiro lugar, respeitem e obede\u00e7am seus pais. Em segundo lugar, sejam sempre organizados e disciplinados. Espero que todos tenham sucesso na vida no futebol. Quem sabe n\u00e3o teremos um novo Neymar em Muria\u00e9?\u201d, disse.<\/p>\n<p>Para abrigar a Escola Municipal de Esportes, o Complexo Esportivo do Rodrig\u00e3o passou por revitaliza\u00e7\u00e3o completa ao longo dos \u00faltimos meses, com reforma dos vesti\u00e1rios, pintura das arquibancadas, corrim\u00e3os e das quadras externas. Tamb\u00e9m recebeu a instala\u00e7\u00e3o de uma academia ao ar livre, al\u00e9m de melhorias no parque aqu\u00e1tico e a constru\u00e7\u00e3o da nova quadra de areia. Para complementar as atividades de ensino, a escola vai promover eventos, viagem e jogos, a fim de criar um ambiente sadio e amistoso entre todos os matriculados.<\/p>\n<p>\u201cEm um segundo momento, teremos tamb\u00e9m outras duas modalidades: atletismo e artes marciais\u201d, explica o coordenador do Departamento de Esportes da Fundarte\/Prefeitura de Muria\u00e9, Vanderlei Paul, o Tio Vov\u00f4. Al\u00e9m do Complexo Esportivo, tamb\u00e9m haver\u00e1 atividades de ensino em outro n\u00facleo. O Gin\u00e1sio Municipal Tat\u00e3o Levate, na Barra, vai abrigar as aulas de basquete, al\u00e9m de tamb\u00e9m ter o futsal e v\u00f4lei.<\/p>\n<p>Estiveram presentes na solenidade, o prefeito Jos\u00e9 Braz, o vice-prefeito, Marcos Guarino, a diretora da Fundarte, Gilca Napier, o coordenador de Esportes, Vanderlei Paul, o representante da Secretaria Municipal de Educa\u00e7\u00e3o, Guilherme Saito e a vereadora, Miriam Facchini.<\/p>\n<p><a href=\"http:\/\/folhadosudeste.com\/site\/wp-content\/uploads\/2021\/08\/DSC01415_707x437.jpg\"><img loading=\"lazy\" decoding=\"async\" class=\"alignnone size-full wp-image-77118\" src=\"http:\/\/folhadosudeste.com\/site\/wp-content\/uploads\/2021\/08\/DSC01415_707x437.jpg\" alt=\"\" width=\"707\" height=\"437\" srcset=\"https:\/\/folhadosudeste.com\/site\/wp-content\/uploads\/2021\/08\/DSC01415_707x437.jpg 707w, https:\/\/folhadosudeste.com\/site\/wp-content\/uploads\/2021\/08\/DSC01415_707x437-300x185.jpg 300w\" sizes=\"auto, (max-width: 707px) 100vw, 707px\" \/><\/a> <a href=\"http:\/\/folhadosudeste.com\/site\/wp-content\/uploads\/2021\/08\/DSC01448_707x530.jpg\"><img loading=\"lazy\" decoding=\"async\" class=\"alignnone size-full wp-image-77119\" src=\"http:\/\/folhadosudeste.com\/site\/wp-content\/uploads\/2021\/08\/DSC01448_707x530.jpg\" alt=\"\" width=\"707\" height=\"530\" srcset=\"https:\/\/folhadosudeste.com\/site\/wp-content\/uploads\/2021\/08\/DSC01448_707x530.jpg 707w, https:\/\/folhadosudeste.com\/site\/wp-content\/uploads\/2021\/08\/DSC01448_707x530-300x225.jpg 300w\" sizes=\"auto, (max-width: 707px) 100vw, 707px\" \/><\/a> <a href=\"http:\/\/folhadosudeste.com\/site\/wp-content\/uploads\/2021\/08\/DSC01453_707x530.jpg\"><img loading=\"lazy\" decoding=\"async\" class=\"alignnone size-full wp-image-77120\" src=\"http:\/\/folhadosudeste.com\/site\/wp-content\/uploads\/2021\/08\/DSC01453_707x530.jpg\" alt=\"\" width=\"707\" height=\"530\" srcset=\"https:\/\/folhadosudeste.com\/site\/wp-content\/uploads\/2021\/08\/DSC01453_707x530.jpg 707w, https:\/\/folhadosudeste.com\/site\/wp-content\/uploads\/2021\/08\/DSC01453_707x530-300x225.jpg 300w\" sizes=\"auto, (max-width: 707px) 100vw, 707px\" \/><\/a> <a href=\"http:\/\/folhadosudeste.com\/site\/wp-content\/uploads\/2021\/08\/DSC01369_707x530-1.jpg\"><img loading=\"lazy\" decoding=\"async\" class=\"alignnone size-full wp-image-77121\" src=\"http:\/\/folhadosudeste.com\/site\/wp-content\/uploads\/2021\/08\/DSC01369_707x530-1.jpg\" alt=\"\" width=\"707\" height=\"530\" srcset=\"https:\/\/folhadosudeste.com\/site\/wp-content\/uploads\/2021\/08\/DSC01369_707x530-1.jpg 707w, https:\/\/folhadosudeste.com\/site\/wp-content\/uploads\/2021\/08\/DSC01369_707x530-1-300x225.jpg 300w\" sizes=\"auto, (max-width: 707px) 100vw, 707px\" \/><\/a><\/p>\n<p>Fotos: Silvan Alves<\/p>\n","protected":false},"excerpt":{"rendered":"<p>Foi reinaugurada na manh\u00e3 deste s\u00e1bado (28) nas depend\u00eancia do Complexo Esportivo do Rodrig\u00e3o, a Escola Municipal de Futebol de Muria\u00e9, criada no Governo Jos\u00e9 Braz em 2011 e que agora esta sendo reativada. O nome da escola \u00e9 uma homenagem ao jovem muriaeense, Nathan Loures de Souza, (filho do Bazinho, empres\u00e1rio muriaeense). A escola [&hellip;]<\/p>\n","protected":false},"author":6,"featured_media":0,"comment_status":"open","ping_status":"closed","sticky":false,"template":"","format":"standard","meta":{"_joinchat":[],"footnotes":""},"categories":[1],"tags":[],"class_list":["post-77116","post","type-post","status-publish","format-standard","hentry","category-sem-categoria"],"_links":{"self":[{"href":"https:\/\/folhadosudeste.com\/site\/index.php?rest_route=\/wp\/v2\/posts\/77116","targetHints":{"allow":["GET"]}}],"collection":[{"href":"https:\/\/folhadosudeste.com\/site\/index.php?rest_route=\/wp\/v2\/posts"}],"about":[{"href":"https:\/\/folhadosudeste.com\/site\/index.php?rest_route=\/wp\/v2\/types\/post"}],"author":[{"embeddable":true,"href":"https:\/\/folhadosudeste.com\/site\/index.php?rest_route=\/wp\/v2\/users\/6"}],"replies":[{"embeddable":true,"href":"https:\/\/folhadosudeste.com\/site\/index.php?rest_route=%2Fwp%2Fv2%2Fcomments&post=77116"}],"version-history":[{"count":1,"href":"https:\/\/folhadosudeste.com\/site\/index.php?rest_route=\/wp\/v2\/posts\/77116\/revisions"}],"predecessor-version":[{"id":77122,"href":"https:\/\/folhadosudeste.com\/site\/index.php?rest_route=\/wp\/v2\/posts\/77116\/revisions\/77122"}],"wp:attachment":[{"href":"https:\/\/folhadosudeste.com\/site\/index.php?rest_route=%2Fwp%2Fv2%2Fmedia&parent=77116"}],"wp:term":[{"taxonomy":"category","embeddable":true,"href":"https:\/\/folhadosudeste.com\/site\/index.php?rest_route=%2Fwp%2Fv2%2Fcategories&post=77116"},{"taxonomy":"post_tag","embeddable":true,"href":"https:\/\/folhadosudeste.com\/site\/index.php?rest_route=%2Fwp%2Fv2%2Ftags&post=77116"}],"curies":[{"name":"wp","href":"https:\/\/api.w.org\/{rel}","templated":true}]}}