{"id":77133,"date":"2021-08-31T14:56:23","date_gmt":"2021-08-31T14:56:23","guid":{"rendered":"http:\/\/folhadosudeste.com\/site\/?p=77133"},"modified":"2021-08-31T14:56:23","modified_gmt":"2021-08-31T14:56:23","slug":"pcmg-apreende-simulacro-de-arma-de-fogo-e-drogas-em-uba","status":"publish","type":"post","link":"https:\/\/folhadosudeste.com\/site\/?p=77133","title":{"rendered":"PCMG apreende simulacro de arma de fogo e drogas em Ub\u00e1"},"content":{"rendered":"<p><a href=\"http:\/\/folhadosudeste.com\/site\/wp-content\/uploads\/2021\/08\/c0238439-1866-44d3-96f1-ed9e323124f7.jpg\"><img loading=\"lazy\" decoding=\"async\" class=\"alignnone size-full wp-image-77134\" src=\"http:\/\/folhadosudeste.com\/site\/wp-content\/uploads\/2021\/08\/c0238439-1866-44d3-96f1-ed9e323124f7.jpg\" alt=\"\" width=\"821\" height=\"720\" srcset=\"https:\/\/folhadosudeste.com\/site\/wp-content\/uploads\/2021\/08\/c0238439-1866-44d3-96f1-ed9e323124f7.jpg 821w, https:\/\/folhadosudeste.com\/site\/wp-content\/uploads\/2021\/08\/c0238439-1866-44d3-96f1-ed9e323124f7-300x263.jpg 300w, https:\/\/folhadosudeste.com\/site\/wp-content\/uploads\/2021\/08\/c0238439-1866-44d3-96f1-ed9e323124f7-768x674.jpg 768w\" sizes=\"auto, (max-width: 821px) 100vw, 821px\" \/><\/a><\/p>\n<p style=\"text-align: justify;\">A Pol\u00edcia Civil de Minas Gerais apreendeu, na segunda-feira (30\/8), um simulacro de arma de fogo e drogas no munic\u00edpio de Ub\u00e1, na Zona da Mata mineira. Na a\u00e7\u00e3o, um jovem de 18 anos tamb\u00e9m foi abordado e conduzido at\u00e9 a Delegacia Regional.<\/p>\n<p style=\"text-align: justify;\">Durante levantamentos que estavam sendo realizados pela Delegacia de Homic\u00eddios, os investigadores se depararam com o indiv\u00edduo \u2013 que \u00e9 conhecido no meio policial pelo envolvimento com o tr\u00e1fico de drogas \u2013 deslocando-se de moto em atitude suspeita. Na ocasi\u00e3o, o jovem, ao perceber a presen\u00e7a dos policiais, evadiu e se deslocou at\u00e9 um terreno baldio, onde foi abordado. No local, foi encontrado o simulacro de arma de fogo. Al\u00e9m disso, pr\u00f3ximo ao terreno, tamb\u00e9m foram localizados um peda\u00e7o de barra de maconha e um pino de coca\u00edna.<\/p>\n<p style=\"text-align: justify;\">O suspeito foi conduzido at\u00e9 a unidade policial para prestar esclarecimentos. As apura\u00e7\u00f5es prosseguem.<\/p>\n<div style=\"text-align: justify;\">&nbsp;<\/div>\n<p style=\"text-align: justify;\">&nbsp;<\/p>\n","protected":false},"excerpt":{"rendered":"<p>A Pol\u00edcia Civil de Minas Gerais apreendeu, na segunda-feira (30\/8), um simulacro de arma de fogo e drogas no munic\u00edpio de Ub\u00e1, na Zona da Mata mineira. Na a\u00e7\u00e3o, um jovem de 18 anos tamb\u00e9m foi abordado e conduzido at\u00e9 a Delegacia Regional. Durante levantamentos que estavam sendo realizados pela Delegacia de Homic\u00eddios, os investigadores [&hellip;]<\/p>\n","protected":false},"author":6,"featured_media":0,"comment_status":"open","ping_status":"closed","sticky":false,"template":"","format":"standard","meta":{"_joinchat":[],"footnotes":""},"categories":[1],"tags":[],"class_list":["post-77133","post","type-post","status-publish","format-standard","hentry","category-sem-categoria"],"_links":{"self":[{"href":"https:\/\/folhadosudeste.com\/site\/index.php?rest_route=\/wp\/v2\/posts\/77133","targetHints":{"allow":["GET"]}}],"collection":[{"href":"https:\/\/folhadosudeste.com\/site\/index.php?rest_route=\/wp\/v2\/posts"}],"about":[{"href":"https:\/\/folhadosudeste.com\/site\/index.php?rest_route=\/wp\/v2\/types\/post"}],"author":[{"embeddable":true,"href":"https:\/\/folhadosudeste.com\/site\/index.php?rest_route=\/wp\/v2\/users\/6"}],"replies":[{"embeddable":true,"href":"https:\/\/folhadosudeste.com\/site\/index.php?rest_route=%2Fwp%2Fv2%2Fcomments&post=77133"}],"version-history":[{"count":1,"href":"https:\/\/folhadosudeste.com\/site\/index.php?rest_route=\/wp\/v2\/posts\/77133\/revisions"}],"predecessor-version":[{"id":77135,"href":"https:\/\/folhadosudeste.com\/site\/index.php?rest_route=\/wp\/v2\/posts\/77133\/revisions\/77135"}],"wp:attachment":[{"href":"https:\/\/folhadosudeste.com\/site\/index.php?rest_route=%2Fwp%2Fv2%2Fmedia&parent=77133"}],"wp:term":[{"taxonomy":"category","embeddable":true,"href":"https:\/\/folhadosudeste.com\/site\/index.php?rest_route=%2Fwp%2Fv2%2Fcategories&post=77133"},{"taxonomy":"post_tag","embeddable":true,"href":"https:\/\/folhadosudeste.com\/site\/index.php?rest_route=%2Fwp%2Fv2%2Ftags&post=77133"}],"curies":[{"name":"wp","href":"https:\/\/api.w.org\/{rel}","templated":true}]}}