{"id":77145,"date":"2021-09-01T01:07:28","date_gmt":"2021-09-01T01:07:28","guid":{"rendered":"http:\/\/folhadosudeste.com\/site\/?p=77145"},"modified":"2021-09-01T01:07:28","modified_gmt":"2021-09-01T01:07:28","slug":"operacao-prende-no-rio-suspeito-de-cometer-homicidio-em-muriae","status":"publish","type":"post","link":"https:\/\/folhadosudeste.com\/site\/?p=77145","title":{"rendered":"Opera\u00e7\u00e3o prende no Rio suspeito de cometer homic\u00eddio em Muria\u00e9"},"content":{"rendered":"<p><a href=\"http:\/\/folhadosudeste.com\/site\/wp-content\/uploads\/2021\/09\/SITE-MURIAE-2.jpg\"><img loading=\"lazy\" decoding=\"async\" class=\"alignnone  wp-image-77146\" src=\"http:\/\/folhadosudeste.com\/site\/wp-content\/uploads\/2021\/09\/SITE-MURIAE-2.jpg\" alt=\"\" width=\"788\" height=\"525\" srcset=\"https:\/\/folhadosudeste.com\/site\/wp-content\/uploads\/2021\/09\/SITE-MURIAE-2.jpg 660w, https:\/\/folhadosudeste.com\/site\/wp-content\/uploads\/2021\/09\/SITE-MURIAE-2-300x200.jpg 300w, https:\/\/folhadosudeste.com\/site\/wp-content\/uploads\/2021\/09\/SITE-MURIAE-2-120x80.jpg 120w, https:\/\/folhadosudeste.com\/site\/wp-content\/uploads\/2021\/09\/SITE-MURIAE-2-345x230.jpg 345w\" sizes=\"auto, (max-width: 788px) 100vw, 788px\" \/><\/a><\/p>\n<p style=\"text-align: justify;\">A Pol\u00edcia Civil de Minas Gerais (PCMG) e a Pol\u00edcia Civil do Estado do Rio de Janeiro (PCERJ) deflagraram, nesta ter\u00e7a-feira (31\/8), a opera\u00e7\u00e3o \u201cP\u00e1troklos\u201d, em Campo Grande, no Rio, que resultou na pris\u00e3o de um rapaz de 33 anos, suspeito de ter cometido homic\u00eddio qualificado, praticado em 15 de janeiro de 2015, na Zona da Mata mineira. Ele tamb\u00e9m \u00e9 investigado pela PCERJ por suposta participa\u00e7\u00e3o em mil\u00edcia local.<\/p>\n<p style=\"text-align: justify;\">A a\u00e7\u00e3o integrada ocorreu, ap\u00f3s trabalhos investigativos realizados pela Delegacia de Homic\u00eddios e Prote\u00e7\u00e3o \u00e0 Pessoa da Pol\u00edcia Civil em Muria\u00e9 e pela 35\u00aa Delegacia de Pol\u00edcia Civil de Campo Grande. O rapaz \u00e9 investigado pela morte de um jovem de 21 anos, ocorrida em 2015, no bairro Alto do Castelo, na cidade de Muria\u00e9. Na ocasi\u00e3o, o suspeito, acompanhado de outro investigado, desferiu tr\u00eas disparos de arma de fogo que atingiram a v\u00edtima fatalmente.<\/p>\n<p style=\"text-align: justify;\"><!--more--><\/p>\n<p style=\"text-align: justify;\">Apura\u00e7\u00f5es indicaram que o principal suspeito era amigo da v\u00edtima e a motiva\u00e7\u00e3o estaria ligada \u00e0 aquisi\u00e7\u00e3o de um aparelho celular. \u201cConforme o inqu\u00e9rito policial, o crime ocorreu em virtude de a v\u00edtima ter adquirido um celular no valor de R$1500 &#8211; em nome do investigado- e, posteriormente, n\u00e3o ter efetuado o pagamento do aparelho\u201d, explica o delegado Glaydson de Souza Ferreira.<\/p>\n<p style=\"text-align: justify;\">Ainda segundo ele, o suspeito se encontra preso na cidade do Rio de Janeiro e ser\u00e1 encaminhado ao sistema prisional.<\/p>\n<p>Fonte:&nbsp;PCMG<\/p>\n","protected":false},"excerpt":{"rendered":"<p>A Pol\u00edcia Civil de Minas Gerais (PCMG) e a Pol\u00edcia Civil do Estado do Rio de Janeiro (PCERJ) deflagraram, nesta ter\u00e7a-feira (31\/8), a opera\u00e7\u00e3o \u201cP\u00e1troklos\u201d, em Campo Grande, no Rio, que resultou na pris\u00e3o de um rapaz de 33 anos, suspeito de ter cometido homic\u00eddio qualificado, praticado em 15 de janeiro de 2015, na Zona [&hellip;]<\/p>\n","protected":false},"author":6,"featured_media":0,"comment_status":"open","ping_status":"closed","sticky":false,"template":"","format":"standard","meta":{"_joinchat":[],"footnotes":""},"categories":[1],"tags":[],"class_list":["post-77145","post","type-post","status-publish","format-standard","hentry","category-sem-categoria"],"_links":{"self":[{"href":"https:\/\/folhadosudeste.com\/site\/index.php?rest_route=\/wp\/v2\/posts\/77145","targetHints":{"allow":["GET"]}}],"collection":[{"href":"https:\/\/folhadosudeste.com\/site\/index.php?rest_route=\/wp\/v2\/posts"}],"about":[{"href":"https:\/\/folhadosudeste.com\/site\/index.php?rest_route=\/wp\/v2\/types\/post"}],"author":[{"embeddable":true,"href":"https:\/\/folhadosudeste.com\/site\/index.php?rest_route=\/wp\/v2\/users\/6"}],"replies":[{"embeddable":true,"href":"https:\/\/folhadosudeste.com\/site\/index.php?rest_route=%2Fwp%2Fv2%2Fcomments&post=77145"}],"version-history":[{"count":1,"href":"https:\/\/folhadosudeste.com\/site\/index.php?rest_route=\/wp\/v2\/posts\/77145\/revisions"}],"predecessor-version":[{"id":77147,"href":"https:\/\/folhadosudeste.com\/site\/index.php?rest_route=\/wp\/v2\/posts\/77145\/revisions\/77147"}],"wp:attachment":[{"href":"https:\/\/folhadosudeste.com\/site\/index.php?rest_route=%2Fwp%2Fv2%2Fmedia&parent=77145"}],"wp:term":[{"taxonomy":"category","embeddable":true,"href":"https:\/\/folhadosudeste.com\/site\/index.php?rest_route=%2Fwp%2Fv2%2Fcategories&post=77145"},{"taxonomy":"post_tag","embeddable":true,"href":"https:\/\/folhadosudeste.com\/site\/index.php?rest_route=%2Fwp%2Fv2%2Ftags&post=77145"}],"curies":[{"name":"wp","href":"https:\/\/api.w.org\/{rel}","templated":true}]}}