{"id":77149,"date":"2021-09-01T01:11:23","date_gmt":"2021-09-01T01:11:23","guid":{"rendered":"http:\/\/folhadosudeste.com\/site\/?p=77149"},"modified":"2021-09-01T01:11:23","modified_gmt":"2021-09-01T01:11:23","slug":"mais-23-casos-de-covid-19-foram-registrados-no-boletim-desta-terca-feira-em-muriae","status":"publish","type":"post","link":"https:\/\/folhadosudeste.com\/site\/?p=77149","title":{"rendered":"Mais 23 casos de covid-19 foram registrados no boletim desta ter\u00e7a-feira em Muria\u00e9"},"content":{"rendered":"<div><a href=\"http:\/\/folhadosudeste.com\/site\/wp-content\/uploads\/2021\/09\/31082021.jpeg\"><img loading=\"lazy\" decoding=\"async\" class=\"alignnone size-full wp-image-77150\" src=\"http:\/\/folhadosudeste.com\/site\/wp-content\/uploads\/2021\/09\/31082021.jpeg\" alt=\"\" width=\"1080\" height=\"1080\" srcset=\"https:\/\/folhadosudeste.com\/site\/wp-content\/uploads\/2021\/09\/31082021.jpeg 1080w, https:\/\/folhadosudeste.com\/site\/wp-content\/uploads\/2021\/09\/31082021-150x150.jpeg 150w, https:\/\/folhadosudeste.com\/site\/wp-content\/uploads\/2021\/09\/31082021-300x300.jpeg 300w, https:\/\/folhadosudeste.com\/site\/wp-content\/uploads\/2021\/09\/31082021-768x768.jpeg 768w, https:\/\/folhadosudeste.com\/site\/wp-content\/uploads\/2021\/09\/31082021-1024x1024.jpeg 1024w\" sizes=\"auto, (max-width: 1080px) 100vw, 1080px\" \/><\/a><\/div>\n<div>&nbsp;<\/div>\n<div style=\"text-align: justify;\">Este foi o maior n\u00famero de confirma\u00e7\u00f5es verificadas em um \u00fanico dia ao longo das \u00faltimas duas semanas.<\/div>\n<div style=\"text-align: justify;\">&nbsp;<\/div>\n<div style=\"text-align: justify;\">A faixa et\u00e1ria mais atingida foi a de 30 a 39 anos, com sete registros, seguida das de 20 a 29 e de 10 a 19 anos, ambas com tr\u00eas.<\/div>\n<div style=\"text-align: justify;\">&nbsp;<\/div>\n<div style=\"text-align: justify;\">Mesmo com os novos casos, a m\u00e9dia m\u00f3vel teve ligeira redu\u00e7\u00e3o. Na compara\u00e7\u00e3o com a de 14 dias atr\u00e1s, verifica-se que a linha ainda est\u00e1 em queda, mas come\u00e7a a se estabilizar em um patamar mais baixo.<\/div>\n<div style=\"text-align: justify;\">&nbsp;<\/div>\n<div style=\"text-align: justify;\">\u00d3bitos &#8211; O boletim de hoje tamb\u00e9m trouxe a confirma\u00e7\u00e3o de mais duas mortes provocadas pela covid-19. Elas referem-se aos seguintes casos:<\/div>\n<p style=\"text-align: justify;\"><!--more--><\/p>\n<div style=\"text-align: justify;\">&#8211; Homem | 82 anos | Sem comorbidades | \u00d3bito em 28\/08<\/div>\n<div style=\"text-align: justify;\">&#8211; Homem | 75 anos | Pneumopatia, doen\u00e7a cardiovascular e hipertens\u00e3o | \u00d3bito em 29\/08<\/div>\n<div style=\"text-align: justify;\">&nbsp;<\/div>\n<div style=\"text-align: justify;\">Interna\u00e7\u00f5es &#8211; Atualmente, os hospitais de Muria\u00e9 est\u00e3o com 25 pacientes internados com covid. O n\u00famero se divide do seguinte modo:<\/div>\n<div style=\"text-align: justify;\">&nbsp;<\/div>\n<div style=\"text-align: justify;\">ENFERMARIA: 6 pacientes (SUS: 2 |Particular: 4)<\/div>\n<div style=\"text-align: justify;\">UTI &#8211; N\u00c3O INTUBADOS: 12 pacientes (SUS: 6 | Particular: 6)<\/div>\n<div style=\"text-align: justify;\">UTI &#8211; INTUBADOS: 7 pacientes (SUS: 5 | Particular: 2)<\/div>\n<div style=\"text-align: justify;\">&nbsp;<\/div>\n<div style=\"text-align: justify;\">N\u00fameros completos de hoje (31\/08\/2021):<\/div>\n<div style=\"text-align: justify;\">&nbsp;<\/div>\n<div style=\"text-align: justify;\">VACINA\u00c7\u00c3O<\/div>\n<div style=\"text-align: justify;\">Parcialmente vacinados: 75.577 pessoas (69,09% da popula\u00e7\u00e3o)<\/div>\n<div style=\"text-align: justify;\">Totalmente vacinados: 37.947 pessoas (34,69% da popula\u00e7\u00e3o)<\/div>\n<div style=\"text-align: justify;\">&nbsp;<\/div>\n<div style=\"text-align: justify;\">CASOS<\/div>\n<div style=\"text-align: justify;\">Total de casos confirmados: 11.510 (+23)<\/div>\n<div style=\"text-align: justify;\">Pacientes ativos: 58<\/div>\n<div style=\"text-align: justify;\">Pacientes curados: 11.147<\/div>\n<div style=\"text-align: justify;\">\u00d3bitos: 305 (+2)<\/div>\n<div style=\"text-align: justify;\">Investigados \/ Monitorados: 64<\/div>\n<div style=\"text-align: justify;\">Negativos: 13.513<\/div>\n<div>&nbsp;<\/div>\n<div><a href=\"http:\/\/folhadosudeste.com\/site\/wp-content\/uploads\/2021\/09\/ME\u0301DIA-MO\u0301VEL-DE-CASOS-E-O\u0301BITOS-U\u0301LTIMOS-14-DIAS.png\"><img loading=\"lazy\" decoding=\"async\" class=\"alignnone size-full wp-image-77151\" src=\"http:\/\/folhadosudeste.com\/site\/wp-content\/uploads\/2021\/09\/ME\u0301DIA-MO\u0301VEL-DE-CASOS-E-O\u0301BITOS-U\u0301LTIMOS-14-DIAS.png\" alt=\"\" width=\"1377\" height=\"756\" srcset=\"https:\/\/folhadosudeste.com\/site\/wp-content\/uploads\/2021\/09\/ME\u0301DIA-MO\u0301VEL-DE-CASOS-E-O\u0301BITOS-U\u0301LTIMOS-14-DIAS.png 1377w, https:\/\/folhadosudeste.com\/site\/wp-content\/uploads\/2021\/09\/ME\u0301DIA-MO\u0301VEL-DE-CASOS-E-O\u0301BITOS-U\u0301LTIMOS-14-DIAS-300x165.png 300w, https:\/\/folhadosudeste.com\/site\/wp-content\/uploads\/2021\/09\/ME\u0301DIA-MO\u0301VEL-DE-CASOS-E-O\u0301BITOS-U\u0301LTIMOS-14-DIAS-768x422.png 768w, https:\/\/folhadosudeste.com\/site\/wp-content\/uploads\/2021\/09\/ME\u0301DIA-MO\u0301VEL-DE-CASOS-E-O\u0301BITOS-U\u0301LTIMOS-14-DIAS-1024x562.png 1024w\" sizes=\"auto, (max-width: 1377px) 100vw, 1377px\" \/><\/a><\/div>\n","protected":false},"excerpt":{"rendered":"<p>&nbsp; Este foi o maior n\u00famero de confirma\u00e7\u00f5es verificadas em um \u00fanico dia ao longo das \u00faltimas duas semanas. &nbsp; A faixa et\u00e1ria mais atingida foi a de 30 a 39 anos, com sete registros, seguida das de 20 a 29 e de 10 a 19 anos, ambas com tr\u00eas. &nbsp; Mesmo com os novos [&hellip;]<\/p>\n","protected":false},"author":6,"featured_media":0,"comment_status":"open","ping_status":"closed","sticky":false,"template":"","format":"standard","meta":{"_joinchat":[],"footnotes":""},"categories":[1],"tags":[],"class_list":["post-77149","post","type-post","status-publish","format-standard","hentry","category-sem-categoria"],"_links":{"self":[{"href":"https:\/\/folhadosudeste.com\/site\/index.php?rest_route=\/wp\/v2\/posts\/77149","targetHints":{"allow":["GET"]}}],"collection":[{"href":"https:\/\/folhadosudeste.com\/site\/index.php?rest_route=\/wp\/v2\/posts"}],"about":[{"href":"https:\/\/folhadosudeste.com\/site\/index.php?rest_route=\/wp\/v2\/types\/post"}],"author":[{"embeddable":true,"href":"https:\/\/folhadosudeste.com\/site\/index.php?rest_route=\/wp\/v2\/users\/6"}],"replies":[{"embeddable":true,"href":"https:\/\/folhadosudeste.com\/site\/index.php?rest_route=%2Fwp%2Fv2%2Fcomments&post=77149"}],"version-history":[{"count":1,"href":"https:\/\/folhadosudeste.com\/site\/index.php?rest_route=\/wp\/v2\/posts\/77149\/revisions"}],"predecessor-version":[{"id":77152,"href":"https:\/\/folhadosudeste.com\/site\/index.php?rest_route=\/wp\/v2\/posts\/77149\/revisions\/77152"}],"wp:attachment":[{"href":"https:\/\/folhadosudeste.com\/site\/index.php?rest_route=%2Fwp%2Fv2%2Fmedia&parent=77149"}],"wp:term":[{"taxonomy":"category","embeddable":true,"href":"https:\/\/folhadosudeste.com\/site\/index.php?rest_route=%2Fwp%2Fv2%2Fcategories&post=77149"},{"taxonomy":"post_tag","embeddable":true,"href":"https:\/\/folhadosudeste.com\/site\/index.php?rest_route=%2Fwp%2Fv2%2Ftags&post=77149"}],"curies":[{"name":"wp","href":"https:\/\/api.w.org\/{rel}","templated":true}]}}