{"id":77153,"date":"2021-09-01T15:06:16","date_gmt":"2021-09-01T15:06:16","guid":{"rendered":"http:\/\/folhadosudeste.com\/site\/?p=77153"},"modified":"2021-09-01T15:06:16","modified_gmt":"2021-09-01T15:06:16","slug":"eventual-terceirizacao-de-servicos-da-policia-civil-preocupa","status":"publish","type":"post","link":"https:\/\/folhadosudeste.com\/site\/?p=77153","title":{"rendered":"Eventual terceiriza\u00e7\u00e3o de servi\u00e7os da Pol\u00edcia Civil preocupa"},"content":{"rendered":"<h3><a href=\"http:\/\/folhadosudeste.com\/site\/wp-content\/uploads\/2021\/09\/1584576.jpg\"><img loading=\"lazy\" decoding=\"async\" class=\"alignnone size-full wp-image-77154\" src=\"http:\/\/folhadosudeste.com\/site\/wp-content\/uploads\/2021\/09\/1584576.jpg\" alt=\"\" width=\"640\" height=\"427\" srcset=\"https:\/\/folhadosudeste.com\/site\/wp-content\/uploads\/2021\/09\/1584576.jpg 640w, https:\/\/folhadosudeste.com\/site\/wp-content\/uploads\/2021\/09\/1584576-300x200.jpg 300w, https:\/\/folhadosudeste.com\/site\/wp-content\/uploads\/2021\/09\/1584576-120x80.jpg 120w, https:\/\/folhadosudeste.com\/site\/wp-content\/uploads\/2021\/09\/1584576-345x230.jpg 345w\" sizes=\"auto, (max-width: 640px) 100vw, 640px\" \/><\/a><\/h3>\n<h3 style=\"text-align: justify;\"><em>Categoria apontou suas preocupa\u00e7\u00f5es sobre tr\u00eas projetos do governo em tramita\u00e7\u00e3o, que prop\u00f5em mudan\u00e7as na institui\u00e7\u00e3o.<\/em><\/h3>\n<p style=\"text-align: justify;\"><strong>O risco de uma futura terceiriza\u00e7\u00e3o de servi\u00e7os da Pol\u00edcia Civil e a exclus\u00e3o das carreiras administrativas da corpora\u00e7\u00e3o foram as principais preocupa\u00e7\u00f5es apresentadas por participantes de reuni\u00e3o&nbsp;<\/strong>em que foram debatidas mudan\u00e7as propostas pelo governador Romeu Zema (Novo).<\/p>\n<p style=\"text-align: justify;\">Representantes do governo estadual, da Pol\u00edcia Civil e de associa\u00e7\u00f5es das categorias interessadas participaram da audi\u00eancia nessa ter\u00e7a-feira (31\/8\/21), realizada pela Comiss\u00e3o de Administra\u00e7\u00e3o P\u00fablica da Assembleia Legislativa de Minas Gerais (ALMG).<\/p>\n<p style=\"text-align: justify;\"><!--more--><\/p>\n<p style=\"text-align: justify;\">O deputado Cristiano Silveira (PT), um dos autores do requerimento que deu origem \u00e0 reuni\u00e3o, explicou que as&nbsp;<strong>principais mudan\u00e7as est\u00e3o na&nbsp;<a href=\"https:\/\/www.almg.gov.br\/atividade_parlamentar\/tramitacao_projetos\/interna.html?a=2021&amp;n=71&amp;t=PEC\" target=\"_blank\" rel=\"noopener\" data-saferedirecturl=\"https:\/\/www.google.com\/url?q=https:\/\/www.almg.gov.br\/atividade_parlamentar\/tramitacao_projetos\/interna.html?a%3D2021%26n%3D71%26t%3DPEC&amp;source=gmail&amp;ust=1630594952119000&amp;usg=AFQjCNGLVyJHjV3EBq08aLLteWOTMoCWmw\">Proposta de Emenda Constitucional (PEC) 71\/2021<\/a><\/strong>, mas outros dois projetos que dizem respeito \u00e0 Pol\u00edcia Civil foram entregues \u00e0 Casa.<\/p>\n<p style=\"text-align: justify;\">S\u00e3o eles o&nbsp;<strong><a href=\"https:\/\/www.almg.gov.br\/atividade_parlamentar\/tramitacao_projetos\/interna.html?a=2021&amp;n=65&amp;t=PLC\" target=\"_blank\" rel=\"noopener\" data-saferedirecturl=\"https:\/\/www.google.com\/url?q=https:\/\/www.almg.gov.br\/atividade_parlamentar\/tramitacao_projetos\/interna.html?a%3D2021%26n%3D65%26t%3DPLC&amp;source=gmail&amp;ust=1630594952119000&amp;usg=AFQjCNFf-dEeQSfGracAz0dknSaeJ4Gsuw\">Projeto de Lei Complementar (PLC) 65\/21<\/a>, que trata da Lei Org\u00e2nica<\/strong>&nbsp;da corpora\u00e7\u00e3o, e o&nbsp;<strong><a href=\"https:\/\/www.almg.gov.br\/atividade_parlamentar\/tramitacao_projetos\/interna.html?a=2021&amp;n=2924&amp;t=PL\" target=\"_blank\" rel=\"noopener\" data-saferedirecturl=\"https:\/\/www.google.com\/url?q=https:\/\/www.almg.gov.br\/atividade_parlamentar\/tramitacao_projetos\/interna.html?a%3D2021%26n%3D2924%26t%3DPL&amp;source=gmail&amp;ust=1630594952119000&amp;usg=AFQjCNEmJjojHqN3gfmuJQjy_CGiRI1Aew\">Projeto de Lei (PL) 2.924\/21<\/a>, que cria o Departamento de Tr\u00e2nsito de Minas Gerais (Detran-MG), desvinculando esse departamento da Pol\u00edcia Civil<\/strong>&nbsp;e o subordinando \u00e0 Secretaria de Estado de Planejamento e Gest\u00e3o.<\/p>\n<p style=\"text-align: justify;\">Fonte: ALMG<\/p>\n","protected":false},"excerpt":{"rendered":"<p>Categoria apontou suas preocupa\u00e7\u00f5es sobre tr\u00eas projetos do governo em tramita\u00e7\u00e3o, que prop\u00f5em mudan\u00e7as na institui\u00e7\u00e3o. O risco de uma futura terceiriza\u00e7\u00e3o de servi\u00e7os da Pol\u00edcia Civil e a exclus\u00e3o das carreiras administrativas da corpora\u00e7\u00e3o foram as principais preocupa\u00e7\u00f5es apresentadas por participantes de reuni\u00e3o&nbsp;em que foram debatidas mudan\u00e7as propostas pelo governador Romeu Zema (Novo). Representantes [&hellip;]<\/p>\n","protected":false},"author":6,"featured_media":0,"comment_status":"open","ping_status":"closed","sticky":false,"template":"","format":"standard","meta":{"_joinchat":[],"footnotes":""},"categories":[1],"tags":[],"class_list":["post-77153","post","type-post","status-publish","format-standard","hentry","category-sem-categoria"],"_links":{"self":[{"href":"https:\/\/folhadosudeste.com\/site\/index.php?rest_route=\/wp\/v2\/posts\/77153","targetHints":{"allow":["GET"]}}],"collection":[{"href":"https:\/\/folhadosudeste.com\/site\/index.php?rest_route=\/wp\/v2\/posts"}],"about":[{"href":"https:\/\/folhadosudeste.com\/site\/index.php?rest_route=\/wp\/v2\/types\/post"}],"author":[{"embeddable":true,"href":"https:\/\/folhadosudeste.com\/site\/index.php?rest_route=\/wp\/v2\/users\/6"}],"replies":[{"embeddable":true,"href":"https:\/\/folhadosudeste.com\/site\/index.php?rest_route=%2Fwp%2Fv2%2Fcomments&post=77153"}],"version-history":[{"count":1,"href":"https:\/\/folhadosudeste.com\/site\/index.php?rest_route=\/wp\/v2\/posts\/77153\/revisions"}],"predecessor-version":[{"id":77155,"href":"https:\/\/folhadosudeste.com\/site\/index.php?rest_route=\/wp\/v2\/posts\/77153\/revisions\/77155"}],"wp:attachment":[{"href":"https:\/\/folhadosudeste.com\/site\/index.php?rest_route=%2Fwp%2Fv2%2Fmedia&parent=77153"}],"wp:term":[{"taxonomy":"category","embeddable":true,"href":"https:\/\/folhadosudeste.com\/site\/index.php?rest_route=%2Fwp%2Fv2%2Fcategories&post=77153"},{"taxonomy":"post_tag","embeddable":true,"href":"https:\/\/folhadosudeste.com\/site\/index.php?rest_route=%2Fwp%2Fv2%2Ftags&post=77153"}],"curies":[{"name":"wp","href":"https:\/\/api.w.org\/{rel}","templated":true}]}}