{"id":77156,"date":"2021-09-01T15:18:16","date_gmt":"2021-09-01T15:18:16","guid":{"rendered":"http:\/\/folhadosudeste.com\/site\/?p=77156"},"modified":"2021-09-01T15:18:16","modified_gmt":"2021-09-01T15:18:16","slug":"em-sessao-ordinaria-camara-aprova-aproximadamente-r13-milhao-para-saude","status":"publish","type":"post","link":"https:\/\/folhadosudeste.com\/site\/?p=77156","title":{"rendered":"Em sess\u00e3o ordin\u00e1ria, C\u00e2mara aprova aproximadamente R$1,3 milh\u00e3o para Sa\u00fade"},"content":{"rendered":"<p style=\"text-align: justify;\"><a href=\"http:\/\/folhadosudeste.com\/site\/wp-content\/uploads\/2021\/09\/DSC_0430.jpg\"><img loading=\"lazy\" decoding=\"async\" class=\"alignnone size-full wp-image-77157\" src=\"http:\/\/folhadosudeste.com\/site\/wp-content\/uploads\/2021\/09\/DSC_0430.jpg\" alt=\"\" width=\"1500\" height=\"1037\" srcset=\"https:\/\/folhadosudeste.com\/site\/wp-content\/uploads\/2021\/09\/DSC_0430.jpg 1500w, https:\/\/folhadosudeste.com\/site\/wp-content\/uploads\/2021\/09\/DSC_0430-300x207.jpg 300w, https:\/\/folhadosudeste.com\/site\/wp-content\/uploads\/2021\/09\/DSC_0430-768x531.jpg 768w, https:\/\/folhadosudeste.com\/site\/wp-content\/uploads\/2021\/09\/DSC_0430-1024x708.jpg 1024w\" sizes=\"auto, (max-width: 1500px) 100vw, 1500px\" \/><\/a><\/p>\n<p style=\"text-align: justify;\"><i>Tamb\u00e9m foram aprovados recursos para a\u00e7\u00f5es de incentivo ao turismo<\/i><\/p>\n<p style=\"text-align: justify;\">A C\u00e2mara de Muria\u00e9 aprovou, na sess\u00e3o ordin\u00e1ria desta ter\u00e7a-feira, dia 31, o valor total de R$1.258.241,42 milh\u00e3o para a Secret\u00e1ria Municipal de Sa\u00fade (PL\u2019s 197, 198 e 199\/2021). As mat\u00e9rias foram colocadas em pauta por determina\u00e7\u00e3o do presidente da Casa, Afonso da Sa\u00fade (PTB).<\/p>\n<p style=\"text-align: justify;\">Estes recursos ser\u00e3o destinados para a manuten\u00e7\u00e3o do Centro Estadual de Aten\u00e7\u00e3o Especializada (Ceae), das a\u00e7\u00f5es da sa\u00fade prisional e bucal, das atividades do N\u00facleo Ampliado de Sa\u00fade da Fam\u00edlia (Nasf), da aten\u00e7\u00e3o psicossocial, do Programa A\u00e7\u00f5es e Metas DST\/Aids, Centro de Zoonoses e para a a\u00e7\u00e3o de m\u00e9dia e alta complexidade em vigil\u00e2ncia em sa\u00fade \u2013 covid.<\/p>\n<p style=\"text-align: justify;\">\u201cProjetos relacionados \u00e0 sa\u00fade sempre ter\u00e3o prioridade de tramita\u00e7\u00e3o e vota\u00e7\u00e3o na C\u00e2mara\u201d, destaca o presidente.<\/p>\n<p style=\"text-align: justify;\">De autoria do Executivo municipal, os PL\u2019s foram aprovados em 1\u00aa, 2\u00aa e 3\u00aa vota\u00e7\u00e3o por unanimidade entre os vereadores presentes.<\/p>\n<p style=\"text-align: justify;\"><!--more--><\/p>\n<p style=\"text-align: justify;\"><b>Valoriza\u00e7\u00e3o da agricultura familiar \u2013<\/b>&nbsp;Os vereadores aprovaram o projeto \u2013 de n\u00famero 185 &#8211; que institui a Semana Municipal de Agricultura Familiar. De autoria do vereador Delegado Rangel (PSB), a mat\u00e9ria foi aprovada por unanimidade.<\/p>\n<p style=\"text-align: justify;\">Tamb\u00e9m foi aprovado com conte\u00fado relacionado o PL 201\/2021, que altera e inclui dispositivos na Lei Municipal 3.395\/2006. Esta lei disp\u00f5e sobre o Conselho Municipal de Desenvolvimento Rural Sustent\u00e1vel (CMDRS) e cria o Fundo Municipal de Apoio \u00e0 Agricultura Familiar (Fumaf).<\/p>\n<p style=\"text-align: justify;\"><b>Recursos para cultura \u2013&nbsp;<\/b>Tamb\u00e9m foram aprovados recursos de R$30 mil para a Fundarte, destinados a atividades de incentivo ao turismo.<\/p>\n<p style=\"text-align: justify;\">Com a aprova\u00e7\u00e3o dos PL\u2019s 189 e 208\/2021, o munic\u00edpio est\u00e1 autorizado a firmar conv\u00eanio com o N\u00facleo dos Criadores do Cavalo Mangalarga Marchador de Muria\u00e9 para a realiza\u00e7\u00e3o do evento \u201cJulgamento de Marcha e Morfologia do Cavalo Mangalarga Marchador\u201d.<\/p>\n<p style=\"text-align: justify;\"><b>Confira abaixo mais projetos aprovados na sess\u00e3o desta ter\u00e7a-feira:<\/b><\/p>\n<p style=\"text-align: justify;\">&#8211; PL 135\/2021: disp\u00f5e sobre a adequa\u00e7\u00e3o da legisla\u00e7\u00e3o de Muria\u00e9 \u00e0 declara\u00e7\u00e3o de direitos de liberdade econ\u00f4mica, institu\u00edda pela Lei 13.874\/2019, altera as leis 3.195\/2005, 2.358\/1999 e a Lei 2.183\/1997.<\/p>\n<p style=\"text-align: justify;\">&nbsp;&#8211; PL 152\/2021: altera dispositivos da Lei Municipal 6.156\/2021.<\/p>\n<p style=\"text-align: justify;\">&nbsp;&#8211; PL 169\/2021: d\u00e1 denomina\u00e7\u00e3o Dr. Petr\u00f4nio Ferreira Calcagno \u00e0 chamada \u201cPonte do Barata\u201d, na estrada de S\u00e3o Jo\u00e3o do Gl\u00f3ria.<\/p>\n<p style=\"text-align: justify;\">&nbsp;&#8211; PL 195\/2021: acrescenta a\u00e7\u00e3o \u00e0s metas f\u00edsicas da Lei 5.571\/2017 &#8211; Plano Plurianual de Muria\u00e9.<\/p>\n<p style=\"text-align: justify;\">&nbsp;&#8211; PL 196\/2021: acrescenta dispositivos \u00e0 Lei Municipal 6.002\/2020.<\/p>\n<p style=\"text-align: justify;\"><b>Segunda vota\u00e7\u00e3o:<\/b><\/p>\n<p style=\"text-align: justify;\">&nbsp;&#8211; Emenda \u00e0 Lei Org\u00e2nica 04\/2021: altera dispositivos nos artigos 50 e 54, dentre outros da Lei Org\u00e2nica de Muria\u00e9 e do ato das disposi\u00e7\u00f5es transit\u00f3rias.<\/p>\n<p style=\"text-align: justify;\"><a href=\"http:\/\/folhadosudeste.com\/site\/wp-content\/uploads\/2021\/09\/DSC_0440.jpg\"><img loading=\"lazy\" decoding=\"async\" class=\"alignnone size-full wp-image-77158\" src=\"http:\/\/folhadosudeste.com\/site\/wp-content\/uploads\/2021\/09\/DSC_0440.jpg\" alt=\"\" width=\"1500\" height=\"1102\" srcset=\"https:\/\/folhadosudeste.com\/site\/wp-content\/uploads\/2021\/09\/DSC_0440.jpg 1500w, https:\/\/folhadosudeste.com\/site\/wp-content\/uploads\/2021\/09\/DSC_0440-300x220.jpg 300w, https:\/\/folhadosudeste.com\/site\/wp-content\/uploads\/2021\/09\/DSC_0440-768x564.jpg 768w, https:\/\/folhadosudeste.com\/site\/wp-content\/uploads\/2021\/09\/DSC_0440-1024x752.jpg 1024w\" sizes=\"auto, (max-width: 1500px) 100vw, 1500px\" \/><\/a> <a href=\"http:\/\/folhadosudeste.com\/site\/wp-content\/uploads\/2021\/09\/DSC_0444.jpg\"><img loading=\"lazy\" decoding=\"async\" class=\"alignnone size-full wp-image-77159\" src=\"http:\/\/folhadosudeste.com\/site\/wp-content\/uploads\/2021\/09\/DSC_0444.jpg\" alt=\"\" width=\"1500\" height=\"996\" srcset=\"https:\/\/folhadosudeste.com\/site\/wp-content\/uploads\/2021\/09\/DSC_0444.jpg 1500w, https:\/\/folhadosudeste.com\/site\/wp-content\/uploads\/2021\/09\/DSC_0444-300x199.jpg 300w, https:\/\/folhadosudeste.com\/site\/wp-content\/uploads\/2021\/09\/DSC_0444-768x510.jpg 768w, https:\/\/folhadosudeste.com\/site\/wp-content\/uploads\/2021\/09\/DSC_0444-1024x680.jpg 1024w, https:\/\/folhadosudeste.com\/site\/wp-content\/uploads\/2021\/09\/DSC_0444-120x80.jpg 120w, https:\/\/folhadosudeste.com\/site\/wp-content\/uploads\/2021\/09\/DSC_0444-345x230.jpg 345w\" sizes=\"auto, (max-width: 1500px) 100vw, 1500px\" \/><\/a> <a href=\"http:\/\/folhadosudeste.com\/site\/wp-content\/uploads\/2021\/09\/DSC_0449.jpg\"><img loading=\"lazy\" decoding=\"async\" class=\"alignnone size-full wp-image-77160\" src=\"http:\/\/folhadosudeste.com\/site\/wp-content\/uploads\/2021\/09\/DSC_0449.jpg\" alt=\"\" width=\"1500\" height=\"1020\" srcset=\"https:\/\/folhadosudeste.com\/site\/wp-content\/uploads\/2021\/09\/DSC_0449.jpg 1500w, https:\/\/folhadosudeste.com\/site\/wp-content\/uploads\/2021\/09\/DSC_0449-300x204.jpg 300w, https:\/\/folhadosudeste.com\/site\/wp-content\/uploads\/2021\/09\/DSC_0449-768x522.jpg 768w, https:\/\/folhadosudeste.com\/site\/wp-content\/uploads\/2021\/09\/DSC_0449-1024x696.jpg 1024w, https:\/\/folhadosudeste.com\/site\/wp-content\/uploads\/2021\/09\/DSC_0449-220x150.jpg 220w\" sizes=\"auto, (max-width: 1500px) 100vw, 1500px\" \/><\/a><\/p>\n","protected":false},"excerpt":{"rendered":"<p>Tamb\u00e9m foram aprovados recursos para a\u00e7\u00f5es de incentivo ao turismo A C\u00e2mara de Muria\u00e9 aprovou, na sess\u00e3o ordin\u00e1ria desta ter\u00e7a-feira, dia 31, o valor total de R$1.258.241,42 milh\u00e3o para a Secret\u00e1ria Municipal de Sa\u00fade (PL\u2019s 197, 198 e 199\/2021). As mat\u00e9rias foram colocadas em pauta por determina\u00e7\u00e3o do presidente da Casa, Afonso da Sa\u00fade (PTB). [&hellip;]<\/p>\n","protected":false},"author":6,"featured_media":0,"comment_status":"open","ping_status":"closed","sticky":false,"template":"","format":"standard","meta":{"_joinchat":[],"footnotes":""},"categories":[1],"tags":[],"class_list":["post-77156","post","type-post","status-publish","format-standard","hentry","category-sem-categoria"],"_links":{"self":[{"href":"https:\/\/folhadosudeste.com\/site\/index.php?rest_route=\/wp\/v2\/posts\/77156","targetHints":{"allow":["GET"]}}],"collection":[{"href":"https:\/\/folhadosudeste.com\/site\/index.php?rest_route=\/wp\/v2\/posts"}],"about":[{"href":"https:\/\/folhadosudeste.com\/site\/index.php?rest_route=\/wp\/v2\/types\/post"}],"author":[{"embeddable":true,"href":"https:\/\/folhadosudeste.com\/site\/index.php?rest_route=\/wp\/v2\/users\/6"}],"replies":[{"embeddable":true,"href":"https:\/\/folhadosudeste.com\/site\/index.php?rest_route=%2Fwp%2Fv2%2Fcomments&post=77156"}],"version-history":[{"count":1,"href":"https:\/\/folhadosudeste.com\/site\/index.php?rest_route=\/wp\/v2\/posts\/77156\/revisions"}],"predecessor-version":[{"id":77161,"href":"https:\/\/folhadosudeste.com\/site\/index.php?rest_route=\/wp\/v2\/posts\/77156\/revisions\/77161"}],"wp:attachment":[{"href":"https:\/\/folhadosudeste.com\/site\/index.php?rest_route=%2Fwp%2Fv2%2Fmedia&parent=77156"}],"wp:term":[{"taxonomy":"category","embeddable":true,"href":"https:\/\/folhadosudeste.com\/site\/index.php?rest_route=%2Fwp%2Fv2%2Fcategories&post=77156"},{"taxonomy":"post_tag","embeddable":true,"href":"https:\/\/folhadosudeste.com\/site\/index.php?rest_route=%2Fwp%2Fv2%2Ftags&post=77156"}],"curies":[{"name":"wp","href":"https:\/\/api.w.org\/{rel}","templated":true}]}}