{"id":77188,"date":"2021-09-03T15:05:05","date_gmt":"2021-09-03T15:05:05","guid":{"rendered":"http:\/\/folhadosudeste.com\/site\/?p=77188"},"modified":"2021-09-03T15:05:05","modified_gmt":"2021-09-03T15:05:05","slug":"torneio-leiteiro-ja-aponta-os-melhores-produtores-de-leite-da-regiao","status":"publish","type":"post","link":"https:\/\/folhadosudeste.com\/site\/?p=77188","title":{"rendered":"Torneio Leiteiro j\u00e1 aponta os melhores produtores de leite da regi\u00e3o"},"content":{"rendered":"<div id=\":23m\" class=\"ii gt\">\n<div id=\":23n\" class=\"a3s aiL \">\n<div>\n<div>\n<div>\n<p align=\"justify\"><a href=\"http:\/\/folhadosudeste.com\/site\/wp-content\/uploads\/2021\/09\/IMG_5808.jpg\"><img loading=\"lazy\" decoding=\"async\" class=\"alignnone size-full wp-image-77189\" src=\"http:\/\/folhadosudeste.com\/site\/wp-content\/uploads\/2021\/09\/IMG_5808.jpg\" alt=\"\" width=\"2048\" height=\"1536\" srcset=\"https:\/\/folhadosudeste.com\/site\/wp-content\/uploads\/2021\/09\/IMG_5808.jpg 2048w, https:\/\/folhadosudeste.com\/site\/wp-content\/uploads\/2021\/09\/IMG_5808-300x225.jpg 300w, https:\/\/folhadosudeste.com\/site\/wp-content\/uploads\/2021\/09\/IMG_5808-768x576.jpg 768w, https:\/\/folhadosudeste.com\/site\/wp-content\/uploads\/2021\/09\/IMG_5808-1024x768.jpg 1024w\" sizes=\"auto, (max-width: 2048px) 100vw, 2048px\" \/><\/a><\/p>\n<p align=\"justify\">O Torneio Leiteiro Curraleiro ainda ter\u00e1 mais duas etapas, por\u00e9m terminaram as provas relativas aos participantes da Agricultura Familiar nesta quinta-feira (2) na propriedade de Gustavo Marchese &#8211; classificado como campe\u00e3o da categoria \u2018vaca\u2019, com a produ\u00e7\u00e3o de 62,935 quilos de leite. Ele tamb\u00e9m participou com a novilha \u2018Cro\u00e1cia\u2019 que obteve a segunda coloca\u00e7\u00e3o nos resultados finais, fornecendo 36,295 kg. O evento foi na regi\u00e3o do Divis\u00f3rio.<\/p>\n<p align=\"justify\"><span lang=\"pt-BR\">As provas&nbsp;<\/span><span lang=\"pt-BR\">que envolvem&nbsp;<\/span><span lang=\"pt-BR\">vacas e novilhas&nbsp;<\/span><span lang=\"pt-BR\">acontecem<\/span><span lang=\"pt-BR\">&nbsp;<\/span><span lang=\"pt-BR\">\u00e0<\/span><span lang=\"pt-BR\">s quintas-feiras nas&nbsp;<\/span><span lang=\"pt-BR\">propried<\/span><span lang=\"pt-BR\">a<\/span><span lang=\"pt-BR\">de<\/span><span lang=\"pt-BR\">s&nbsp;<\/span><span lang=\"pt-BR\">dos 15 participantes inscritos&nbsp;<\/span><span lang=\"pt-BR\">onde acontecem<\/span><span lang=\"pt-BR\">&nbsp;tr\u00eas ordenhas.&nbsp;<\/span><span lang=\"pt-BR\">A equipe organizadora e fiscais<\/span><span lang=\"pt-BR\">&nbsp;anotam os resultados e&nbsp;<\/span><span lang=\"pt-BR\">eliminam<\/span><span lang=\"pt-BR\">&nbsp;a maior&nbsp;<\/span><span lang=\"pt-BR\">retirada, somando<\/span><span lang=\"pt-BR\">&nbsp;as outras duas&nbsp;<\/span><span lang=\"pt-BR\">para fazer uma<\/span><span lang=\"pt-BR\">&nbsp;<\/span><span lang=\"pt-BR\">m\u00e9dia d<\/span><span lang=\"pt-BR\">a<\/span><span lang=\"pt-BR\">&nbsp;produ\u00e7\u00e3o de leite&nbsp;<\/span><span lang=\"pt-BR\">por animal<\/span><span lang=\"pt-BR\">.<\/span><\/p>\n<\/div>\n<\/div>\n<\/div>\n<\/div>\n<\/div>\n<p><!--more--><\/p>\n<div id=\":23n\" class=\"a3s aiL \">\n<div>\n<div>\n<div>\n<p align=\"justify\"><span lang=\"pt-BR\">O c<\/span><span lang=\"pt-BR\">ampeonato&nbsp;<\/span><span lang=\"pt-BR\">\u00e9&nbsp;<\/span><span lang=\"pt-BR\">realizado pela Secretaria de Agricultura&nbsp;<\/span><span lang=\"pt-BR\">e Meio Ambiente&nbsp;<\/span><span lang=\"pt-BR\">da Prefeitura de Muria\u00e9&nbsp;<\/span><span lang=\"pt-BR\">e&nbsp;<\/span><span lang=\"pt-BR\">foi criado com o objetivo de&nbsp;<\/span><span lang=\"pt-BR\">ince<\/span><span lang=\"pt-BR\">ntiva<\/span><span lang=\"pt-BR\">r<\/span><span lang=\"pt-BR\">&nbsp;<\/span><span lang=\"pt-BR\">a&nbsp;<\/span><span lang=\"pt-BR\">produ\u00e7\u00e3o leiteira,&nbsp;<\/span><span lang=\"pt-BR\">assim como&nbsp;<\/span><span lang=\"pt-BR\">aquecer o agroneg\u00f3cio na regi\u00e3o<\/span><span lang=\"pt-BR\">&nbsp;<\/span><span lang=\"pt-BR\">e&nbsp;<\/span><span lang=\"pt-BR\">fomentar<\/span><span lang=\"pt-BR\">&nbsp;a<\/span><span lang=\"pt-BR\">&nbsp;troca de conhecimentos&nbsp;<\/span><span lang=\"pt-BR\">entre&nbsp;<\/span><span lang=\"pt-BR\">os&nbsp;<\/span><span lang=\"pt-BR\">produtores<\/span><span lang=\"pt-BR\">.<\/span><\/p>\n<p align=\"justify\"><span lang=\"pt-BR\">Ao final do torneio o<\/span><span lang=\"pt-BR\">&nbsp;primeiro lugar ganhar\u00e1 R$1.500,00, o segundo receber\u00e1 R$1.000,00 e o terceiro R$ 500,00.&nbsp;<\/span><span lang=\"pt-BR\">A<\/span><span lang=\"pt-BR\">s&nbsp;<\/span><span lang=\"pt-BR\">p<\/span><span lang=\"pt-BR\">remia\u00e7\u00f5es<\/span><span lang=\"pt-BR\">&nbsp;ser<\/span><span lang=\"pt-BR\">\u00e3<\/span><span lang=\"pt-BR\">o&nbsp;<\/span><span lang=\"pt-BR\">entregues n<\/span><span lang=\"pt-BR\">a primeira semana de&nbsp;<\/span><span lang=\"pt-BR\">outubro<\/span><span lang=\"pt-BR\">&nbsp;<\/span><span lang=\"pt-BR\">e contemplar\u00e3o ainda outros produtores participantes.<\/span><\/p>\n<p align=\"justify\"><span lang=\"pt-BR\">O torneio continua com mais duas provas que ter\u00e1 a participa\u00e7\u00e3o do grupo \u2018Amigos\u2019. As p<\/span>r\u00f3ximas pesagens&nbsp;ser\u00e3o no dia&nbsp;<span lang=\"pt-BR\">23\/09,&nbsp;<\/span><span lang=\"pt-BR\">na propriedade de&nbsp;<\/span><span lang=\"pt-BR\">Cl\u00e1udio Vieira (Bom Jardim)&nbsp;<\/span><span lang=\"pt-BR\">e no dia&nbsp;<\/span><span lang=\"pt-BR\">30\/09,&nbsp;<\/span><span lang=\"pt-BR\">no s\u00edtio de&nbsp;<\/span><span lang=\"pt-BR\">Alo\u00edsio Rog\u00e9rio (Belis\u00e1rio).<\/span><\/p>\n<\/div>\n<\/div>\n<\/div>\n<\/div>\n<div class=\"yj6qo\">&nbsp;<\/div>\n<div id=\":26a\" class=\"hq gt\">&nbsp;<\/div>\n","protected":false},"excerpt":{"rendered":"<p>O Torneio Leiteiro Curraleiro ainda ter\u00e1 mais duas etapas, por\u00e9m terminaram as provas relativas aos participantes da Agricultura Familiar nesta quinta-feira (2) na propriedade de Gustavo Marchese &#8211; classificado como campe\u00e3o da categoria \u2018vaca\u2019, com a produ\u00e7\u00e3o de 62,935 quilos de leite. Ele tamb\u00e9m participou com a novilha \u2018Cro\u00e1cia\u2019 que obteve a segunda coloca\u00e7\u00e3o nos [&hellip;]<\/p>\n","protected":false},"author":6,"featured_media":0,"comment_status":"open","ping_status":"closed","sticky":false,"template":"","format":"standard","meta":{"_joinchat":[],"footnotes":""},"categories":[1],"tags":[],"class_list":["post-77188","post","type-post","status-publish","format-standard","hentry","category-sem-categoria"],"_links":{"self":[{"href":"https:\/\/folhadosudeste.com\/site\/index.php?rest_route=\/wp\/v2\/posts\/77188","targetHints":{"allow":["GET"]}}],"collection":[{"href":"https:\/\/folhadosudeste.com\/site\/index.php?rest_route=\/wp\/v2\/posts"}],"about":[{"href":"https:\/\/folhadosudeste.com\/site\/index.php?rest_route=\/wp\/v2\/types\/post"}],"author":[{"embeddable":true,"href":"https:\/\/folhadosudeste.com\/site\/index.php?rest_route=\/wp\/v2\/users\/6"}],"replies":[{"embeddable":true,"href":"https:\/\/folhadosudeste.com\/site\/index.php?rest_route=%2Fwp%2Fv2%2Fcomments&post=77188"}],"version-history":[{"count":1,"href":"https:\/\/folhadosudeste.com\/site\/index.php?rest_route=\/wp\/v2\/posts\/77188\/revisions"}],"predecessor-version":[{"id":77190,"href":"https:\/\/folhadosudeste.com\/site\/index.php?rest_route=\/wp\/v2\/posts\/77188\/revisions\/77190"}],"wp:attachment":[{"href":"https:\/\/folhadosudeste.com\/site\/index.php?rest_route=%2Fwp%2Fv2%2Fmedia&parent=77188"}],"wp:term":[{"taxonomy":"category","embeddable":true,"href":"https:\/\/folhadosudeste.com\/site\/index.php?rest_route=%2Fwp%2Fv2%2Fcategories&post=77188"},{"taxonomy":"post_tag","embeddable":true,"href":"https:\/\/folhadosudeste.com\/site\/index.php?rest_route=%2Fwp%2Fv2%2Ftags&post=77188"}],"curies":[{"name":"wp","href":"https:\/\/api.w.org\/{rel}","templated":true}]}}