{"id":77191,"date":"2021-09-03T15:09:40","date_gmt":"2021-09-03T15:09:40","guid":{"rendered":"http:\/\/folhadosudeste.com\/site\/?p=77191"},"modified":"2021-09-03T15:09:40","modified_gmt":"2021-09-03T15:09:40","slug":"prefeito-e-vice-participam-do-aniversario-do-corpo-de-bombeiros-em-minas-gerais","status":"publish","type":"post","link":"https:\/\/folhadosudeste.com\/site\/?p=77191","title":{"rendered":"Prefeito e vice participam do anivers\u00e1rio do Corpo de Bombeiros em Minas Gerais"},"content":{"rendered":"<div id=\":25v\" class=\"ii gt\">\n<div id=\":25u\" class=\"a3s aiL \">\n<div>\n<div>\n<div>\n<p><a href=\"http:\/\/folhadosudeste.com\/site\/wp-content\/uploads\/2021\/09\/IMG_5872.jpg\"><img loading=\"lazy\" decoding=\"async\" class=\"alignnone size-full wp-image-77192\" src=\"http:\/\/folhadosudeste.com\/site\/wp-content\/uploads\/2021\/09\/IMG_5872.jpg\" alt=\"\" width=\"2048\" height=\"1536\" srcset=\"https:\/\/folhadosudeste.com\/site\/wp-content\/uploads\/2021\/09\/IMG_5872.jpg 2048w, https:\/\/folhadosudeste.com\/site\/wp-content\/uploads\/2021\/09\/IMG_5872-300x225.jpg 300w, https:\/\/folhadosudeste.com\/site\/wp-content\/uploads\/2021\/09\/IMG_5872-768x576.jpg 768w, https:\/\/folhadosudeste.com\/site\/wp-content\/uploads\/2021\/09\/IMG_5872-1024x768.jpg 1024w\" sizes=\"auto, (max-width: 2048px) 100vw, 2048px\" \/><\/a><\/p>\n<p style=\"text-align: justify;\">O Corpo de Bombeiros de Minas Gerais completa 110 anos neste&nbsp;3 de setembro. Orgulho dos mineiros, a corpora\u00e7\u00e3o \u00e9 s\u00edmbolo de supera\u00e7\u00e3o e entrega. Uma hist\u00f3ria que come\u00e7ou quando em 1911, alguns mineiros foram treinar com a corpora\u00e7\u00e3o do Rio&nbsp;de Janeiro.<\/p>\n<p style=\"text-align: justify;\">Desde ent\u00e3o, os bombeiros militares estiveram presentes em momentos fundamentais da hist\u00f3ria do Estado de Minas Gerais.<\/p>\n<p style=\"text-align: justify;\">Para comemorar a data, um culto ecum\u00eanico foi realizado com a presen\u00e7a de autoridades civis e militares, dentre elas o prefeito Jos\u00e9 Braz, o vice, Dr. Marcos Guarino e os secret\u00e1rios de Governo, Paulo S\u00e9rgio Amaral, e de Obras P\u00fablicas e Agricultura e Meio Ambiente, Carlos Kneip.<\/p>\n<\/div>\n<\/div>\n<\/div>\n<\/div>\n<\/div>\n<p><!--more--><\/p>\n<div id=\":25u\" class=\"a3s aiL \">\n<div>\n<div>\n<div>\n<p style=\"text-align: justify;\">O 2\u00ba Pelot\u00e3o de Bombeiros Militar \u00e9 uma fra\u00e7\u00e3o pertencente ao 4\u00ba Batalh\u00e3o de Bombeiros Militar e, possui sob sua responsabilidade 17 munic\u00edpios circunvizinhos a cidade de Muria\u00e9.<\/p>\n<p style=\"text-align: justify;\"><a name=\"m_-7229528532677549074_OBJ_PREFIX_DWT366_com_zimbra_date\"><\/a>O Pelot\u00e3o em Muria\u00e9 possui uma moderna estrutura, que oferece conforto aos militares e praticidade em suas instala\u00e7\u00f5es f\u00edsicas, mobili\u00e1rios, material de escrit\u00f3rio, recurso multim\u00eddia, entre outras quest\u00f5es log\u00edsticas. Na sede do 2\u00ba Pelot\u00e3o de Bombeiros tamb\u00e9m&nbsp;hoje&nbsp;est\u00e1 em funcionamento a base do SAMU e a Defesa Civil Municipal.<\/p>\n<p style=\"text-align: justify;\">O prefeito Jos\u00e9 Braz agradeceu a presen\u00e7a dos bombeiros na cidade e lembrou, em r\u00e1pidas palavras, quando decidiu investir para instalar a unidade na cidade, ajudando a salvar vidas e ser o \u201cAmigo certo, nas horas incertas\u201d.<\/p>\n<p style=\"text-align: justify;\">O comandante da unidade, ten\/BBM Dornelas agradeceu a presen\u00e7a de todos os convidados e ofereceu, em nome da corpora\u00e7\u00e3o, um caf\u00e9 da manh\u00e3 em homenagem aos 110 anos dos bombeiros em Minas Gerais.<\/p>\n<p><a href=\"http:\/\/folhadosudeste.com\/site\/wp-content\/uploads\/2021\/09\/IMG_5889.jpg\"><img loading=\"lazy\" decoding=\"async\" class=\"alignnone size-full wp-image-77193\" src=\"http:\/\/folhadosudeste.com\/site\/wp-content\/uploads\/2021\/09\/IMG_5889.jpg\" alt=\"\" width=\"2048\" height=\"1536\" srcset=\"https:\/\/folhadosudeste.com\/site\/wp-content\/uploads\/2021\/09\/IMG_5889.jpg 2048w, https:\/\/folhadosudeste.com\/site\/wp-content\/uploads\/2021\/09\/IMG_5889-300x225.jpg 300w, https:\/\/folhadosudeste.com\/site\/wp-content\/uploads\/2021\/09\/IMG_5889-768x576.jpg 768w, https:\/\/folhadosudeste.com\/site\/wp-content\/uploads\/2021\/09\/IMG_5889-1024x768.jpg 1024w\" sizes=\"auto, (max-width: 2048px) 100vw, 2048px\" \/><\/a> <a href=\"http:\/\/folhadosudeste.com\/site\/wp-content\/uploads\/2021\/09\/IMG_5849.jpg\"><img loading=\"lazy\" decoding=\"async\" class=\"alignnone size-full wp-image-77194\" src=\"http:\/\/folhadosudeste.com\/site\/wp-content\/uploads\/2021\/09\/IMG_5849.jpg\" alt=\"\" width=\"2048\" height=\"1536\" srcset=\"https:\/\/folhadosudeste.com\/site\/wp-content\/uploads\/2021\/09\/IMG_5849.jpg 2048w, https:\/\/folhadosudeste.com\/site\/wp-content\/uploads\/2021\/09\/IMG_5849-300x225.jpg 300w, https:\/\/folhadosudeste.com\/site\/wp-content\/uploads\/2021\/09\/IMG_5849-768x576.jpg 768w, https:\/\/folhadosudeste.com\/site\/wp-content\/uploads\/2021\/09\/IMG_5849-1024x768.jpg 1024w\" sizes=\"auto, (max-width: 2048px) 100vw, 2048px\" \/><\/a> <a href=\"http:\/\/folhadosudeste.com\/site\/wp-content\/uploads\/2021\/09\/IMG_5868.jpg\"><img loading=\"lazy\" decoding=\"async\" class=\"alignnone size-full wp-image-77195\" src=\"http:\/\/folhadosudeste.com\/site\/wp-content\/uploads\/2021\/09\/IMG_5868.jpg\" alt=\"\" width=\"2048\" height=\"1536\" srcset=\"https:\/\/folhadosudeste.com\/site\/wp-content\/uploads\/2021\/09\/IMG_5868.jpg 2048w, https:\/\/folhadosudeste.com\/site\/wp-content\/uploads\/2021\/09\/IMG_5868-300x225.jpg 300w, https:\/\/folhadosudeste.com\/site\/wp-content\/uploads\/2021\/09\/IMG_5868-768x576.jpg 768w, https:\/\/folhadosudeste.com\/site\/wp-content\/uploads\/2021\/09\/IMG_5868-1024x768.jpg 1024w\" sizes=\"auto, (max-width: 2048px) 100vw, 2048px\" \/><\/a><\/p>\n<\/div>\n<\/div>\n<\/div>\n<\/div>\n<div class=\"yj6qo\" style=\"text-align: justify;\">&nbsp;<\/div>\n<div id=\":27j\" class=\"hq gt\" style=\"text-align: justify;\">&nbsp;<\/div>\n","protected":false},"excerpt":{"rendered":"<p>O Corpo de Bombeiros de Minas Gerais completa 110 anos neste&nbsp;3 de setembro. Orgulho dos mineiros, a corpora\u00e7\u00e3o \u00e9 s\u00edmbolo de supera\u00e7\u00e3o e entrega. Uma hist\u00f3ria que come\u00e7ou quando em 1911, alguns mineiros foram treinar com a corpora\u00e7\u00e3o do Rio&nbsp;de Janeiro. Desde ent\u00e3o, os bombeiros militares estiveram presentes em momentos fundamentais da hist\u00f3ria do Estado [&hellip;]<\/p>\n","protected":false},"author":6,"featured_media":0,"comment_status":"open","ping_status":"closed","sticky":false,"template":"","format":"standard","meta":{"_joinchat":[],"footnotes":""},"categories":[1],"tags":[],"class_list":["post-77191","post","type-post","status-publish","format-standard","hentry","category-sem-categoria"],"_links":{"self":[{"href":"https:\/\/folhadosudeste.com\/site\/index.php?rest_route=\/wp\/v2\/posts\/77191","targetHints":{"allow":["GET"]}}],"collection":[{"href":"https:\/\/folhadosudeste.com\/site\/index.php?rest_route=\/wp\/v2\/posts"}],"about":[{"href":"https:\/\/folhadosudeste.com\/site\/index.php?rest_route=\/wp\/v2\/types\/post"}],"author":[{"embeddable":true,"href":"https:\/\/folhadosudeste.com\/site\/index.php?rest_route=\/wp\/v2\/users\/6"}],"replies":[{"embeddable":true,"href":"https:\/\/folhadosudeste.com\/site\/index.php?rest_route=%2Fwp%2Fv2%2Fcomments&post=77191"}],"version-history":[{"count":1,"href":"https:\/\/folhadosudeste.com\/site\/index.php?rest_route=\/wp\/v2\/posts\/77191\/revisions"}],"predecessor-version":[{"id":77196,"href":"https:\/\/folhadosudeste.com\/site\/index.php?rest_route=\/wp\/v2\/posts\/77191\/revisions\/77196"}],"wp:attachment":[{"href":"https:\/\/folhadosudeste.com\/site\/index.php?rest_route=%2Fwp%2Fv2%2Fmedia&parent=77191"}],"wp:term":[{"taxonomy":"category","embeddable":true,"href":"https:\/\/folhadosudeste.com\/site\/index.php?rest_route=%2Fwp%2Fv2%2Fcategories&post=77191"},{"taxonomy":"post_tag","embeddable":true,"href":"https:\/\/folhadosudeste.com\/site\/index.php?rest_route=%2Fwp%2Fv2%2Ftags&post=77191"}],"curies":[{"name":"wp","href":"https:\/\/api.w.org\/{rel}","templated":true}]}}