{"id":77241,"date":"2021-09-08T10:48:44","date_gmt":"2021-09-08T10:48:44","guid":{"rendered":"http:\/\/folhadosudeste.com\/site\/?p=77241"},"modified":"2021-09-08T10:48:44","modified_gmt":"2021-09-08T10:48:44","slug":"tradicional-jubileu-tera-inicio-nesta-terca-feira-em-vieiras","status":"publish","type":"post","link":"https:\/\/folhadosudeste.com\/site\/?p=77241","title":{"rendered":"Tradicional Jubileu ter\u00e1 in\u00edcio nesta ter\u00e7a-feira em Vieiras"},"content":{"rendered":"<p><a href=\"http:\/\/folhadosudeste.com\/site\/wp-content\/uploads\/2021\/09\/Par\u00f3quia-do-Senhor-Bom-Jesus-de-Vieiras.jpeg\"><img loading=\"lazy\" decoding=\"async\" class=\"alignnone size-full wp-image-77242\" src=\"http:\/\/folhadosudeste.com\/site\/wp-content\/uploads\/2021\/09\/Par\u00f3quia-do-Senhor-Bom-Jesus-de-Vieiras.jpeg\" alt=\"\" width=\"1024\" height=\"575\" srcset=\"https:\/\/folhadosudeste.com\/site\/wp-content\/uploads\/2021\/09\/Par\u00f3quia-do-Senhor-Bom-Jesus-de-Vieiras.jpeg 1024w, https:\/\/folhadosudeste.com\/site\/wp-content\/uploads\/2021\/09\/Par\u00f3quia-do-Senhor-Bom-Jesus-de-Vieiras-300x168.jpeg 300w, https:\/\/folhadosudeste.com\/site\/wp-content\/uploads\/2021\/09\/Par\u00f3quia-do-Senhor-Bom-Jesus-de-Vieiras-768x431.jpeg 768w\" sizes=\"auto, (max-width: 1024px) 100vw, 1024px\" \/><\/a><\/p>\n<p style=\"text-align: justify;\">Um dos eventos religiosos mais tradicionais da regi\u00e3o ter\u00e1 in\u00edcio nesta ter\u00e7a-feira, dia 7, em Vieiras. O 71\u00ba Jubileu do Senhor Bom Jesus de Vieiras contar\u00e1 com uma semana inteira de ora\u00e7\u00e3o, louvor e adora\u00e7\u00e3o para renovar a f\u00e9. A programa\u00e7\u00e3o prossegue at\u00e9 o dia 14 deste m\u00eas.<\/p>\n<p style=\"text-align: justify;\">Com o tema \u201cEu como crist\u00e3o no reino de Deus\u201d, o Jubileu \u00e9 uma realiza\u00e7\u00e3o da Par\u00f3quia do Senhor Bom Jesus com apoio da Prefeitura, atrav\u00e9s da Secretaria Municipal de Cultura, Esporte, Lazer e Turismo.<\/p>\n<p style=\"text-align: justify;\">&nbsp;<\/p>\n<p style=\"text-align: justify;\"><b>Confira abaixo a programa\u00e7\u00e3o completa:<\/b><\/p>\n<p style=\"text-align: justify;\"><!--more--><\/p>\n<p style=\"text-align: justify;\">&nbsp;&#8211; Ter\u00e7a-feira, dia 7: \u201cO reino de Deus na educa\u00e7\u00e3o social\u201d<\/p>\n<p style=\"text-align: justify;\">17h: abertura oficial do Jubileu<\/p>\n<p style=\"text-align: justify;\">19h: Respons\u00e1vel: Educa\u00e7\u00e3o Municipal. M\u00fasica: Grupo de Jovens. Padre Luiz Gonzaga, padre no Rio de Janeiro<\/p>\n<p style=\"text-align: justify;\">&nbsp;<\/p>\n<p style=\"text-align: justify;\">&nbsp;&#8211; Quarta-feira, dia 8: \u201cO reino de Deus na sociedade\u201d<\/p>\n<p style=\"text-align: justify;\">9h: Respons\u00e1vel: Legi\u00e3o de Maria. M\u00fasica: Valente. Padre Elias, p\u00e1roco de Tombos<\/p>\n<p style=\"text-align: justify;\">15h: Respons\u00e1vel: Ter\u00e7o das Mulheres. M\u00fasica: Filhas de Maria. Padre Cl\u00e1udio<\/p>\n<p style=\"text-align: justify;\">19h: Comunidade Belis\u00e1rio e Itamur\u00ed. Frei Gilberto, p\u00e1roco de Belis\u00e1rio<\/p>\n<p style=\"text-align: justify;\">&nbsp;<\/p>\n<p style=\"text-align: justify;\">&nbsp;&#8211; Quinta-feira, dia 9: \u201cO reino de Deus no trabalho\u201d<\/p>\n<p style=\"text-align: justify;\">9h: Equipe Nossa Senhora das Gra\u00e7as. M\u00fasica: Luzia. Padre Wellington, p\u00e1roco de Eugen\u00f3polis<\/p>\n<p style=\"text-align: justify;\">15h: Pastoral da Crian\u00e7a. M\u00fasica: Jovens. Padre Wellington, p\u00e1roco de Eugen\u00f3polis<\/p>\n<p style=\"text-align: justify;\">19h: Comunidade do Catun\u00e9. M\u00fasica: Catun\u00e9. Padre Jean, p\u00e1roco de Muria\u00e9<\/p>\n<p style=\"text-align: justify;\">&nbsp;<\/p>\n<p style=\"text-align: justify;\">&nbsp;&#8211; Sexta-feira, dia 10: \u201cO reino de Deus na sa\u00fade\u201d<\/p>\n<p style=\"text-align: justify;\">9h: M\u00fasica: Valente. Comunidade Laje e Gertrudes. Padre C\u00e9lio, padre em Eugen\u00f3polis<\/p>\n<p style=\"text-align: justify;\">15h: Secretaria de Sa\u00fade de Vieiras. M\u00fasica: Luzia. Padre Luiz Carlos, p\u00e1roco no Rio de Janeiro<\/p>\n<p style=\"text-align: justify;\">19h: Comunidade Pedra Dourada. M\u00fasica: Pedra Dourada. Padre Thiago, p\u00e1roco de Porci\u00fancula<\/p>\n<p style=\"text-align: justify;\">&nbsp;<\/p>\n<p style=\"text-align: justify;\">&nbsp;&#8211; S\u00e1bado, dia 11: \u201cO reino de Deus na velhice\u201d<\/p>\n<p style=\"text-align: justify;\">9h: Ter\u00e7o dos Homens. M\u00fasica: Ter\u00e7o dos Homens. Padre C\u00e9lio, padre em Eugen\u00f3polis<\/p>\n<p style=\"text-align: justify;\">15h: Comunidade Queirozes. M\u00fasica: Queiroz. Padre Air, p\u00e1roco em Campinas<\/p>\n<p style=\"text-align: justify;\">19h: Par\u00f3quia Miradouro. M\u00fasica: Jos\u00e9 M\u00e1rcio. Padre Sila, p\u00e1roco de Miradouro<\/p>\n<p style=\"text-align: justify;\">&nbsp;<\/p>\n<p style=\"text-align: justify;\">&nbsp;&#8211; Domingo, dia 12: \u201cO reino de Deus na inf\u00e2ncia e juventude\u201d<\/p>\n<p style=\"text-align: justify;\">9h: Catequese. M\u00fasica: Luzia. Padre Air, p\u00e1roco em Campinas<\/p>\n<p style=\"text-align: justify;\">12h: almo\u00e7o no Sal\u00e3o Paroquial. R$12,00 por refei\u00e7\u00e3o<\/p>\n<p style=\"text-align: justify;\">15h: Crisma. M\u00fasica: Olavo. Padre Luiz Carlos<\/p>\n<p style=\"text-align: justify;\">19h: Juventude. M\u00fasica: Jovens. Padre Cl\u00e1udio<\/p>\n<p style=\"text-align: justify;\">&nbsp;<\/p>\n<p style=\"text-align: justify;\">&nbsp;&#8211; Segunda-feira, dia 13: \u201cO reino de Deus na fam\u00edlia\u201d<\/p>\n<p style=\"text-align: justify;\">9h: Pastoral do Batismo. M\u00fasica: Filhas de Maria. Padre Air<\/p>\n<p style=\"text-align: justify;\">15h: Pastoral dos Noivos. M\u00fasica: Marcelo. Padre Afonso, padre em Eugen\u00f3polis<\/p>\n<p style=\"text-align: justify;\">19h: Renova\u00e7\u00e3o Carism\u00e1tica. Padre Pierre Maur\u00edcio, p\u00e1roco em Juiz de Fora. Ap\u00f3s a missa, prociss\u00e3o com velas<\/p>\n<p style=\"text-align: justify;\">&nbsp;<\/p>\n<p style=\"text-align: justify;\">&nbsp;&#8211; Ter\u00e7a-feira, dia 14: \u201cO reino de Deus nas comunidades\u201d<\/p>\n<p style=\"text-align: justify;\">8h: Setor Valente. M\u00fasica: Valente e Luzia. Padre Luiz Carlos<\/p>\n<p style=\"text-align: justify;\">10h: Setor Santa Luzia. M\u00fasica: Olavo. Padre Air<\/p>\n<p style=\"text-align: justify;\">12h: Setor Leite e Aredes. M\u00fasica: Renova\u00e7\u00e3o. Padre C\u00e9lio<\/p>\n<p style=\"text-align: justify;\">14h: Comunidade Santo Ant\u00f4nio do Gl\u00f3ria. M\u00fasica: Santo Ant\u00f4nio. Padre Silas, p\u00e1roco de Miradouro<\/p>\n<p style=\"text-align: justify;\">16h: prociss\u00e3o; ap\u00f3s, missa e show pirot\u00e9cnico<\/p>\n<p style=\"text-align: justify;\">17h: sorteio da rifa<\/p>\n<p style=\"text-align: justify;\">17h: Par\u00f3quia de Vieiras. M\u00fasica: Olavo e Luzia. Dom Jos\u00e9 Geraldo da Cruz, bispo Em\u00e9rito de Juazeiro da Bahia<\/p>\n","protected":false},"excerpt":{"rendered":"<p>Um dos eventos religiosos mais tradicionais da regi\u00e3o ter\u00e1 in\u00edcio nesta ter\u00e7a-feira, dia 7, em Vieiras. O 71\u00ba Jubileu do Senhor Bom Jesus de Vieiras contar\u00e1 com uma semana inteira de ora\u00e7\u00e3o, louvor e adora\u00e7\u00e3o para renovar a f\u00e9. A programa\u00e7\u00e3o prossegue at\u00e9 o dia 14 deste m\u00eas. Com o tema \u201cEu como crist\u00e3o no [&hellip;]<\/p>\n","protected":false},"author":6,"featured_media":0,"comment_status":"open","ping_status":"closed","sticky":false,"template":"","format":"standard","meta":{"_joinchat":[],"footnotes":""},"categories":[1],"tags":[],"class_list":["post-77241","post","type-post","status-publish","format-standard","hentry","category-sem-categoria"],"_links":{"self":[{"href":"https:\/\/folhadosudeste.com\/site\/index.php?rest_route=\/wp\/v2\/posts\/77241","targetHints":{"allow":["GET"]}}],"collection":[{"href":"https:\/\/folhadosudeste.com\/site\/index.php?rest_route=\/wp\/v2\/posts"}],"about":[{"href":"https:\/\/folhadosudeste.com\/site\/index.php?rest_route=\/wp\/v2\/types\/post"}],"author":[{"embeddable":true,"href":"https:\/\/folhadosudeste.com\/site\/index.php?rest_route=\/wp\/v2\/users\/6"}],"replies":[{"embeddable":true,"href":"https:\/\/folhadosudeste.com\/site\/index.php?rest_route=%2Fwp%2Fv2%2Fcomments&post=77241"}],"version-history":[{"count":1,"href":"https:\/\/folhadosudeste.com\/site\/index.php?rest_route=\/wp\/v2\/posts\/77241\/revisions"}],"predecessor-version":[{"id":77243,"href":"https:\/\/folhadosudeste.com\/site\/index.php?rest_route=\/wp\/v2\/posts\/77241\/revisions\/77243"}],"wp:attachment":[{"href":"https:\/\/folhadosudeste.com\/site\/index.php?rest_route=%2Fwp%2Fv2%2Fmedia&parent=77241"}],"wp:term":[{"taxonomy":"category","embeddable":true,"href":"https:\/\/folhadosudeste.com\/site\/index.php?rest_route=%2Fwp%2Fv2%2Fcategories&post=77241"},{"taxonomy":"post_tag","embeddable":true,"href":"https:\/\/folhadosudeste.com\/site\/index.php?rest_route=%2Fwp%2Fv2%2Ftags&post=77241"}],"curies":[{"name":"wp","href":"https:\/\/api.w.org\/{rel}","templated":true}]}}