{"id":77245,"date":"2021-09-09T10:59:58","date_gmt":"2021-09-09T10:59:58","guid":{"rendered":"http:\/\/folhadosudeste.com\/site\/?p=77245"},"modified":"2021-09-09T10:59:58","modified_gmt":"2021-09-09T10:59:58","slug":"8a-etapa-do-torneio-leiteiro-foi-na-propriedade-de-jose-dos-santos","status":"publish","type":"post","link":"https:\/\/folhadosudeste.com\/site\/?p=77245","title":{"rendered":"8\u00aa etapa do Torneio Leiteiro foi na propriedade de Jos\u00e9 dos Santos"},"content":{"rendered":"<div id=\":24n\" class=\"ii gt\">\n<div id=\":24m\" class=\"a3s aiL \">\n<div>\n<div>\n<div>\n<p align=\"justify\"><a href=\"http:\/\/folhadosudeste.com\/site\/wp-content\/uploads\/2021\/09\/Torneio-Leiteiro.02.jpg\"><img loading=\"lazy\" decoding=\"async\" class=\"alignnone size-full wp-image-77246\" src=\"http:\/\/folhadosudeste.com\/site\/wp-content\/uploads\/2021\/09\/Torneio-Leiteiro.02.jpg\" alt=\"\" width=\"1280\" height=\"853\" srcset=\"https:\/\/folhadosudeste.com\/site\/wp-content\/uploads\/2021\/09\/Torneio-Leiteiro.02.jpg 1280w, https:\/\/folhadosudeste.com\/site\/wp-content\/uploads\/2021\/09\/Torneio-Leiteiro.02-300x200.jpg 300w, https:\/\/folhadosudeste.com\/site\/wp-content\/uploads\/2021\/09\/Torneio-Leiteiro.02-768x512.jpg 768w, https:\/\/folhadosudeste.com\/site\/wp-content\/uploads\/2021\/09\/Torneio-Leiteiro.02-1024x682.jpg 1024w, https:\/\/folhadosudeste.com\/site\/wp-content\/uploads\/2021\/09\/Torneio-Leiteiro.02-120x80.jpg 120w, https:\/\/folhadosudeste.com\/site\/wp-content\/uploads\/2021\/09\/Torneio-Leiteiro.02-345x230.jpg 345w\" sizes=\"auto, (max-width: 1280px) 100vw, 1280px\" \/><\/a><\/p>\n<p align=\"justify\">A 4\u00aa edi\u00e7\u00e3o do Torneio Leiteiro Curraleiro foi realizada na \u00faltima semana na propriedade de Jos\u00e9 Luiz dos Santos, distrito de Vermelho. No nono dia da prova a vaca \u2018Mandala\u2019 produziu uma m\u00e9dia de 25 quilos e 565 gramas de leite.<\/p>\n<p align=\"justify\"><span lang=\"pt-BR\">O&nbsp;<\/span><span lang=\"pt-BR\">campeonato&nbsp;<\/span><span lang=\"pt-BR\">tem<\/span><span lang=\"pt-BR\">&nbsp;15<\/span><span lang=\"pt-BR\">&nbsp;participantes&nbsp;<\/span><span lang=\"pt-BR\">e a&nbsp;<\/span><span lang=\"pt-BR\">maioria d<\/span><span lang=\"pt-BR\">eles&nbsp;<\/span><span lang=\"pt-BR\">s\u00e3o&nbsp;<\/span><span lang=\"pt-BR\">produtores da \u2018<\/span><span lang=\"pt-BR\">A<\/span><span lang=\"pt-BR\">gricultura&nbsp;<\/span><span lang=\"pt-BR\">F<\/span><span lang=\"pt-BR\">amiliar\u2019.&nbsp;<\/span><span lang=\"pt-BR\">Tamb\u00e9m participam outros&nbsp;<\/span><span lang=\"pt-BR\">membros<\/span><span lang=\"pt-BR\">&nbsp;<\/span><span lang=\"pt-BR\">que s\u00e3o os chamados de&nbsp;<\/span><span lang=\"pt-BR\">\u2018<\/span><span lang=\"pt-BR\">A<\/span><span lang=\"pt-BR\">migos\u2019 (propriet\u00e1rios que decidiram entrar no torneio&nbsp;<\/span><span lang=\"pt-BR\">para interagir&nbsp;<\/span><span lang=\"pt-BR\">e trocar experi\u00eancias,&nbsp;<\/span><span lang=\"pt-BR\">apesar de possu\u00edrem&nbsp;<\/span><span lang=\"pt-BR\">percentuais de terra maiores<\/span><span lang=\"pt-BR\">)<\/span><span lang=\"pt-BR\">.<\/span><\/p>\n<p align=\"justify\"><span lang=\"pt-BR\">O c<\/span><span lang=\"pt-BR\">ampeonato&nbsp;<\/span><span lang=\"pt-BR\">\u00e9&nbsp;<\/span><span lang=\"pt-BR\">realizado pela Secretaria de Agricultura&nbsp;<\/span><span lang=\"pt-BR\">e Meio Ambiente&nbsp;<\/span><span lang=\"pt-BR\">e&nbsp;<\/span><span lang=\"pt-BR\">ince<\/span><span lang=\"pt-BR\">ntiva<\/span><span lang=\"pt-BR\">&nbsp;<\/span><span lang=\"pt-BR\">a&nbsp;<\/span><span lang=\"pt-BR\">produ\u00e7\u00e3o leiteira,&nbsp;<\/span><span lang=\"pt-BR\">al\u00e9m de&nbsp;<\/span><span lang=\"pt-BR\">proporcionar<\/span><span lang=\"pt-BR\">&nbsp;a<\/span><span lang=\"pt-BR\">&nbsp;troca de conhecimentos&nbsp;<\/span><span lang=\"pt-BR\">entre produtores e propiciar<\/span><span lang=\"pt-BR\">&nbsp;neg\u00f3cios.&nbsp;<\/span><span lang=\"pt-BR\">\u201c<\/span><span lang=\"pt-BR\">O Torneio \u00e9 um programa importante para criadores de vacas leiteiras. \u00c9 um programa incentivado pelo prefeito Jos\u00e9 Braz que valoriza&nbsp;<\/span><span lang=\"pt-BR\">o<\/span><span lang=\"pt-BR\">&nbsp;segmento&nbsp;<\/span><span lang=\"pt-BR\">econ\u00f4mico de grande express\u00e3o para Muria\u00e9<\/span><span lang=\"pt-BR\">. Para n\u00f3s, \u00e9 uma forma de apresentar&nbsp;<\/span><span lang=\"pt-BR\">para a<\/span><span lang=\"pt-BR\">&nbsp;cidade e regi\u00e3o&nbsp;<\/span><span lang=\"pt-BR\">a riqueza<\/span><span lang=\"pt-BR\">&nbsp;e fart<\/span><span lang=\"pt-BR\">ura da<\/span><span lang=\"pt-BR\">&nbsp;produ\u00e7\u00e3o&nbsp;<\/span><span lang=\"pt-BR\">de leite<\/span><span lang=\"pt-BR\">&nbsp;<\/span><span lang=\"pt-BR\">n<\/span><span lang=\"pt-BR\">o munic\u00edpio\u201d, declarou o secret\u00e1rio de Agricultura&nbsp;<\/span><span lang=\"pt-BR\">e Meio Ambiente<\/span><span lang=\"pt-BR\">, Carlos Kneip.<\/span><\/p>\n<\/div>\n<\/div>\n<\/div>\n<\/div>\n<\/div>\n<p><!--more--><\/p>\n<div id=\":24m\" class=\"a3s aiL \">\n<div>\n<div>\n<div>\n<p align=\"justify\"><span lang=\"pt-BR\">A<\/span><span lang=\"pt-BR\">o<\/span><span lang=\"pt-BR\">&nbsp;final&nbsp;<\/span><span lang=\"pt-BR\">da 4\u00aa edi\u00e7\u00e3o&nbsp;<\/span><span lang=\"pt-BR\">d<\/span><span lang=\"pt-BR\">o Torneio Leitei<\/span><span lang=\"pt-BR\">ro,<\/span><span lang=\"pt-BR\">&nbsp;<\/span><span lang=\"pt-BR\">a&nbsp;<\/span><span lang=\"pt-BR\">Prefeitura de Muria\u00e9<\/span><span lang=\"pt-BR\">&nbsp;<\/span><span lang=\"pt-BR\">entregar\u00e1<\/span><span lang=\"pt-BR\">&nbsp;<\/span><span lang=\"pt-BR\">a<\/span><span lang=\"pt-BR\">o primeiro&nbsp;<\/span><span lang=\"pt-BR\">colocado&nbsp;<\/span><span lang=\"pt-BR\">o<\/span><span lang=\"pt-BR\">&nbsp;valor de&nbsp;<\/span><span lang=\"pt-BR\">R$1.500,00, para o segundo R$1.000,00 e,&nbsp;<\/span><span lang=\"pt-BR\">para aquele que ficar em&nbsp;<\/span><span lang=\"pt-BR\">terceiro lugar,&nbsp;<\/span><span lang=\"pt-BR\">R$ 500,<\/span><span lang=\"pt-BR\">00<\/span><span lang=\"pt-BR\">.&nbsp;<\/span><span lang=\"pt-BR\">Tais<\/span><span lang=\"pt-BR\">&nbsp;valores s<\/span><span lang=\"pt-BR\">\u00e3o para o<\/span><span lang=\"pt-BR\">s<\/span><span lang=\"pt-BR\">&nbsp;vencedores do grupo da \u2018Agricultura Familiar\u2019&nbsp;<\/span><span lang=\"pt-BR\">(<\/span><span lang=\"pt-BR\">pequenos propriet\u00e1rios<\/span><span lang=\"pt-BR\">)<\/span><span lang=\"pt-BR\">. Os integrantes do grupo \u201cAmigos\u2019,&nbsp;<\/span><span lang=\"pt-BR\">que tamb\u00e9m participam do evento,&nbsp;<\/span><span lang=\"pt-BR\">ser\u00e3o&nbsp;<\/span><span lang=\"pt-BR\">agraciados<\/span><span lang=\"pt-BR\">&nbsp;com&nbsp;<\/span><span lang=\"pt-BR\">pr\u00eamios<\/span><span lang=\"pt-BR\">&nbsp;de participa\u00e7\u00e3o<\/span><span lang=\"pt-BR\">.<\/span><\/p>\n<p><b>Pr\u00f3ximas pesagens:&nbsp;<\/b><span lang=\"pt-BR\"><b>23\/09<\/b><\/span><span lang=\"pt-BR\">&nbsp;&#8211; Cl\u00e1udio Vieira (Bom Jardim)&nbsp;<\/span><span lang=\"pt-BR\">e<\/span><span lang=\"pt-BR\">&nbsp;<\/span><span lang=\"pt-BR\"><b>30\/09&nbsp;<\/b><\/span><span lang=\"pt-BR\">&#8211;&nbsp;<\/span><span lang=\"pt-BR\">Alo\u00edsio Rog\u00e9rio (Belis\u00e1rio).<\/span><\/p>\n<p><a href=\"http:\/\/folhadosudeste.com\/site\/wp-content\/uploads\/2021\/09\/torneio.03.jpg\"><img loading=\"lazy\" decoding=\"async\" class=\"alignnone size-full wp-image-77247\" src=\"http:\/\/folhadosudeste.com\/site\/wp-content\/uploads\/2021\/09\/torneio.03.jpg\" alt=\"\" width=\"1280\" height=\"853\" srcset=\"https:\/\/folhadosudeste.com\/site\/wp-content\/uploads\/2021\/09\/torneio.03.jpg 1280w, https:\/\/folhadosudeste.com\/site\/wp-content\/uploads\/2021\/09\/torneio.03-300x200.jpg 300w, https:\/\/folhadosudeste.com\/site\/wp-content\/uploads\/2021\/09\/torneio.03-768x512.jpg 768w, https:\/\/folhadosudeste.com\/site\/wp-content\/uploads\/2021\/09\/torneio.03-1024x682.jpg 1024w, https:\/\/folhadosudeste.com\/site\/wp-content\/uploads\/2021\/09\/torneio.03-120x80.jpg 120w, https:\/\/folhadosudeste.com\/site\/wp-content\/uploads\/2021\/09\/torneio.03-345x230.jpg 345w\" sizes=\"auto, (max-width: 1280px) 100vw, 1280px\" \/><\/a><\/p>\n<\/div>\n<\/div>\n<\/div>\n<\/div>\n<div id=\":25x\" class=\"hq gt\">&nbsp;<\/div>\n","protected":false},"excerpt":{"rendered":"<p>A 4\u00aa edi\u00e7\u00e3o do Torneio Leiteiro Curraleiro foi realizada na \u00faltima semana na propriedade de Jos\u00e9 Luiz dos Santos, distrito de Vermelho. No nono dia da prova a vaca \u2018Mandala\u2019 produziu uma m\u00e9dia de 25 quilos e 565 gramas de leite. O&nbsp;campeonato&nbsp;tem&nbsp;15&nbsp;participantes&nbsp;e a&nbsp;maioria deles&nbsp;s\u00e3o&nbsp;produtores da \u2018Agricultura&nbsp;Familiar\u2019.&nbsp;Tamb\u00e9m participam outros&nbsp;membros&nbsp;que s\u00e3o os chamados de&nbsp;\u2018Amigos\u2019 (propriet\u00e1rios que decidiram [&hellip;]<\/p>\n","protected":false},"author":6,"featured_media":0,"comment_status":"open","ping_status":"closed","sticky":false,"template":"","format":"standard","meta":{"_joinchat":[],"footnotes":""},"categories":[1],"tags":[],"class_list":["post-77245","post","type-post","status-publish","format-standard","hentry","category-sem-categoria"],"_links":{"self":[{"href":"https:\/\/folhadosudeste.com\/site\/index.php?rest_route=\/wp\/v2\/posts\/77245","targetHints":{"allow":["GET"]}}],"collection":[{"href":"https:\/\/folhadosudeste.com\/site\/index.php?rest_route=\/wp\/v2\/posts"}],"about":[{"href":"https:\/\/folhadosudeste.com\/site\/index.php?rest_route=\/wp\/v2\/types\/post"}],"author":[{"embeddable":true,"href":"https:\/\/folhadosudeste.com\/site\/index.php?rest_route=\/wp\/v2\/users\/6"}],"replies":[{"embeddable":true,"href":"https:\/\/folhadosudeste.com\/site\/index.php?rest_route=%2Fwp%2Fv2%2Fcomments&post=77245"}],"version-history":[{"count":1,"href":"https:\/\/folhadosudeste.com\/site\/index.php?rest_route=\/wp\/v2\/posts\/77245\/revisions"}],"predecessor-version":[{"id":77248,"href":"https:\/\/folhadosudeste.com\/site\/index.php?rest_route=\/wp\/v2\/posts\/77245\/revisions\/77248"}],"wp:attachment":[{"href":"https:\/\/folhadosudeste.com\/site\/index.php?rest_route=%2Fwp%2Fv2%2Fmedia&parent=77245"}],"wp:term":[{"taxonomy":"category","embeddable":true,"href":"https:\/\/folhadosudeste.com\/site\/index.php?rest_route=%2Fwp%2Fv2%2Fcategories&post=77245"},{"taxonomy":"post_tag","embeddable":true,"href":"https:\/\/folhadosudeste.com\/site\/index.php?rest_route=%2Fwp%2Fv2%2Ftags&post=77245"}],"curies":[{"name":"wp","href":"https:\/\/api.w.org\/{rel}","templated":true}]}}