{"id":77249,"date":"2021-09-09T11:05:04","date_gmt":"2021-09-09T11:05:04","guid":{"rendered":"http:\/\/folhadosudeste.com\/site\/?p=77249"},"modified":"2021-09-09T11:05:04","modified_gmt":"2021-09-09T11:05:04","slug":"juventude-lanca-programacoes-artisticas-em-bairros-e-distritos","status":"publish","type":"post","link":"https:\/\/folhadosudeste.com\/site\/?p=77249","title":{"rendered":"Juventude lan\u00e7a programa\u00e7\u00f5es art\u00edsticas em bairros e distritos"},"content":{"rendered":"<div id=\":23v\" class=\"ii gt\">\n<div id=\":23w\" class=\"a3s aiL \">\n<div>\n<div>\n<div>\n<p align=\"justify\"><a href=\"http:\/\/folhadosudeste.com\/site\/wp-content\/uploads\/2021\/09\/Agentes-da-quebrada.02.jpg\"><img loading=\"lazy\" decoding=\"async\" class=\"alignnone size-full wp-image-77250\" src=\"http:\/\/folhadosudeste.com\/site\/wp-content\/uploads\/2021\/09\/Agentes-da-quebrada.02.jpg\" alt=\"\" width=\"1280\" height=\"677\" srcset=\"https:\/\/folhadosudeste.com\/site\/wp-content\/uploads\/2021\/09\/Agentes-da-quebrada.02.jpg 1280w, https:\/\/folhadosudeste.com\/site\/wp-content\/uploads\/2021\/09\/Agentes-da-quebrada.02-300x159.jpg 300w, https:\/\/folhadosudeste.com\/site\/wp-content\/uploads\/2021\/09\/Agentes-da-quebrada.02-768x406.jpg 768w, https:\/\/folhadosudeste.com\/site\/wp-content\/uploads\/2021\/09\/Agentes-da-quebrada.02-1024x542.jpg 1024w\" sizes=\"auto, (max-width: 1280px) 100vw, 1280px\" \/><\/a><\/p>\n<p style=\"text-align: justify;\" align=\"justify\">O Setor de Juventude da Fundarte est\u00e1 lan\u00e7ando o programa \u2018Agentes da Quebrada\u2019 com o objetivo de preparar e capacitar jovens para levar apoio as comunidades, possibilitando que as mesmas sejam notadas pelo poder p\u00fablico, mas tamb\u00e9m que possam gerar investimentos nas \u00e1reas de lazer, cultura, esporte empreendedorismo e emprego.<\/p>\n<p style=\"text-align: justify;\" align=\"justify\">O nome escolhido tem o prop\u00f3sito de difundir a vis\u00e3o de que cidade e distritos s\u00e3o compostos, em grande parte, por territ\u00f3rios perif\u00e9ricos, tamb\u00e9m conhecidos como \u2018\u2019quebradas\u2019\u2019, na linguagem popular do jovem. J\u00e1 a palavra que precede o t\u00edtulo do programa \u2018Agentes\u2019, agrega a finalidade de empoderar os adolescentes sobre a responsabilidade social que devem ter com seu p\u00fablico.<\/p>\n<\/div>\n<\/div>\n<\/div>\n<\/div>\n<\/div>\n<p style=\"text-align: justify;\"><!--more--><\/p>\n<div id=\":23w\" class=\"a3s aiL \" style=\"text-align: justify;\">\n<div>\n<div>\n<div>\n<p align=\"justify\">O setor vem firmando parcerias nos distritos e bairros de Muria\u00e9 para impulsionar o projeto. Em Boa Fam\u00edlia estreitou la\u00e7os com a moradora Luciana Braga que, junto com a diretora da Escola Estadual Tem\u00edstocles Eutr\u00f3pio, forneceram o suporte necess\u00e1rio para a realiza\u00e7\u00e3o de algumas a\u00e7\u00f5es e cursos.<\/p>\n<p align=\"justify\">\nNo bairro Gaspar, o apoio veio de uma moradora e da igreja Nossa Senhora de Aparecida, assim como do m\u00fasico e produtor musical, Welder Costa, que oferecer\u00e1 aulas de viol\u00e3o (inicia\u00e7\u00e3o b\u00e1sica).<\/p>\n<p align=\"justify\">J\u00e1 no Aeroporto, o morador, professor e produtor cultural, Sandro Carrizo, estreitou apoio atrav\u00e9s do movimento Pr\u00f3 Cultura e assim v\u00e3o surgindo os alicerces, como outro que veio a se consolidar no bairro Vale Verde\/Padre Tiago, por meio da Associa\u00e7\u00e3o Cultural &#8211; Ascult.<\/p>\n<p align=\"justify\">Ser\u00e3o cinco pontos de apoio at\u00e9 o final de 2021. As unidades ser\u00e3o locais de acolhimento e atividades relacionadas ao esporte, cultura, lazer e empreendedorismo.<\/p>\n<p align=\"justify\">O programa segue convidando moradores dos variados bairros para contribuir com a\u00e7\u00f5es culturais e esportivas que minimizem danos causados pela falta de acessibilidade cultural na vida de jovens em situa\u00e7\u00f5es vulner\u00e1veis.<\/p>\n<\/div>\n<\/div>\n<\/div>\n<\/div>\n<div class=\"yj6qo\" style=\"text-align: justify;\"><a href=\"http:\/\/folhadosudeste.com\/site\/wp-content\/uploads\/2021\/09\/Agentes-da-quebarda.01.jpg\"><img loading=\"lazy\" decoding=\"async\" class=\"alignnone size-full wp-image-77251\" src=\"http:\/\/folhadosudeste.com\/site\/wp-content\/uploads\/2021\/09\/Agentes-da-quebarda.01.jpg\" alt=\"\" width=\"1280\" height=\"720\" srcset=\"https:\/\/folhadosudeste.com\/site\/wp-content\/uploads\/2021\/09\/Agentes-da-quebarda.01.jpg 1280w, https:\/\/folhadosudeste.com\/site\/wp-content\/uploads\/2021\/09\/Agentes-da-quebarda.01-300x169.jpg 300w, https:\/\/folhadosudeste.com\/site\/wp-content\/uploads\/2021\/09\/Agentes-da-quebarda.01-768x432.jpg 768w, https:\/\/folhadosudeste.com\/site\/wp-content\/uploads\/2021\/09\/Agentes-da-quebarda.01-1024x576.jpg 1024w\" sizes=\"auto, (max-width: 1280px) 100vw, 1280px\" \/><\/a><\/div>\n<div id=\":25t\" class=\"hq gt\" style=\"text-align: justify;\">&nbsp;<\/div>\n","protected":false},"excerpt":{"rendered":"<p>O Setor de Juventude da Fundarte est\u00e1 lan\u00e7ando o programa \u2018Agentes da Quebrada\u2019 com o objetivo de preparar e capacitar jovens para levar apoio as comunidades, possibilitando que as mesmas sejam notadas pelo poder p\u00fablico, mas tamb\u00e9m que possam gerar investimentos nas \u00e1reas de lazer, cultura, esporte empreendedorismo e emprego. O nome escolhido tem o [&hellip;]<\/p>\n","protected":false},"author":6,"featured_media":0,"comment_status":"open","ping_status":"closed","sticky":false,"template":"","format":"standard","meta":{"_joinchat":[],"footnotes":""},"categories":[1],"tags":[],"class_list":["post-77249","post","type-post","status-publish","format-standard","hentry","category-sem-categoria"],"_links":{"self":[{"href":"https:\/\/folhadosudeste.com\/site\/index.php?rest_route=\/wp\/v2\/posts\/77249","targetHints":{"allow":["GET"]}}],"collection":[{"href":"https:\/\/folhadosudeste.com\/site\/index.php?rest_route=\/wp\/v2\/posts"}],"about":[{"href":"https:\/\/folhadosudeste.com\/site\/index.php?rest_route=\/wp\/v2\/types\/post"}],"author":[{"embeddable":true,"href":"https:\/\/folhadosudeste.com\/site\/index.php?rest_route=\/wp\/v2\/users\/6"}],"replies":[{"embeddable":true,"href":"https:\/\/folhadosudeste.com\/site\/index.php?rest_route=%2Fwp%2Fv2%2Fcomments&post=77249"}],"version-history":[{"count":1,"href":"https:\/\/folhadosudeste.com\/site\/index.php?rest_route=\/wp\/v2\/posts\/77249\/revisions"}],"predecessor-version":[{"id":77252,"href":"https:\/\/folhadosudeste.com\/site\/index.php?rest_route=\/wp\/v2\/posts\/77249\/revisions\/77252"}],"wp:attachment":[{"href":"https:\/\/folhadosudeste.com\/site\/index.php?rest_route=%2Fwp%2Fv2%2Fmedia&parent=77249"}],"wp:term":[{"taxonomy":"category","embeddable":true,"href":"https:\/\/folhadosudeste.com\/site\/index.php?rest_route=%2Fwp%2Fv2%2Fcategories&post=77249"},{"taxonomy":"post_tag","embeddable":true,"href":"https:\/\/folhadosudeste.com\/site\/index.php?rest_route=%2Fwp%2Fv2%2Ftags&post=77249"}],"curies":[{"name":"wp","href":"https:\/\/api.w.org\/{rel}","templated":true}]}}