{"id":77261,"date":"2021-09-09T11:15:28","date_gmt":"2021-09-09T11:15:28","guid":{"rendered":"http:\/\/folhadosudeste.com\/site\/?p=77261"},"modified":"2021-09-09T11:15:28","modified_gmt":"2021-09-09T11:15:28","slug":"o-boletim-desta-quarta-feira-o-primeiro-apos-o-feriado-prolongado-confirmou-18-novos-casos-de-covid-em-muriae","status":"publish","type":"post","link":"https:\/\/folhadosudeste.com\/site\/?p=77261","title":{"rendered":"O boletim desta quarta-feira, o primeiro ap\u00f3s o feriado prolongado, confirmou 18 novos casos de covid em Muria\u00e9"},"content":{"rendered":"<div><a href=\"http:\/\/folhadosudeste.com\/site\/wp-content\/uploads\/2021\/09\/08092021.png\"><img loading=\"lazy\" decoding=\"async\" class=\"alignnone size-full wp-image-77262\" src=\"http:\/\/folhadosudeste.com\/site\/wp-content\/uploads\/2021\/09\/08092021.png\" alt=\"\" width=\"1080\" height=\"1080\" srcset=\"https:\/\/folhadosudeste.com\/site\/wp-content\/uploads\/2021\/09\/08092021.png 1080w, https:\/\/folhadosudeste.com\/site\/wp-content\/uploads\/2021\/09\/08092021-150x150.png 150w, https:\/\/folhadosudeste.com\/site\/wp-content\/uploads\/2021\/09\/08092021-300x300.png 300w, https:\/\/folhadosudeste.com\/site\/wp-content\/uploads\/2021\/09\/08092021-768x768.png 768w, https:\/\/folhadosudeste.com\/site\/wp-content\/uploads\/2021\/09\/08092021-1024x1024.png 1024w\" sizes=\"auto, (max-width: 1080px) 100vw, 1080px\" \/><\/a><\/div>\n<div>&nbsp;<\/div>\n<div style=\"text-align: justify;\">O n\u00famero de pacientes ativos fechou em 48, das quais 34 est\u00e3o internadas nos hospitais da cidade. As interna\u00e7\u00f5es dividem-se da seguinte forma:<\/div>\n<div style=\"text-align: justify;\">&nbsp;<\/div>\n<div style=\"text-align: justify;\">ENFERMARIA: 10 pacientes (SUS: 7 |Particular: 3)<\/div>\n<div style=\"text-align: justify;\">UTI &#8211; N\u00c3O INTUBADOS: 17 pacientes (SUS: 7 | Particular: 10)<\/div>\n<div style=\"text-align: justify;\">UTI &#8211; INTUBADOS: 7 pacientes (SUS: 5 | Particular: 2)<\/div>\n<div style=\"text-align: justify;\">&nbsp;<\/div>\n<div style=\"text-align: justify;\">Vacina\u00e7\u00e3o &#8211; Na quinta-feira, haver\u00e1 aplica\u00e7\u00e3o de segunda dose da Astrazeneca, Coronavac e Pfizer, conforme data agendada no cart\u00e3o de vacinas.<\/div>\n<div style=\"text-align: justify;\">&nbsp;<\/div>\n<div style=\"text-align: justify;\">O atendimento para vacina\u00e7\u00e3o \u00e9 das 8h \u00e0s 11h, nas unidades b\u00e1sicas de sa\u00fade dos bairros Dornelas, Padre Tiago, Planalto, Primavera e S\u00e3o Francisco.<\/div>\n<p style=\"text-align: justify;\"><!--more--><\/p>\n<div style=\"text-align: justify;\">&nbsp;<\/div>\n<div style=\"text-align: justify;\">\u00c9 necess\u00e1rio apresentar o documento de identidade ou CPF, al\u00e9m do cart\u00e3o de vacinas com a comprova\u00e7\u00e3o da primeira dose.<\/div>\n<div style=\"text-align: justify;\">&nbsp;<\/div>\n<div style=\"text-align: justify;\">N\u00fameros completos de hoje (08\/09\/2021):<\/div>\n<div style=\"text-align: justify;\">&nbsp;<\/div>\n<div style=\"text-align: justify;\">VACINA\u00c7\u00c3O<\/div>\n<div style=\"text-align: justify;\">Parcialmente vacinados: 76.203 pessoas (69,66% da popula\u00e7\u00e3o)<\/div>\n<div style=\"text-align: justify;\">Totalmente vacinados: 39.468 pessoas (36,08% da popula\u00e7\u00e3o)<\/div>\n<div style=\"text-align: justify;\">&nbsp;<\/div>\n<div style=\"text-align: justify;\">CASOS<\/div>\n<div style=\"text-align: justify;\">Total de casos confirmados: 11.592 (+18)<\/div>\n<div style=\"text-align: justify;\">Pacientes ativos: 48<\/div>\n<div style=\"text-align: justify;\">Pacientes curados: 11.238<\/div>\n<div style=\"text-align: justify;\">\u00d3bitos: 306<\/div>\n<div style=\"text-align: justify;\">Investigados \/ Monitorados: 101<\/div>\n<div style=\"text-align: justify;\">Negativos: 13.656<\/div>\n","protected":false},"excerpt":{"rendered":"<p>&nbsp; O n\u00famero de pacientes ativos fechou em 48, das quais 34 est\u00e3o internadas nos hospitais da cidade. As interna\u00e7\u00f5es dividem-se da seguinte forma: &nbsp; ENFERMARIA: 10 pacientes (SUS: 7 |Particular: 3) UTI &#8211; N\u00c3O INTUBADOS: 17 pacientes (SUS: 7 | Particular: 10) UTI &#8211; INTUBADOS: 7 pacientes (SUS: 5 | Particular: 2) &nbsp; Vacina\u00e7\u00e3o [&hellip;]<\/p>\n","protected":false},"author":6,"featured_media":0,"comment_status":"open","ping_status":"closed","sticky":false,"template":"","format":"standard","meta":{"_joinchat":[],"footnotes":""},"categories":[1],"tags":[],"class_list":["post-77261","post","type-post","status-publish","format-standard","hentry","category-sem-categoria"],"_links":{"self":[{"href":"https:\/\/folhadosudeste.com\/site\/index.php?rest_route=\/wp\/v2\/posts\/77261","targetHints":{"allow":["GET"]}}],"collection":[{"href":"https:\/\/folhadosudeste.com\/site\/index.php?rest_route=\/wp\/v2\/posts"}],"about":[{"href":"https:\/\/folhadosudeste.com\/site\/index.php?rest_route=\/wp\/v2\/types\/post"}],"author":[{"embeddable":true,"href":"https:\/\/folhadosudeste.com\/site\/index.php?rest_route=\/wp\/v2\/users\/6"}],"replies":[{"embeddable":true,"href":"https:\/\/folhadosudeste.com\/site\/index.php?rest_route=%2Fwp%2Fv2%2Fcomments&post=77261"}],"version-history":[{"count":1,"href":"https:\/\/folhadosudeste.com\/site\/index.php?rest_route=\/wp\/v2\/posts\/77261\/revisions"}],"predecessor-version":[{"id":77263,"href":"https:\/\/folhadosudeste.com\/site\/index.php?rest_route=\/wp\/v2\/posts\/77261\/revisions\/77263"}],"wp:attachment":[{"href":"https:\/\/folhadosudeste.com\/site\/index.php?rest_route=%2Fwp%2Fv2%2Fmedia&parent=77261"}],"wp:term":[{"taxonomy":"category","embeddable":true,"href":"https:\/\/folhadosudeste.com\/site\/index.php?rest_route=%2Fwp%2Fv2%2Fcategories&post=77261"},{"taxonomy":"post_tag","embeddable":true,"href":"https:\/\/folhadosudeste.com\/site\/index.php?rest_route=%2Fwp%2Fv2%2Ftags&post=77261"}],"curies":[{"name":"wp","href":"https:\/\/api.w.org\/{rel}","templated":true}]}}