{"id":77264,"date":"2021-09-09T11:25:23","date_gmt":"2021-09-09T11:25:23","guid":{"rendered":"http:\/\/folhadosudeste.com\/site\/?p=77264"},"modified":"2021-09-09T11:25:23","modified_gmt":"2021-09-09T11:25:23","slug":"inscricoes-abertas-para-cursos-gratuitos-de-barbeiro-garcom-e-informatica-em-muriae","status":"publish","type":"post","link":"https:\/\/folhadosudeste.com\/site\/?p=77264","title":{"rendered":"Inscri\u00e7\u00f5es abertas para cursos gratuitos de barbeiro, gar\u00e7om e inform\u00e1tica em Muria\u00e9"},"content":{"rendered":"<div class=\"adn ads\" data-message-id=\"#msg-f:1710368528612756941\" data-legacy-message-id=\"17bc731d66f88dcd\">\n<div class=\"gs\">\n<div class=\"\">\n<div id=\":2ba\" class=\"ii gt\">\n<div id=\":2b9\" class=\"a3s aiL \">\n<div><a href=\"http:\/\/folhadosudeste.com\/site\/wp-content\/uploads\/2021\/09\/cursos_gratuitos.jpg\"><img loading=\"lazy\" decoding=\"async\" class=\"alignnone  wp-image-77266\" src=\"http:\/\/folhadosudeste.com\/site\/wp-content\/uploads\/2021\/09\/cursos_gratuitos.jpg\" alt=\"\" width=\"788\" height=\"525\" srcset=\"https:\/\/folhadosudeste.com\/site\/wp-content\/uploads\/2021\/09\/cursos_gratuitos.jpg 600w, https:\/\/folhadosudeste.com\/site\/wp-content\/uploads\/2021\/09\/cursos_gratuitos-300x200.jpg 300w, https:\/\/folhadosudeste.com\/site\/wp-content\/uploads\/2021\/09\/cursos_gratuitos-120x80.jpg 120w, https:\/\/folhadosudeste.com\/site\/wp-content\/uploads\/2021\/09\/cursos_gratuitos-345x230.jpg 345w\" sizes=\"auto, (max-width: 788px) 100vw, 788px\" \/><\/a><\/div>\n<div>\n<div style=\"text-align: justify;\">A Prefeitura de Muria\u00e9 est\u00e1 com inscri\u00e7\u00f5es abertas para mais cursos de capacita\u00e7\u00e3o profissional gratuitos.<\/div>\n<div style=\"text-align: justify;\">&nbsp;<\/div>\n<div style=\"text-align: justify;\">As oportunidades s\u00e3o para quem deseja atuar como barbeiro profissional ou gar\u00e7om. Tamb\u00e9m est\u00e3o dispon\u00edveis cursos de inform\u00e1tica b\u00e1sica e avan\u00e7ada.<\/div>\n<div style=\"text-align: justify;\">&nbsp;<\/div>\n<div style=\"text-align: justify;\">As inscri\u00e7\u00f5es podem ser feitas at\u00e9 o dia 15 de setembro, no Centro de Treinamento Profissional de Muria\u00e9, que funciona na sede da Uaitec. A institui\u00e7\u00e3o fica situada \u00e0 rua Itagiba de Oliveira, 410, na Barra, pr\u00f3ximo \u00e0 pra\u00e7a da UPA.<\/div>\n<div style=\"text-align: justify;\">&nbsp;<\/div>\n<div style=\"text-align: justify;\">Para participar, \u00e9 necess\u00e1rio apreentar documento de identidade, CPF, comprovante de resid\u00eancia em Muria\u00e9 e Cadastro \u00danico \/ N\u00famero de Inscri\u00e7\u00e3o Social.<\/div>\n<\/div>\n<\/div>\n<\/div>\n<\/div>\n<\/div>\n<\/div>\n<p style=\"text-align: justify;\"><!--more--><\/p>\n<div id=\":2b9\" class=\"a3s aiL \" style=\"text-align: justify;\">\n<div>\n<div>\n<div>\n<div>&nbsp;<\/div>\n<div>Mais informa\u00e7\u00f5es podem ser obtidas pelo telefone (32) 3721-0993 ou email&nbsp;<a href=\"mailto:muriae@uaitec.mg.gov.br\" target=\"_blank\" rel=\"noopener\">muriae@uaitec.mg.gov.br<\/a>.<\/div>\n<div>&nbsp;<\/div>\n<div>Os cursos gratuitos de capacita\u00e7\u00e3o profissional s\u00e3o desenvolvidos pela parceria entre as secretarias municipais de Desenvolvimento Econ\u00f4mico (atrav\u00e9s da Uaitec) e Desenvolvimento Social (atrav\u00e9s do programa Acessuas Trabalho).&nbsp;<\/div>\n<div>&nbsp;<\/div>\n<div>A iniciativa tem o objetivo de oferecer oportunidades aos muriaeenses e promover a gera\u00e7\u00e3o de emprego e renda, levando em considera\u00e7\u00e3o principalmente o momento de retomada das atividades econ\u00f4micas.<\/div>\n<\/div>\n<\/div>\n<\/div>\n<\/div>\n<div class=\"yj6qo\" style=\"text-align: justify;\">&nbsp;<\/div>\n<div class=\"yj6qo\" style=\"text-align: justify;\">&nbsp;<\/div>\n<div class=\"gA gt acV\">\n<div class=\"gB xu\">\n<div class=\"ip iq\" style=\"text-align: justify;\">&nbsp;<\/div>\n<\/div>\n<\/div>\n","protected":false},"excerpt":{"rendered":"<p>A Prefeitura de Muria\u00e9 est\u00e1 com inscri\u00e7\u00f5es abertas para mais cursos de capacita\u00e7\u00e3o profissional gratuitos. &nbsp; As oportunidades s\u00e3o para quem deseja atuar como barbeiro profissional ou gar\u00e7om. Tamb\u00e9m est\u00e3o dispon\u00edveis cursos de inform\u00e1tica b\u00e1sica e avan\u00e7ada. &nbsp; As inscri\u00e7\u00f5es podem ser feitas at\u00e9 o dia 15 de setembro, no Centro de Treinamento Profissional de [&hellip;]<\/p>\n","protected":false},"author":6,"featured_media":0,"comment_status":"open","ping_status":"closed","sticky":false,"template":"","format":"standard","meta":{"_joinchat":[],"footnotes":""},"categories":[1],"tags":[],"class_list":["post-77264","post","type-post","status-publish","format-standard","hentry","category-sem-categoria"],"_links":{"self":[{"href":"https:\/\/folhadosudeste.com\/site\/index.php?rest_route=\/wp\/v2\/posts\/77264","targetHints":{"allow":["GET"]}}],"collection":[{"href":"https:\/\/folhadosudeste.com\/site\/index.php?rest_route=\/wp\/v2\/posts"}],"about":[{"href":"https:\/\/folhadosudeste.com\/site\/index.php?rest_route=\/wp\/v2\/types\/post"}],"author":[{"embeddable":true,"href":"https:\/\/folhadosudeste.com\/site\/index.php?rest_route=\/wp\/v2\/users\/6"}],"replies":[{"embeddable":true,"href":"https:\/\/folhadosudeste.com\/site\/index.php?rest_route=%2Fwp%2Fv2%2Fcomments&post=77264"}],"version-history":[{"count":1,"href":"https:\/\/folhadosudeste.com\/site\/index.php?rest_route=\/wp\/v2\/posts\/77264\/revisions"}],"predecessor-version":[{"id":77267,"href":"https:\/\/folhadosudeste.com\/site\/index.php?rest_route=\/wp\/v2\/posts\/77264\/revisions\/77267"}],"wp:attachment":[{"href":"https:\/\/folhadosudeste.com\/site\/index.php?rest_route=%2Fwp%2Fv2%2Fmedia&parent=77264"}],"wp:term":[{"taxonomy":"category","embeddable":true,"href":"https:\/\/folhadosudeste.com\/site\/index.php?rest_route=%2Fwp%2Fv2%2Fcategories&post=77264"},{"taxonomy":"post_tag","embeddable":true,"href":"https:\/\/folhadosudeste.com\/site\/index.php?rest_route=%2Fwp%2Fv2%2Ftags&post=77264"}],"curies":[{"name":"wp","href":"https:\/\/api.w.org\/{rel}","templated":true}]}}