{"id":77282,"date":"2021-09-09T12:08:02","date_gmt":"2021-09-09T12:08:02","guid":{"rendered":"http:\/\/folhadosudeste.com\/site\/?p=77282"},"modified":"2021-09-09T12:08:02","modified_gmt":"2021-09-09T12:08:02","slug":"energisa-minas-gerais-da-dicas-para-reducao-do-consumo-de-energia-eletrica","status":"publish","type":"post","link":"https:\/\/folhadosudeste.com\/site\/?p=77282","title":{"rendered":"Energisa Minas Gerais D\u00e1 Dicas Para Redu\u00e7\u00e3o Do Consumo De Energia El\u00e9trica"},"content":{"rendered":"<p><a href=\"http:\/\/folhadosudeste.com\/site\/wp-content\/uploads\/2021\/09\/image002-2.jpg\"><img loading=\"lazy\" decoding=\"async\" class=\"alignnone size-full wp-image-77283\" src=\"http:\/\/folhadosudeste.com\/site\/wp-content\/uploads\/2021\/09\/image002-2.jpg\" alt=\"\" width=\"790\" height=\"447\" srcset=\"https:\/\/folhadosudeste.com\/site\/wp-content\/uploads\/2021\/09\/image002-2.jpg 790w, https:\/\/folhadosudeste.com\/site\/wp-content\/uploads\/2021\/09\/image002-2-300x170.jpg 300w, https:\/\/folhadosudeste.com\/site\/wp-content\/uploads\/2021\/09\/image002-2-768x435.jpg 768w\" sizes=\"auto, (max-width: 790px) 100vw, 790px\" \/><\/a><\/p>\n<p style=\"text-align: justify;\">A Associa\u00e7\u00e3o Brasileira de Distribuidores de Energia El\u00e9trica (Abradee) deu in\u00edcio a uma grande campanha de conscientiza\u00e7\u00e3o focada na economia de energia. Com o nome \u2018<strong>Consumo Consciente J\u00e1<\/strong>\u2019, a iniciativa mostra ao consumidor alternativas e condutas que permitam o uso eficiente da energia el\u00e9trica. A mensagem \u00e9 clara: \u2018se desperdi\u00e7ar, vai faltar\u2019. Trata-se de uma a\u00e7\u00e3o conjunta entre o Minist\u00e9rio de Minas e Energia (MME), a Ag\u00eancia Nacional de Energia El\u00e9trica (Aneel) e a Abradee e se inicia no mesmo per\u00edodo em que o Governo Federal lan\u00e7ou o Programa de Incentivo \u00e0 Redu\u00e7\u00e3o Volunt\u00e1ria do consumo de energia para amenizar os efeitos da quest\u00e3o h\u00eddrica.<\/p>\n<p style=\"text-align: justify;\">\u201cNeste momento todos n\u00f3s devemos ter em mente a import\u00e2ncia da redu\u00e7\u00e3o do consumo de energia para evitar agravamentos futuros. Estamos todos empenhados, n\u00f3s da Energisa estamos sens\u00edveis ao momento e vamos estar lado a lado de nossos clientes com orienta\u00e7\u00f5es sobre formas de reduzir o consumo de energia. Praticar o consumo consciente e eficiente da energia passa por todos n\u00f3s, pela nossa fam\u00edlia e pelas atitudes que geram resultados\u201d, acredita Luciano Lima, gerente de Servi\u00e7os Comerciais da Energisa.<\/p>\n<p style=\"text-align: justify;\"><!--more--><\/p>\n<p style=\"text-align: justify;\">Por isso, podemos contribuir para economizar energia el\u00e9trica em cada c\u00f4modo de nossas casas apenas com simples mudan\u00e7as de h\u00e1bitos no dia a dia.<strong>&nbsp;Assim, deixamos aqui algumas dicas de economia de energia e consumo consciente:<\/strong><\/p>\n<p style=\"text-align: justify;\">\u2013 Passe roupa somente quando necess\u00e1rio (para o trabalho ou uma ocasi\u00e3o muito importante);<\/p>\n<p style=\"text-align: justify;\">\u2013 N\u00e3o passe roupas se ficar em casa ou em home office;<\/p>\n<p style=\"text-align: justify;\">\u2013 Evite banhos demorados. \u00c9 importante ter em mente que os banhos precisam ser r\u00e1pidos pois o chuveiro el\u00e9trico \u00e9 um dos grandes vil\u00f5es do consumo;<\/p>\n<p style=\"text-align: justify;\">\u2013 Estabele\u00e7a limite para crian\u00e7as usarem computadores ou videogames. Priorize computador apenas para estudo e videogame aos finais de semana;<\/p>\n<p style=\"text-align: justify;\">\u2013 Prefira l\u00e2mpadas de LED. Elas gastam menos energia;<\/p>\n<p style=\"text-align: justify;\">\u2013 Apague as l\u00e2mpadas que n\u00e3o estiver utilizando, exceto aquelas que contribuem para a sua seguran\u00e7a;<\/p>\n<p style=\"text-align: justify;\">\u2013 Pinte as paredes do teto com cores claras. Al\u00e9m de refletirem melhor a luz natural, reduzem o consumo de ilumina\u00e7\u00e3o artificial;<\/p>\n<p style=\"text-align: justify;\">\u2013 Em situa\u00e7\u00f5es de calor, utilize o ar-condicionado na temperatura 24\u00baC. Ela \u00e9 a ideal para ambientes;<\/p>\n<p style=\"text-align: justify;\">\u2013 Quem possui uma geladeira e um freezer em casa, \u00e9 recomendado desligar o freezer a usar apenas a geladeira;<\/p>\n<p style=\"text-align: justify;\">\u2013 Caso o celular j\u00e1 esteja 100% carregado, tire-o da tomada;<\/p>\n<p style=\"text-align: justify;\">\u2013 Utilize apenas uma TV ao inv\u00e9s de tr\u00eas aparelhos ligados de forma simult\u00e2nea;<\/p>\n<p style=\"text-align: justify;\">\u2013 Mantenha as janelas abertas e aproveite ao m\u00e1ximo a luz natural;<\/p>\n<p style=\"text-align: justify;\">\u2013 Procure lavar o m\u00e1ximo de roupas poss\u00edvel de uma s\u00f3 vez.<\/p>\n<p style=\"text-align: justify;\">Confira mais dicas em&nbsp;<strong><a href=\"http:\/\/www.energisa.com.br\/\" target=\"_blank\" rel=\"noopener\" data-saferedirecturl=\"https:\/\/www.google.com\/url?q=http:\/\/www.energisa.com.br&amp;source=gmail&amp;ust=1631234775684000&amp;usg=AFQjCNH2-qOjDayqdDRpsGz-u8abqQU1zw\">www.energisa.com.br<\/a><\/strong>&nbsp;e&nbsp;<strong><a href=\"http:\/\/www.consumoconscienteja.com.br\/\" target=\"_blank\" rel=\"noopener\" data-saferedirecturl=\"https:\/\/www.google.com\/url?q=http:\/\/www.consumoconscienteja.com.br&amp;source=gmail&amp;ust=1631234775684000&amp;usg=AFQjCNGMIQOKFFe8ueDGU9uESKtAMsalrA\">www.consumoconscienteja.com.br<\/a><\/strong><\/p>\n<p style=\"text-align: justify;\"><em><strong><a href=\"https:\/\/www.youtube.com\/watch?v=eR2TO28V3v4\" target=\"_blank\" rel=\"noopener\" data-saferedirecturl=\"https:\/\/www.google.com\/url?q=https:\/\/www.youtube.com\/watch?v%3DeR2TO28V3v4&amp;source=gmail&amp;ust=1631234775684000&amp;usg=AFQjCNHOiFsKyM0zSSD_2gazYlmxjAbkyw\">Aqui<\/a><\/strong><\/em>&nbsp;os clientes tamb\u00e9m podem assistir aos v\u00eddeos da campanha e ficar ligados nas dicas.<\/p>\n<p>Fonte: Portal Miradouro<\/p>\n<p style=\"text-align: justify;\">&nbsp;<\/p>\n","protected":false},"excerpt":{"rendered":"<p>A Associa\u00e7\u00e3o Brasileira de Distribuidores de Energia El\u00e9trica (Abradee) deu in\u00edcio a uma grande campanha de conscientiza\u00e7\u00e3o focada na economia de energia. Com o nome \u2018Consumo Consciente J\u00e1\u2019, a iniciativa mostra ao consumidor alternativas e condutas que permitam o uso eficiente da energia el\u00e9trica. A mensagem \u00e9 clara: \u2018se desperdi\u00e7ar, vai faltar\u2019. Trata-se de uma [&hellip;]<\/p>\n","protected":false},"author":6,"featured_media":0,"comment_status":"open","ping_status":"closed","sticky":false,"template":"","format":"standard","meta":{"_joinchat":[],"footnotes":""},"categories":[1],"tags":[],"class_list":["post-77282","post","type-post","status-publish","format-standard","hentry","category-sem-categoria"],"_links":{"self":[{"href":"https:\/\/folhadosudeste.com\/site\/index.php?rest_route=\/wp\/v2\/posts\/77282","targetHints":{"allow":["GET"]}}],"collection":[{"href":"https:\/\/folhadosudeste.com\/site\/index.php?rest_route=\/wp\/v2\/posts"}],"about":[{"href":"https:\/\/folhadosudeste.com\/site\/index.php?rest_route=\/wp\/v2\/types\/post"}],"author":[{"embeddable":true,"href":"https:\/\/folhadosudeste.com\/site\/index.php?rest_route=\/wp\/v2\/users\/6"}],"replies":[{"embeddable":true,"href":"https:\/\/folhadosudeste.com\/site\/index.php?rest_route=%2Fwp%2Fv2%2Fcomments&post=77282"}],"version-history":[{"count":1,"href":"https:\/\/folhadosudeste.com\/site\/index.php?rest_route=\/wp\/v2\/posts\/77282\/revisions"}],"predecessor-version":[{"id":77284,"href":"https:\/\/folhadosudeste.com\/site\/index.php?rest_route=\/wp\/v2\/posts\/77282\/revisions\/77284"}],"wp:attachment":[{"href":"https:\/\/folhadosudeste.com\/site\/index.php?rest_route=%2Fwp%2Fv2%2Fmedia&parent=77282"}],"wp:term":[{"taxonomy":"category","embeddable":true,"href":"https:\/\/folhadosudeste.com\/site\/index.php?rest_route=%2Fwp%2Fv2%2Fcategories&post=77282"},{"taxonomy":"post_tag","embeddable":true,"href":"https:\/\/folhadosudeste.com\/site\/index.php?rest_route=%2Fwp%2Fv2%2Ftags&post=77282"}],"curies":[{"name":"wp","href":"https:\/\/api.w.org\/{rel}","templated":true}]}}