{"id":77286,"date":"2021-09-09T12:11:00","date_gmt":"2021-09-09T12:11:00","guid":{"rendered":"http:\/\/folhadosudeste.com\/site\/?p=77286"},"modified":"2021-09-09T12:11:00","modified_gmt":"2021-09-09T12:11:00","slug":"operadora-de-caixa-de-supermercado-de-muriae-que-foi-agredida-por-cliente-sera-indenizada-por-dano-moral","status":"publish","type":"post","link":"https:\/\/folhadosudeste.com\/site\/?p=77286","title":{"rendered":"Operadora De Caixa De Supermercado De Muria\u00e9 Que Foi Agredida Por Cliente Ser\u00e1 Indenizada Por Dano Moral"},"content":{"rendered":"<p style=\"text-align: justify;\">Uma operadora de caixa de um supermercado da regi\u00e3o de Muria\u00e9, na Zona da Mata mineira, receber\u00e1 indeniza\u00e7\u00e3o por danos morais ap\u00f3s ter sido agredida por uma cliente dentro da unidade em que trabalhava. Ao detectar erro no cupom de registro das mercadorias, a cliente agrediu verbalmente a trabalhadora e atirou alguns produtos que estavam sobre o balc\u00e3o na dire\u00e7\u00e3o dela, na presen\u00e7a de seguran\u00e7as e supervisores. Para o juiz da Vara de Trabalho de Muria\u00e9, Marcelo Paes Menezes, que julgou o caso, a agress\u00e3o sofrida no local de trabalho repercutiu, sem d\u00favida, negativamente no estado psicof\u00edsico da autora, causando-lhe preju\u00edzos emocionais de toda ordem, circunst\u00e2ncia que atrai a obriga\u00e7\u00e3o de compensar o dano moral.<\/p>\n<p style=\"text-align: justify;\">Em sua defesa, o supermercado negou a ocorr\u00eancia dos fatos. Alegou que prestou toda assist\u00eancia \u00e0 colaboradora ap\u00f3s a comunica\u00e7\u00e3o do ocorrido. Informou que a fiscal de caixa retirou a trabalhadora de seu posto e a levou para a sala da ger\u00eancia, onde, segundo a empresa, ela foi amparada pelo gerente. \u201cEle ofereceu \u00e1gua \u00e0 trabalhadora e determinou que ela parasse suas atividades por duas horas, para se acalmar\u201d, alegou a defesa.<\/p>\n<p><!--more--><\/p>\n<p style=\"text-align: justify;\">Por\u00e9m, na vis\u00e3o do julgador, a defesa do supermercado, em diversas oportunidades, imputou \u00e0 autora a responsabilidade pela agress\u00e3o praticada contra ela. Segundo o juiz, o supermercado afirmou que \u201ca rea\u00e7\u00e3o desproporcional da cliente demonstra o comportamento da reclamante da a\u00e7\u00e3o trabalhista no desempenho de suas fun\u00e7\u00f5es\u201d.<\/p>\n<p style=\"text-align: justify;\">O magistrado destacou, ainda, o seguinte trecho da contesta\u00e7\u00e3o: \u201ca cliente ficou insatisfeita porque, ap\u00f3s a sua compra estar embalada e fechada, conferiu o cupom de compra e detectou v\u00e1rios erros no registro das mercadorias\u201d. Para o juiz, \u201co empregador tenta minimizar a atitude violenta narrada, de modo a justificar a a\u00e7\u00e3o da cliente, como se fosse uma esp\u00e9cie de \u2018castigo\u2019 aplicado \u00e0 autora por erros t\u00e9cnicos no exerc\u00edcio da fun\u00e7\u00e3o\u201d. Segundo o juiz Marcelo Paes Menezes, \u201cisso \u00e9 inadmiss\u00edvel\u201d.<\/p>\n<p style=\"text-align: justify;\">Processo&nbsp;<\/p>\n<ul style=\"text-align: justify;\">\n<li>PJe: 0010796-36.2020.5.03.0068<\/li>\n<\/ul>\n<p style=\"text-align: justify;\">Fonte: TRT 3\u00aa REGI\u00c3O | Secretaria de Comunica\u00e7\u00e3o Social<\/p>\n","protected":false},"excerpt":{"rendered":"<p>Uma operadora de caixa de um supermercado da regi\u00e3o de Muria\u00e9, na Zona da Mata mineira, receber\u00e1 indeniza\u00e7\u00e3o por danos morais ap\u00f3s ter sido agredida por uma cliente dentro da unidade em que trabalhava. Ao detectar erro no cupom de registro das mercadorias, a cliente agrediu verbalmente a trabalhadora e atirou alguns produtos que estavam [&hellip;]<\/p>\n","protected":false},"author":6,"featured_media":0,"comment_status":"open","ping_status":"closed","sticky":false,"template":"","format":"standard","meta":{"_joinchat":[],"footnotes":""},"categories":[1],"tags":[],"class_list":["post-77286","post","type-post","status-publish","format-standard","hentry","category-sem-categoria"],"_links":{"self":[{"href":"https:\/\/folhadosudeste.com\/site\/index.php?rest_route=\/wp\/v2\/posts\/77286","targetHints":{"allow":["GET"]}}],"collection":[{"href":"https:\/\/folhadosudeste.com\/site\/index.php?rest_route=\/wp\/v2\/posts"}],"about":[{"href":"https:\/\/folhadosudeste.com\/site\/index.php?rest_route=\/wp\/v2\/types\/post"}],"author":[{"embeddable":true,"href":"https:\/\/folhadosudeste.com\/site\/index.php?rest_route=\/wp\/v2\/users\/6"}],"replies":[{"embeddable":true,"href":"https:\/\/folhadosudeste.com\/site\/index.php?rest_route=%2Fwp%2Fv2%2Fcomments&post=77286"}],"version-history":[{"count":1,"href":"https:\/\/folhadosudeste.com\/site\/index.php?rest_route=\/wp\/v2\/posts\/77286\/revisions"}],"predecessor-version":[{"id":77287,"href":"https:\/\/folhadosudeste.com\/site\/index.php?rest_route=\/wp\/v2\/posts\/77286\/revisions\/77287"}],"wp:attachment":[{"href":"https:\/\/folhadosudeste.com\/site\/index.php?rest_route=%2Fwp%2Fv2%2Fmedia&parent=77286"}],"wp:term":[{"taxonomy":"category","embeddable":true,"href":"https:\/\/folhadosudeste.com\/site\/index.php?rest_route=%2Fwp%2Fv2%2Fcategories&post=77286"},{"taxonomy":"post_tag","embeddable":true,"href":"https:\/\/folhadosudeste.com\/site\/index.php?rest_route=%2Fwp%2Fv2%2Ftags&post=77286"}],"curies":[{"name":"wp","href":"https:\/\/api.w.org\/{rel}","templated":true}]}}